{"id":697914,"date":"2026-01-29T18:45:10","date_gmt":"2026-01-29T18:45:10","guid":{"rendered":"https:\/\/www.europesays.com\/fr\/697914\/"},"modified":"2026-01-29T18:45:10","modified_gmt":"2026-01-29T18:45:10","slug":"municipales-2026-a-montpellier-rien-dofficiel-mais-un-soutien-indirect-de-nouvelle-energie-a-isabelle-perrein","status":"publish","type":"post","link":"https:\/\/www.europesays.com\/fr\/697914\/","title":{"rendered":"Municipales 2026 \u00e0 Montpellier\u00a0: rien d\u2019officiel, mais un soutien indirect de Nouvelle \u00e9nergie \u00e0 Isabelle Perrein"},"content":{"rendered":"<p>\n                                                                Nouvelle \u00e9nergie, le mouvement de David Lisnard, ne soutiendra pas officiellement Isabelle Perrein lors des prochaines municipales \u00e0 Montpellier. Mais il confirme Philippe Thin\u00e8s, engag\u00e9 dans la campagne aux c\u00f4t\u00e9s de la candidate, comme son repr\u00e9sentant local.\n                            <\/p>\n<p>Sans surprise, Philippe Thin\u00e8s a \u00e9t\u00e9 d\u00e9sign\u00e9 chef de file de Nouvelle \u00e9nergie pour la France, le mouvement de David Lisnard, afin de \u00ab\u00a0conduire les discussions relatives aux \u00e9lections municipales\u00a0\u00bb \u00e0 Montpellier.<\/p>\n<p>Plus surprenant, cette d\u00e9signation ne se traduira pas par un soutien du mouvement \u00e0 la candidature d\u2019Isabelle Perrein.<\/p>\n<p>Pas de soutien officiel<\/p>\n<p>Philippe Thines, ancien pr\u00e9sident du Parti radical de gauche de l\u2019H\u00e9rault, puis adjoint sous la mandature d\u2019H\u00e9l\u00e8ne Mandroux et enfin colistier de Mohed Altrad en 2020, a pourtant \u00e9t\u00e9 l\u2019un des premiers compagnons de route de la candidate.<\/p>\n<p>\u00ab\u00a0Cette d\u00e9signation me donne toute l\u00e9gitimit\u00e9 \u00e0 m\u2019engager dans cette campagne aux c\u00f4t\u00e9s d\u2019Isabelle Perrein, mais il n\u2019y a pas de soutien officiel de Nouvelle \u00e9nergie. Pas de logo. Logique, puisque la candidature d\u2019Isabelle Perrein est sans \u00e9tiquette\u00a0\u00bb, pr\u00e9cise le principal int\u00e9ress\u00e9.<\/p>\n","protected":false},"excerpt":{"rendered":"Nouvelle \u00e9nergie, le mouvement de David Lisnard, ne soutiendra pas officiellement Isabelle Perrein lors des prochaines municipales \u00e0&hellip;\n","protected":false},"author":2,"featured_media":697915,"comment_status":"","ping_status":"","sticky":false,"template":"","format":"standard","meta":{"footnotes":""},"categories":[9599],"tags":[1111,11,5949,1777,674,1011,27,7089,2208,3554,12,2680,316,25],"class_list":{"0":"post-697914","1":"post","2":"type-post","3":"status-publish","4":"format-standard","5":"has-post-thumbnail","7":"category-montpellier","8":"tag-actu","9":"tag-actualites","10":"tag-elections","11":"tag-eu","12":"tag-europe","13":"tag-fr","14":"tag-france","15":"tag-herault","16":"tag-montpellier","17":"tag-municipales","18":"tag-news","19":"tag-occitanie","20":"tag-politique","21":"tag-republique-francaise"},"share_on_mastodon":{"url":"https:\/\/pubeurope.com\/@fr\/115979873451615479","error":""},"_links":{"self":[{"href":"https:\/\/www.europesays.com\/fr\/wp-json\/wp\/v2\/posts\/697914","targetHints":{"allow":["GET"]}}],"collection":[{"href":"https:\/\/www.europesays.com\/fr\/wp-json\/wp\/v2\/posts"}],"about":[{"href":"https:\/\/www.europesays.com\/fr\/wp-json\/wp\/v2\/types\/post"}],"author":[{"embeddable":true,"href":"https:\/\/www.europesays.com\/fr\/wp-json\/wp\/v2\/users\/2"}],"replies":[{"embeddable":true,"href":"https:\/\/www.europesays.com\/fr\/wp-json\/wp\/v2\/comments?post=697914"}],"version-history":[{"count":0,"href":"https:\/\/www.europesays.com\/fr\/wp-json\/wp\/v2\/posts\/697914\/revisions"}],"wp:featuredmedia":[{"embeddable":true,"href":"https:\/\/www.europesays.com\/fr\/wp-json\/wp\/v2\/media\/697915"}],"wp:attachment":[{"href":"https:\/\/www.europesays.com\/fr\/wp-json\/wp\/v2\/media?parent=697914"}],"wp:term":[{"taxonomy":"category","embeddable":true,"href":"https:\/\/www.europesays.com\/fr\/wp-json\/wp\/v2\/categories?post=697914"},{"taxonomy":"post_tag","embeddable":true,"href":"https:\/\/www.europesays.com\/fr\/wp-json\/wp\/v2\/tags?post=697914"}],"curies":[{"name":"wp","href":"https:\/\/api.w.org\/{rel}","templated":true}]}}