{"id":697938,"date":"2026-01-29T18:57:20","date_gmt":"2026-01-29T18:57:20","guid":{"rendered":"https:\/\/www.europesays.com\/fr\/697938\/"},"modified":"2026-01-29T18:57:20","modified_gmt":"2026-01-29T18:57:20","slug":"une-chienne-de-14-kilos-sauvee-pres-de-nantes","status":"publish","type":"post","link":"https:\/\/www.europesays.com\/fr\/697938\/","title":{"rendered":"une chienne de 14 kilos sauv\u00e9e pr\u00e8s de Nantes"},"content":{"rendered":"<p>                    Par<br \/>\n        <strong><br \/>\n            <a href=\"https:\/\/actu.fr\/auteur\/laure-gentil\" title=\"Consulter tous les articles de Laure Gentil\" target=\"_blank\" rel=\"noopener\">Laure Gentil<\/a><br \/>\n                    <\/strong><\/p>\n<p>        Publi\u00e9 le<\/p>\n<p>            29 janv. 2026 \u00e0 17h52        <\/p>\n<p>Elle n\u2019avait que la peau sur les os lorsque <b><a href=\"https:\/\/www.facebook.com\/UrgenceMaltraitanceAnimale\" target=\"_blank\" rel=\"noopener\">Urgence Maltraitance Animale<\/a>,<\/b> la police municipale et la gendarmerie de <b>Sainte-Luce-sur-Loire<\/b> sont venues la secourir. <b>Radja<\/b>, berger malinois de 13 ans, a \u00e9t\u00e9 retrouv\u00e9e compl\u00e8tement \u00ab\u00a0d\u00e9nutrie\u00a0\u00bb et a \u00e9t\u00e9 plac\u00e9e dans une famille d\u2019accueil. Elle <b>ne p\u00e8se que 14 kilos<\/b>. Pour rappel, un berger malinois adulte (femelle) p\u00e8se normalement entre <b>20 et 25 kilos<\/b>.<\/p>\n<p>Aper\u00e7ue dans le jardin<\/p>\n<p class=\" wall-content\">Radja a \u00e9t\u00e9 aper\u00e7ue alors qu\u2019elle \u00e9tait dans le jardin de son propri\u00e9taire, ce<b> mardi 27 janvier<\/b>. Le t\u00e9moin, choqu\u00e9 de l\u2019apparence amaigrie de l\u2019animal, a d\u00e9cid\u00e9 d\u2019alerter UMA et a envoy\u00e9 une photo. \u00ab\u00a0On a vu l\u2019\u00e9tat de la chienne et on a r\u00e9agi tout de suite\u00a0\u00bb, raconte une membre de l\u2019association. Accompagn\u00e9s de la police municipale et des gendarmes, les b\u00e9n\u00e9voles de l\u2019association ont proc\u00e9d\u00e9 au retrait de Radja ce mercredi.\u00a0<\/p>\n<p class=\" wall-content\">Le propri\u00e9taire \u00ab\u00a0d\u2019\u00e2ge moyen\u00a0\u00bb \u00e9tait \u00ab\u00a0dans le d\u00e9ni, pr\u00e9textant un probl\u00e8me d\u2019alimentation, qu\u2019elle (Radja N.D.L.R.) avait du mal \u00e0 manger\u00a0\u00bb, indique UMA. Des pr\u00e9textes selon l\u2019association. Lorsque les b\u00e9n\u00e9voles sont revenus mardi apr\u00e8s-midi, apr\u00e8s la visite le matin, \u00ab\u00a0pour constater et \u00e9changer de nouveau\u00a0\u00bb avec le propri\u00e9taire de Radja, \u00ab\u00a0l\u00e0 encore le discours \u00e9tait incoh\u00e9rent\u00a0\u00bb, assure la repr\u00e9sentante d\u2019UMA.\u00a0<\/p>\n<blockquote class=\"ac-article-quote wall-content\">\n<p>\u00a0Il y avait un sac de croquettes qui \u00e9tait l\u00e0, qui \u00e9tait tout ouvert. Il n\u2019\u00e9tait pas entam\u00e9. Donc, la b\u00e9n\u00e9vole a demand\u00e9 \u00e0 ce que monsieur donne des croquettes \u00e0 la chienne, elle lui en a tendu aussi et la chienne a saut\u00e9 dessus. Manifestement, elle avait tr\u00e8s, tr\u00e8s faim.<\/p>\n<p>UMA<\/p><\/blockquote>\n<p class=\" wall-content\">Les r\u00e9sultats v\u00e9t\u00e9rinaires n\u2019ont laiss\u00e9 de place \u00e0 aucun doute : <b>Radja est d\u00e9nutrie.<\/b> \u00ab\u00a0Litt\u00e9ralement, il l\u2019a laiss\u00e9e crever de faim\u00a0\u00bb, d\u00e9nonce notre source chez UMA. \u00ab\u00a0La chienne \u00e9tait chancelante, elle avait beaucoup de mal \u00e0 se d\u00e9placer.\u00a0\u00bb<\/p>\n<p class=\" wall-content\"><b>Urgence Maltraitance Animale a port\u00e9 plainte.<\/b><\/p>\n<p>    <img   decoding=\"async\" loading=\"lazy\" class=\"size-large\" src=\"https:\/\/www.europesays.com\/fr\/wp-content\/uploads\/2026\/01\/4fa1c4042b796dfa1c4042b79a3b1cv-960x640.jpg\" alt=\"La chienne, \u00e2g\u00e9e de 13 ans, n'avait que la peau sur les os lorsque l'association et les gendarmes sont venus la chercher.\" width=\"960\" height=\"640\"\/><br \/>\n    La chienne, \u00e2g\u00e9e de 13 ans, n\u2019avait que la peau sur les os lorsque l\u2019association et les gendarmes sont venus la chercher. \u00a9UMA \/ transmis \u00e0 actu Nantes<\/p>\n<p>Votre r\u00e9gion, votre actu !<\/p>\n<p>Recevez chaque jour les infos qui comptent pour vous.<\/p>\n<p>\t<a href=\"https:\/\/actu.fr\/newsletter\" class=\"ac-btn ac-btn--corner ac-btn--medium ac-btn--blue800\" target=\"_blank\" rel=\"noopener\">S&rsquo;incrire<\/a><br \/>\nPlusieurs mois avant une adoption\u00a0<\/p>\n<p class=\" wall-content\">Radja ne pourra pas \u00eatre adopt\u00e9e tout de suite. Elle doit d\u2019abord reprendre du poids. \u00ab\u00a0On la r\u00e9alimente, tr\u00e8s, tr\u00e8s lentement\u00a0\u00bb, explique l\u2019association. \u00ab\u00a0Il faut r\u00e9habituer le corps.\u00a0\u00bb UMA pr\u00e9cise donc que Radja ne sera pas adoptable avant environ deux mois.\u00a0<\/p>\n<p class=\" wall-content\">\u00ab\u00a0Nous remercions l\u2019investissement de la gendarmerie et de la police municipale\u00a0\u00bb, tient \u00e0 pr\u00e9ciser une repr\u00e9sentante de l\u2019UMA. L\u2019association de d\u00e9fense des animaux recherche des b\u00e9n\u00e9voles et informe les habitants qu\u2019en cas de signalement, il est n\u00e9cessaire d\u2019envoyer une photo de l\u2019animal pour \u00e9valuer son \u00e9tat. \u00ab\u00a0Sans photo, on serait peut-\u00eatre venus que dans quinze jours et la chienne serait morte entretemps.\u00a0\u00bb<\/p>\n<p>Pour contacter Urgence Maltraitance Animale : <a href=\"https:\/\/actu.fr\/cdn-cgi\/l\/email-protection\" class=\"__cf_email__\" data-cfemail=\"fa9995948e9b998eba8f889d9f94999f979b968e889b938e9b94999f9b9493979b969fd49c88\" target=\"_blank\" rel=\"noopener\">[email\u00a0protected]<\/a><\/p>\n<p class=\" wall-content\">Personnalisez votre actualit\u00e9 en ajoutant vos villes et m\u00e9dias en favori avec <a href=\"https:\/\/moncompte.actu.fr\" title=\"D\u00e9couvez Mon Actu\" rel=\"nofollow noopener\" data-trk=\"{&quot;cta&quot;:{&quot;action&quot;:&quot;https:\\\/\\\/moncompte.actu.fr&quot;,&quot;category&quot;:&quot;mon compte&quot;,&quot;from&quot;:&quot;article footer&quot;,&quot;name&quot;:&quot;Mon actu&quot;,&quot;type&quot;:&quot;cta&quot;}}\" target=\"_blank\">Mon Actu<\/a>.<\/p>\n","protected":false},"excerpt":{"rendered":"Par Laure Gentil Publi\u00e9 le 29 janv. 2026 \u00e0 17h52 Elle n\u2019avait que la peau sur les os&hellip;\n","protected":false},"author":2,"featured_media":697939,"comment_status":"","ping_status":"","sticky":false,"template":"","format":"standard","meta":{"footnotes":""},"categories":[2818],"tags":[1111,11,4850,1777,674,118,1011,27,6795,766,12,2636,25],"class_list":{"0":"post-697938","1":"post","2":"type-post","3":"status-publish","4":"format-standard","5":"has-post-thumbnail","7":"category-nantes","8":"tag-actu","9":"tag-actualites","10":"tag-chien","11":"tag-eu","12":"tag-europe","13":"tag-faits-divers","14":"tag-fr","15":"tag-france","16":"tag-maltraitance-animale","17":"tag-nantes","18":"tag-news","19":"tag-pays-de-la-loire","20":"tag-republique-francaise"},"share_on_mastodon":{"url":"https:\/\/pubeurope.com\/@fr\/115979920711192943","error":""},"_links":{"self":[{"href":"https:\/\/www.europesays.com\/fr\/wp-json\/wp\/v2\/posts\/697938","targetHints":{"allow":["GET"]}}],"collection":[{"href":"https:\/\/www.europesays.com\/fr\/wp-json\/wp\/v2\/posts"}],"about":[{"href":"https:\/\/www.europesays.com\/fr\/wp-json\/wp\/v2\/types\/post"}],"author":[{"embeddable":true,"href":"https:\/\/www.europesays.com\/fr\/wp-json\/wp\/v2\/users\/2"}],"replies":[{"embeddable":true,"href":"https:\/\/www.europesays.com\/fr\/wp-json\/wp\/v2\/comments?post=697938"}],"version-history":[{"count":0,"href":"https:\/\/www.europesays.com\/fr\/wp-json\/wp\/v2\/posts\/697938\/revisions"}],"wp:featuredmedia":[{"embeddable":true,"href":"https:\/\/www.europesays.com\/fr\/wp-json\/wp\/v2\/media\/697939"}],"wp:attachment":[{"href":"https:\/\/www.europesays.com\/fr\/wp-json\/wp\/v2\/media?parent=697938"}],"wp:term":[{"taxonomy":"category","embeddable":true,"href":"https:\/\/www.europesays.com\/fr\/wp-json\/wp\/v2\/categories?post=697938"},{"taxonomy":"post_tag","embeddable":true,"href":"https:\/\/www.europesays.com\/fr\/wp-json\/wp\/v2\/tags?post=697938"}],"curies":[{"name":"wp","href":"https:\/\/api.w.org\/{rel}","templated":true}]}}