{"id":697954,"date":"2026-01-29T19:07:10","date_gmt":"2026-01-29T19:07:10","guid":{"rendered":"https:\/\/www.europesays.com\/fr\/697954\/"},"modified":"2026-01-29T19:07:10","modified_gmt":"2026-01-29T19:07:10","slug":"de-zerbi-est-en-grand-danger-a-marseille-avec-fabrice-hawkins-29-01","status":"publish","type":"post","link":"https:\/\/www.europesays.com\/fr\/697954\/","title":{"rendered":"De Zerbi est en grand danger \u00e0 Marseille, avec Fabrice Hawkins \u2013 29\/01"},"content":{"rendered":"<p>Un supporter interpelle directement un membre de la Dream Team.<\/p>\n<p>J\u00e9r\u00f4me Rothen se chauffe contre un autre consultant, un \u00e9ditorialiste ou un acteur du foot.<\/p>\n<p>J\u00e9r\u00f4me Rothen se chauffe contre un autre consultant, un \u00e9ditorialiste ou un acteur du foot.<\/p>\n<p>J\u00e9r\u00f4me Rothen se chauffe contre un autre consultant, un \u00e9ditorialiste ou un acteur du foot.<\/p>\n<p>J\u00e9r\u00f4me Rothen se chauffe contre un autre consultant, un \u00e9ditorialiste ou un acteur du foot.<\/p>\n<p>La premi\u00e8re heure en int\u00e9gralit\u00e9 de l&rsquo;\u00e9mission \u00ab Rothen s\u2019enflamme \u00bb, le rendez-vous qui vous plonge dans un vestiaire de foot. Tous les soirs, des anciens joueurs professionnels analysent et d\u00e9battent autour de l\u2019actualit\u00e9 du foot. J\u00e9r\u00f4me Rothen anime des d\u00e9bats enflamm\u00e9s avec sa Dream Team compos\u00e9e de Christophe Dugarry, Emmanuel Petit, Jean-Michel Larqu\u00e9, Eric di Meco, Pascal Olmeta, J\u00e9r\u00e9my Menez et deux recrues : Andy Delort et Steve Savidan. Julien Cazarre propose son journal du foot : Le Cazarre enchain\u00e9 ainsi qu\u2019un quizz Rothen contre le reste du monde.<\/p>\n<p>\u00ab Rothen s\u2019enflamme \u00bb, le rendez-vous qui vous plonge dans un vestiaire de foot. Tous les soirs, des anciens joueurs professionnels analysent et d\u00e9battent autour de l\u2019actualit\u00e9 du foot. J\u00e9r\u00f4me Rothen anime des d\u00e9bats enflamm\u00e9s avec sa Dream Team compos\u00e9e de Christophe Dugarry, Emmanuel Petit, Jean-Michel Larqu\u00e9, Eric di Meco, Pascal Olmeta, Steve Savidan et deux recrues : le ballon d&rsquo;Or Jean-Pierre Papin et Benoit Costil. Et une nouveaut\u00e9 cette saison : Allo J\u00e9r\u00f4me. Tous les joueurs \u00e0 18h45, un membre du monde du football (entra\u00eeneur, ancien joueur, consultant, supporter) vient se confronter \u00e0 la Dream Team. Cette ann\u00e9e, retrouvez \u00e9galement un nouveau quiz : Tous contre Rothen incarn\u00e9 par Louis Gerbier.<\/p>\n<p>Un acteur du monde du foot est l&rsquo;accus\u00e9 du soir. Il est ensuite d\u00e9fendu avant le verdict du juge.<\/p>\n<p>Un acteur du monde du foot est l&rsquo;accus\u00e9 du soir. Il est ensuite d\u00e9fendu avant le verdict du juge.<\/p>\n","protected":false},"excerpt":{"rendered":"Un supporter interpelle directement un membre de la Dream Team. J\u00e9r\u00f4me Rothen se chauffe contre un autre consultant,&hellip;\n","protected":false},"author":2,"featured_media":697955,"comment_status":"","ping_status":"","sticky":false,"template":"","format":"standard","meta":{"footnotes":""},"categories":[2814],"tags":[1111,11,1777,674,1011,27,884,12,882,25],"class_list":{"0":"post-697954","1":"post","2":"type-post","3":"status-publish","4":"format-standard","5":"has-post-thumbnail","7":"category-marseille","8":"tag-actu","9":"tag-actualites","10":"tag-eu","11":"tag-europe","12":"tag-fr","13":"tag-france","14":"tag-marseille","15":"tag-news","16":"tag-provence-alpes-cote-dazur","17":"tag-republique-francaise"},"share_on_mastodon":{"url":"https:\/\/pubeurope.com\/@fr\/115979959890877375","error":""},"_links":{"self":[{"href":"https:\/\/www.europesays.com\/fr\/wp-json\/wp\/v2\/posts\/697954","targetHints":{"allow":["GET"]}}],"collection":[{"href":"https:\/\/www.europesays.com\/fr\/wp-json\/wp\/v2\/posts"}],"about":[{"href":"https:\/\/www.europesays.com\/fr\/wp-json\/wp\/v2\/types\/post"}],"author":[{"embeddable":true,"href":"https:\/\/www.europesays.com\/fr\/wp-json\/wp\/v2\/users\/2"}],"replies":[{"embeddable":true,"href":"https:\/\/www.europesays.com\/fr\/wp-json\/wp\/v2\/comments?post=697954"}],"version-history":[{"count":0,"href":"https:\/\/www.europesays.com\/fr\/wp-json\/wp\/v2\/posts\/697954\/revisions"}],"wp:featuredmedia":[{"embeddable":true,"href":"https:\/\/www.europesays.com\/fr\/wp-json\/wp\/v2\/media\/697955"}],"wp:attachment":[{"href":"https:\/\/www.europesays.com\/fr\/wp-json\/wp\/v2\/media?parent=697954"}],"wp:term":[{"taxonomy":"category","embeddable":true,"href":"https:\/\/www.europesays.com\/fr\/wp-json\/wp\/v2\/categories?post=697954"},{"taxonomy":"post_tag","embeddable":true,"href":"https:\/\/www.europesays.com\/fr\/wp-json\/wp\/v2\/tags?post=697954"}],"curies":[{"name":"wp","href":"https:\/\/api.w.org\/{rel}","templated":true}]}}