{"id":697962,"date":"2026-01-29T19:12:10","date_gmt":"2026-01-29T19:12:10","guid":{"rendered":"https:\/\/www.europesays.com\/fr\/697962\/"},"modified":"2026-01-29T19:12:10","modified_gmt":"2026-01-29T19:12:10","slug":"550-tatoueurs-expositions-concerts-de-rock-le-mondial-du-tatouage-sinstalle-a-paris-ce-week-end","status":"publish","type":"post","link":"https:\/\/www.europesays.com\/fr\/697962\/","title":{"rendered":"550 tatoueurs, expositions, concerts de rock\u2026 Le Mondial du Tatouage s\u2019installe \u00e0 Paris ce week-end"},"content":{"rendered":"<p>                    Par<br \/>\n        <strong><br \/>\n            <a href=\"https:\/\/actu.fr\/auteur\/redaction-paris\" title=\"Consulter tous les articles de R\u00e9daction Paris\" target=\"_blank\" rel=\"noopener\">R\u00e9daction Paris<\/a><br \/>\n                    <\/strong><\/p>\n<p>        Publi\u00e9 le<\/p>\n<p>            29 janv. 2026 \u00e0 18h32        <\/p>\n<p>Le <strong>Mondial du Tatouage<\/strong> est de retour. Pour cette \u00e9dition 2026, le salon prend place \u00e0 la Grande halle de La Villette, dans le 19\u1d49 arrondissement de <a href=\"https:\/\/actu.fr\/paris\/dernieres-actus\" target=\"_blank\" rel=\"noopener\">Paris<\/a>. Activit\u00e9s, tatoueurs, prix\u2026 actu fait le point.<\/p>\n<p class=\" wall-content\">Ce \u00ab\u00a0rendez-vous international incontournable du 10\u1d49 art\u00a0\u00bb se d\u00e9roule sur trois jours, du vendredi 30 janvier au dimanche 1er f\u00e9vrier 2026. Les organisateurs \u00e9voquent la pr\u00e9sence de <strong>550 tatoueurs<\/strong> venus de \u00ab\u00a0Tahiti \u00e0 Los Angeles, en passant par Tokyo ou Rio\u00a0\u00bb, pour \u00ab\u00a0offrir un panorama exceptionnel de styles, de techniques et d\u2019influences\u00a0\u00bb.<\/p>\n<p class=\" wall-content\"><a href=\"https:\/\/www.instagram.com\/p\/DNfSu4aoU08\/embed\" title=\"Ouvrir le lien sur Instagram\" target=\"_blank\" rel=\"noopener\">Visualiser le contenu sur Instagram<\/a><\/p>\n<p class=\" wall-content\">Au programme de ces quelques jours : neuf concours de tatouage, un <strong>tattoo market<\/strong>, ainsi que des <strong>expositions<\/strong> de Jondix, Aim\u00e9e Cornwell, Zozios ou encore Claude Bencimon. Bien s\u00fbr, le Mondial sera l\u2019occasion de d\u00e9couvrir du mat\u00e9riel professionnel. Les deux premi\u00e8res journ\u00e9es se termineront par \u00ab\u00a0du bon gros son rock\u2019n\u2019roll\u00a0\u00bb.<\/p>\n<p class=\" wall-content\">L\u2019an dernier, <strong>15 000 personnes<\/strong> ont r\u00e9pondu pr\u00e9sentes, loin des 35 000 de 2015. Une baisse d\u2019affluence in\u00e9vitable. \u00ab\u00a0Il faut se rendre \u00e0 l\u2019\u00e9vidence : une \u00e9poque prend fin pour le microcosme du tatouage dont je fais partie\u00a0\u00bb, d\u00e9plore Tin-Tin, organisateur du Mondial et pr\u00e9sident du Syndicat des artistes tatoueurs. Tatoueur bien connu de tatouage, il a fait l\u2019objet, en 2021, de plusieurs t\u00e9moignages relay\u00e9s par des <a href=\"https:\/\/www.lesinrocks.com\/non-classe\/cyberharcelement-menaces-agression-exhibition-sexuelle-sequestration-la-face-cachee-de-tin-tin-roi-des-tatoueurs-309254-06-04-2021\/\" target=\"_blank\" rel=\"noopener\">m\u00e9dias<\/a>, faisant \u00e9tat d\u2019accusations de harc\u00e8lement et d\u2019agressions. \u00c0 ce jour, aucune plainte n\u2019aurait \u00e9t\u00e9 d\u00e9pos\u00e9e.<\/p>\n<p class=\" wall-content\">\u00ab Si le trop-plein de tatoueurs a fait beaucoup de mal \u00e0 la profession, le <strong>trop-plein<\/strong> de conventions \u00e9galement \u00bb, admet Tin-Tin. Il invite le public \u00e0 r\u00e9pondre pr\u00e9sent, sans quoi cette \u00e9dition 2026 pourrait bien \u00eatre la derni\u00e8re.<\/p>\n<p>INFORMATIONS PRATIQUES :\u00a0<br \/>\nGrande Halle de La Villette<br \/>\n211 Av. Jean Jaur\u00e8s, 75019 Paris<br \/>\nPrix d\u2019entr\u00e9e variable en fonction du jour et de l\u2019\u00e2ge.\u00a0<br \/>\nBilletterie en ligne sur <a href=\"https:\/\/www.mondialdutatouage.com\/billetterie.php\" target=\"_blank\" rel=\"noopener\">mondialdutatouage.com<\/a>.<\/p>\n<p class=\" wall-content\">Personnalisez votre actualit\u00e9 en ajoutant vos villes et m\u00e9dias en favori avec <a href=\"https:\/\/moncompte.actu.fr\" title=\"D\u00e9couvez Mon Actu\" rel=\"nofollow noopener\" data-trk=\"{&quot;cta&quot;:{&quot;action&quot;:&quot;https:\\\/\\\/moncompte.actu.fr&quot;,&quot;category&quot;:&quot;mon compte&quot;,&quot;from&quot;:&quot;article footer&quot;,&quot;name&quot;:&quot;Mon actu&quot;,&quot;type&quot;:&quot;cta&quot;}}\" target=\"_blank\">Mon Actu<\/a>.<\/p>\n<p>                    <script async src=\"\/\/www.instagram.com\/embed.js\"><\/script><\/p>\n","protected":false},"excerpt":{"rendered":"Par R\u00e9daction Paris Publi\u00e9 le 29 janv. 2026 \u00e0 18h32 Le Mondial du Tatouage est de retour. Pour&hellip;\n","protected":false},"author":2,"featured_media":697963,"comment_status":"","ping_status":"","sticky":false,"template":"","format":"standard","meta":{"footnotes":""},"categories":[1888],"tags":[1111,1928,11,1927,1777,674,1011,27,5281,1652,12,1926,626,1925,25,3735],"class_list":{"0":"post-697962","1":"post","2":"type-post","3":"status-publish","4":"format-standard","5":"has-post-thumbnail","7":"category-paris","8":"tag-actu","9":"tag-actu-paris","10":"tag-actualites","11":"tag-actualites-paris","12":"tag-eu","13":"tag-europe","14":"tag-fr","15":"tag-france","16":"tag-la-villette","17":"tag-loisirs-culture","18":"tag-news","19":"tag-news-paris","20":"tag-paris","21":"tag-paris-news","22":"tag-republique-francaise","23":"tag-tatouage"},"share_on_mastodon":{"url":"https:\/\/pubeurope.com\/@fr\/115979979582211587","error":""},"_links":{"self":[{"href":"https:\/\/www.europesays.com\/fr\/wp-json\/wp\/v2\/posts\/697962","targetHints":{"allow":["GET"]}}],"collection":[{"href":"https:\/\/www.europesays.com\/fr\/wp-json\/wp\/v2\/posts"}],"about":[{"href":"https:\/\/www.europesays.com\/fr\/wp-json\/wp\/v2\/types\/post"}],"author":[{"embeddable":true,"href":"https:\/\/www.europesays.com\/fr\/wp-json\/wp\/v2\/users\/2"}],"replies":[{"embeddable":true,"href":"https:\/\/www.europesays.com\/fr\/wp-json\/wp\/v2\/comments?post=697962"}],"version-history":[{"count":0,"href":"https:\/\/www.europesays.com\/fr\/wp-json\/wp\/v2\/posts\/697962\/revisions"}],"wp:featuredmedia":[{"embeddable":true,"href":"https:\/\/www.europesays.com\/fr\/wp-json\/wp\/v2\/media\/697963"}],"wp:attachment":[{"href":"https:\/\/www.europesays.com\/fr\/wp-json\/wp\/v2\/media?parent=697962"}],"wp:term":[{"taxonomy":"category","embeddable":true,"href":"https:\/\/www.europesays.com\/fr\/wp-json\/wp\/v2\/categories?post=697962"},{"taxonomy":"post_tag","embeddable":true,"href":"https:\/\/www.europesays.com\/fr\/wp-json\/wp\/v2\/tags?post=697962"}],"curies":[{"name":"wp","href":"https:\/\/api.w.org\/{rel}","templated":true}]}}