{"id":697970,"date":"2026-01-29T19:16:12","date_gmt":"2026-01-29T19:16:12","guid":{"rendered":"https:\/\/www.europesays.com\/fr\/697970\/"},"modified":"2026-01-29T19:16:12","modified_gmt":"2026-01-29T19:16:12","slug":"trump-demande-a-poutine-de-ne-pas-cibler-kyiv-pendant-une-semaine-en-raison-du-froid","status":"publish","type":"post","link":"https:\/\/www.europesays.com\/fr\/697970\/","title":{"rendered":"Trump demande \u00e0 Poutine de ne pas cibler Kyiv pendant une semaine en raison du froid"},"content":{"rendered":"<p>Le pr\u00e9sident am\u00e9ricain Donald Trump a indiqu\u00e9 jeudi avoir demand\u00e9 au pr\u00e9sident russe Vladimir Poutine de ne pas cibler la capitale ukrainienne pendant une semaine alors que la r\u00e9gion est confront\u00e9e \u00e0 une vague de froid intense. <\/p>\n<p>M.\u00a0Poutine aurait accept\u00e9, mais la Russie n\u2019a pas confirm\u00e9 cette information.<\/p>\n<p>Cet appel \u00e0 une tr\u00eave \u00e0 Kyiv intervient alors que la Russie bombarde les infrastructures critiques du pays, privant de nombreuses personnes de chauffage en plein hiver.<\/p>\n<p>\u00abJ\u2019ai personnellement demand\u00e9 au pr\u00e9sident Poutine de ne pas bombarder Kyiv et les villes environnantes pendant une semaine, compte tenu de ce froid exceptionnel\u00bb, a mentionn\u00e9 M.\u00a0Trump lors d\u2019une r\u00e9union du cabinet \u00e0 la Maison-Blanche, ajoutant que M.\u00a0Poutine avait \u00abaccept\u00e9\u00bb.<\/p>\n<p>Interrog\u00e9 plus t\u00f4t dans la journ\u00e9e de jeudi sur la possibilit\u00e9 d\u2019un moratoire mutuel sur les frappes contre les installations \u00e9nerg\u00e9tiques entre la Russie et l\u2019Ukraine, le porte-parole du Kremlin, Dmitri Peskov, a refus\u00e9 de commenter la question.<\/p>\n<p>Donald Trump s\u2019est dit satisfait de l\u2019accord de M.\u00a0Poutine concernant cette tr\u00eave. Une vague de froid extr\u00eame est attendue \u00e0 Kyiv \u00e0 partir de vendredi et devrait se prolonger jusqu\u2019\u00e0 la semaine prochaine.<\/p>\n<p>\u00abBeaucoup de gens m\u2019ont dit\u00a0: \u201cNe perdez pas votre temps. Vous n\u2019obtiendrez rien\u201d, a d\u00e9clar\u00e9 le pr\u00e9sident r\u00e9publicain am\u00e9ricain \u00e0 propos de sa demande. Et il l\u2019a fait. Et nous sommes tr\u00e8s heureux qu\u2019il l\u2019ait fait.\u00bb<\/p>\n<p>Kyiv a \u00e9t\u00e9 confront\u00e9e \u00e0 de graves p\u00e9nuries d\u2019\u00e9lectricit\u00e9 cet hiver.<\/p>\n<p>La Russie s\u2019est efforc\u00e9e de priver les civils ukrainiens de chauffage et d\u2019eau courante tout au long du conflit, esp\u00e9rant ainsi saper la r\u00e9sistance de la population \u00e0 l\u2019invasion \u00e0 grande \u00e9chelle men\u00e9e par Moscou, qui a d\u00e9but\u00e9 le 24\u00a0f\u00e9vrier\u00a02022. <\/p>\n<p>Les responsables ukrainiens qualifient cette strat\u00e9gie d\u2019\u00abinstrumentalisation de l\u2019hiver\u00bb.<\/p>\n<p><b>Trois morts dans une attaque<\/b><\/p>\n<p>Une attaque de drones russes a par ailleurs tu\u00e9 trois personnes dans la r\u00e9gion de Zaporijjia, dans le sud de l\u2019Ukraine, dans la nuit de mercredi \u00e0 jeudi, lorsqu\u2019un incendie majeur s\u2019est d\u00e9clench\u00e9 dans un immeuble r\u00e9sidentiel.<\/p>\n<p>Selon les services d\u2019urgence, les pompiers ont \u00e9galement travaill\u00e9 toute la nuit pour \u00e9teindre des incendies dans la r\u00e9gion de Dnipro, dans le centre de l\u2019Ukraine, o\u00f9 deux personnes ont \u00e9t\u00e9 bless\u00e9es.<\/p>\n<p>Le pr\u00e9sident ukrainien, Volodymyr Zelensky, soutient que Moscou pr\u00e9pare une nouvelle offensive \u00e0 grande \u00e9chelle, malgr\u00e9 les n\u00e9gociations de paix men\u00e9es par les \u00c9tats-Unis qui doivent se tenir cette fin de semaine.<\/p>\n<p>M.\u00a0Zelensky a pr\u00e9cis\u00e9 que les informations amass\u00e9es par les services de renseignement ukrainiens laissent croire que la Russie rassemble des forces en vue d\u2019une attaque a\u00e9rienne majeure.<\/p>\n<p>Les pr\u00e9c\u00e9dentes attaques de grande envergure, impliquant parfois plus de 800\u00a0drones et des missiles de croisi\u00e8re et balistiques, ont vis\u00e9 le r\u00e9seau \u00e9lectrique ukrainien.<\/p>\n<p>Les attaques qui se poursuivent discr\u00e9ditent les pourparlers de paix, a d\u00e9nonc\u00e9 M.\u00a0Zelensky. \u00abChaque frappe russe le fait\u00bb, a-t-il d\u00e9clar\u00e9 mercredi soir.<\/p>\n<p>Les bombardements quotidiens des zones civiles ukrainiennes situ\u00e9es derri\u00e8re la ligne de front d\u2019environ 1000 kilom\u00e8tres se sont poursuivis malgr\u00e9 la condamnation internationale et les tentatives de mettre fin aux combats.<\/p>\n<p>Les attaques de drones russes contre le r\u00e9seau \u00e9lectrique ukrainien privent la population de chauffage, d\u2019\u00e9lectricit\u00e9 et d\u2019eau courante pendant l\u2019hiver le plus rigoureux depuis des ann\u00e9es, et la situation devrait s\u2019aggraver. <\/p>\n<p>De fortes gel\u00e9es sont attendues en Ukraine d\u00e9but f\u00e9vrier, avec des temp\u00e9ratures pouvant descendre jusqu\u2019\u00e0 -30\u00a0\u00b0C dans certaines r\u00e9gions, a averti le Service national des situations d\u2019urgence.<\/p>\n<p>Les n\u00e9gociations entre les deux parties devraient reprendre dimanche, mais des doutes subsistent quant \u00e0 l\u2019engagement r\u00e9el de Moscou en faveur d\u2019un r\u00e8glement.<\/p>\n<p>La cheffe de la diplomatie europ\u00e9enne a accus\u00e9 la Russie de ne pas prendre les n\u00e9gociations au s\u00e9rieux, appelant jeudi \u00e0 Bruxelles \u00e0 exercer davantage de pression sur Moscou pour l\u2019amener \u00e0 faire des concessions.<\/p>\n<p>\u00abNous les voyons intensifier leurs attaques contre l\u2019Ukraine parce qu\u2019ils ne peuvent pas avancer sur le champ de bataille. Ils s\u2019en prennent donc aux civils\u00bb, a affirm\u00e9 Kaja Kallas \u00e0 propos de la Russie lors d\u2019une r\u00e9union des ministres des Affaires \u00e9trang\u00e8res de l\u2019Union europ\u00e9enne.<\/p>\n<p>Elle a soulign\u00e9 que l\u2019Europe, qui constate que sa propre s\u00e9curit\u00e9 pourrait un jour \u00eatre menac\u00e9e, doit \u00eatre pleinement impliqu\u00e9e dans les n\u00e9gociations visant \u00e0 mettre fin \u00e0 la guerre, qui s\u2019est amorc\u00e9e il y a pr\u00e8s de quatre ans.<\/p>\n<p>Au cours de la derni\u00e8re ann\u00e9e, c\u2019est l\u2019administration Trump qui a men\u00e9 les efforts en faveur d\u2019un r\u00e8glement, et les dirigeants europ\u00e9ens craignent que leurs pr\u00e9occupations ne soient pas prises en compte.<\/p>\n<p>Le nombre de soldats tu\u00e9s, bless\u00e9s ou port\u00e9s disparus des deux c\u00f4t\u00e9s pendant la guerre pourrait atteindre deux millions d\u2019ici le printemps, selon un rapport publi\u00e9 mardi par un groupe de r\u00e9flexion international.<\/p>\n<p>La Russie a lanc\u00e9 plus de 6000 drones sur l\u2019Ukraine au cours du dernier mois seulement, selon le ministre ukrainien de la D\u00e9fense, Mykhailo Fedorov.<\/p>\n<p>La Russie am\u00e9liore constamment ses drones et ses tactiques, a-t-il rappel\u00e9 mercredi soir, ce qui a incit\u00e9 l\u2019Ukraine \u00e0 modifier sa strat\u00e9gie de d\u00e9fense a\u00e9rienne. Kyiv n\u2019a toutefois pas fourni de d\u00e9tails sur ces changements.<\/p>\n","protected":false},"excerpt":{"rendered":"Le pr\u00e9sident am\u00e9ricain Donald Trump a indiqu\u00e9 jeudi avoir demand\u00e9 au pr\u00e9sident russe Vladimir Poutine de ne pas&hellip;\n","protected":false},"author":2,"featured_media":697971,"comment_status":"","ping_status":"","sticky":false,"template":"","format":"standard","meta":{"footnotes":""},"categories":[1591],"tags":[11,1887,1854,4576,12,1885,1886,132],"class_list":{"0":"post-697970","1":"post","2":"type-post","3":"status-publish","4":"format-standard","5":"has-post-thumbnail","7":"category-russie","8":"tag-actualites","9":"tag-federation-de-russie","10":"tag-https-lactualite-com-sujet-international","11":"tag-https-lactualite-com-sujet-politique","12":"tag-news","13":"tag-russia","14":"tag-russian-federation","15":"tag-russie"},"share_on_mastodon":{"url":"https:\/\/pubeurope.com\/@fr\/115979995363548598","error":""},"_links":{"self":[{"href":"https:\/\/www.europesays.com\/fr\/wp-json\/wp\/v2\/posts\/697970","targetHints":{"allow":["GET"]}}],"collection":[{"href":"https:\/\/www.europesays.com\/fr\/wp-json\/wp\/v2\/posts"}],"about":[{"href":"https:\/\/www.europesays.com\/fr\/wp-json\/wp\/v2\/types\/post"}],"author":[{"embeddable":true,"href":"https:\/\/www.europesays.com\/fr\/wp-json\/wp\/v2\/users\/2"}],"replies":[{"embeddable":true,"href":"https:\/\/www.europesays.com\/fr\/wp-json\/wp\/v2\/comments?post=697970"}],"version-history":[{"count":0,"href":"https:\/\/www.europesays.com\/fr\/wp-json\/wp\/v2\/posts\/697970\/revisions"}],"wp:featuredmedia":[{"embeddable":true,"href":"https:\/\/www.europesays.com\/fr\/wp-json\/wp\/v2\/media\/697971"}],"wp:attachment":[{"href":"https:\/\/www.europesays.com\/fr\/wp-json\/wp\/v2\/media?parent=697970"}],"wp:term":[{"taxonomy":"category","embeddable":true,"href":"https:\/\/www.europesays.com\/fr\/wp-json\/wp\/v2\/categories?post=697970"},{"taxonomy":"post_tag","embeddable":true,"href":"https:\/\/www.europesays.com\/fr\/wp-json\/wp\/v2\/tags?post=697970"}],"curies":[{"name":"wp","href":"https:\/\/api.w.org\/{rel}","templated":true}]}}