{"id":697987,"date":"2026-01-29T19:25:40","date_gmt":"2026-01-29T19:25:40","guid":{"rendered":"https:\/\/www.europesays.com\/fr\/697987\/"},"modified":"2026-01-29T19:25:40","modified_gmt":"2026-01-29T19:25:40","slug":"arcelormittal-envisage-de-delocaliser-5-600-emplois-vers-linde-dont-1-650-de-france","status":"publish","type":"post","link":"https:\/\/www.europesays.com\/fr\/697987\/","title":{"rendered":"ArcelorMittal envisage de d\u00e9localiser 5.600 emplois vers l\u2019Inde, dont 1.650 de France"},"content":{"rendered":"<p>Le sid\u00e9rurgiste <a href=\"https:\/\/www.20minutes.fr\/dossier\/arcelor_mittal\" class=\"c-link c-link--is-underlined\" rel=\"nofollow noopener\" target=\"_blank\">ArcelorMittal<\/a> envisage une nouvelle d\u00e9localisation de ses fonctions support (informatique, logistique, maintenance,\u00a0etc.) d\u2019Europe vers l\u2019<a href=\"https:\/\/www.20minutes.fr\/dossier\/inde\" class=\"c-link c-link--is-underlined\" rel=\"nofollow noopener\" target=\"_blank\">Inde<\/a>, a annonc\u00e9 jeudi son comit\u00e9 d\u2019entreprise europ\u00e9en (CEE).<\/p>\n<p>Le groupe avait d\u00e9j\u00e0 annonc\u00e9 au printemps dernier une premi\u00e8re vague de <a href=\"https:\/\/www.20minutes.fr\/dossier\/delocalisation\" class=\"c-link c-link--is-underlined\" rel=\"nofollow noopener\" target=\"_blank\">d\u00e9localisations<\/a>. Il \u00ab\u00a0\u00e9tudie la possibilit\u00e9 d\u2019\u00e9tendre son projet de transformation des fonctions support afin d\u2019optimiser et de standardiser les activit\u00e9s actuellement dispers\u00e9es sur de nombreux sites en Europe\u00a0\u00bb. La suite du processus, qui ne concerne pas les m\u00e9tiers de production de l\u2019acier, va affecter \u00ab\u00a0potentiellement [\u2026] 20 pays europ\u00e9ens et plus de 5.600 salari\u00e9s, dont 1.650 pour la France\u00a0\u00bb, indique Jean-Luc Ruffin, secr\u00e9taire du CEE.<\/p>\n<\/p>\n<p>Il pr\u00e9cise toutefois qu&rsquo;\u00ab\u00a0il n\u2019y aura pas obligatoirement 1.650 suppressions d\u2019emplois en France\u00a0\u00bb. \u00ab\u00a0Sur la premi\u00e8re vague, le p\u00e9rim\u00e8tre, c\u2019\u00e9tait un peu plus de 4.000 emplois et il y a eu 1.400 suppressions d\u2019emplois\u00a0\u00bb effectivement d\u00e9localis\u00e9s, a-t-il rappel\u00e9, indiquant que ce premier plan \u00e9tait \u00ab\u00a0toujours en cours\u00a0\u00bb.<\/p>\n<p>Ce nouveau projet concerne notamment \u00ab\u00a0le personnel informatique (maintenance des syst\u00e8mes, cybers\u00e9curit\u00e9, support applicatif, infrastructures) et \u00ab\u00a0les prestataires en ing\u00e9nierie, services, logistique, consultance et maintenance\u00a0\u00bb, a pr\u00e9cis\u00e9 le CEE dans un communiqu\u00e9. Il demande \u00ab\u00a0l\u2019arr\u00eat imm\u00e9diat de toute nouvelle d\u00e9localisation tant que les plans en cours ne sont pas cl\u00f4tur\u00e9s et \u00e9valu\u00e9s\u00a0\u00bb.<\/p>\n<p>\u00ab\u00a0Attaque frontale contre les travailleurs europ\u00e9ens\u00a0\u00bb<\/p>\n<p>\u00ab\u00a0La cr\u00e9ation d\u2019un p\u00f4le de services aux entreprises en Inde et l\u2019expansion de son centre d\u2019excellence en Pologne contribueront \u00e0 l\u2019\u00e9laboration d\u2019un mod\u00e8le \u00e9conomique durable pour ArcelorMittal Europe\u00a0\u00bb, ajoute le groupe. Il souhaite \u00ab\u00a0aligner les performances de l\u2019entreprise sur celles des autres grands groupes\u00a0\u00bb, notamment en ayant recours \u00e0 l\u2019intelligence artificielle.<\/p>\n<p>\u00ab\u00a0Cette d\u00e9cision constitue une nouvelle attaque frontale contre les travailleurs europ\u00e9ens, sans bilan, sans \u00e9valuation et sans consid\u00e9ration pour les cons\u00e9quences humaines, sociales et industrielles\u00a0\u00bb, d\u00e9plore le CEE d\u2019ArcelorMittal.<\/p>\n","protected":false},"excerpt":{"rendered":"Le sid\u00e9rurgiste ArcelorMittal envisage une nouvelle d\u00e9localisation de ses fonctions support (informatique, logistique, maintenance,\u00a0etc.) d\u2019Europe vers l\u2019Inde, a&hellip;\n","protected":false},"author":2,"featured_media":697988,"comment_status":"","ping_status":"","sticky":false,"template":"","format":"standard","meta":{"footnotes":"","_share_on_mastodon":"0"},"categories":[4],"tags":[47,11,24634,33,341,1011,27,5595,12,25,13018],"class_list":["post-697987","post","type-post","status-publish","format-standard","has-post-thumbnail","category-france","tag-actualite","tag-actualites","tag-delocalisation","tag-economie","tag-emploi","tag-fr","tag-france","tag-inde","tag-news","tag-republique-francaise","tag-siderurgie"],"share_on_mastodon":{"url":"https:\/\/pubeurope.com\/@fr\/115980030789744890","error":""},"_links":{"self":[{"href":"https:\/\/www.europesays.com\/fr\/wp-json\/wp\/v2\/posts\/697987","targetHints":{"allow":["GET"]}}],"collection":[{"href":"https:\/\/www.europesays.com\/fr\/wp-json\/wp\/v2\/posts"}],"about":[{"href":"https:\/\/www.europesays.com\/fr\/wp-json\/wp\/v2\/types\/post"}],"author":[{"embeddable":true,"href":"https:\/\/www.europesays.com\/fr\/wp-json\/wp\/v2\/users\/2"}],"replies":[{"embeddable":true,"href":"https:\/\/www.europesays.com\/fr\/wp-json\/wp\/v2\/comments?post=697987"}],"version-history":[{"count":0,"href":"https:\/\/www.europesays.com\/fr\/wp-json\/wp\/v2\/posts\/697987\/revisions"}],"wp:featuredmedia":[{"embeddable":true,"href":"https:\/\/www.europesays.com\/fr\/wp-json\/wp\/v2\/media\/697988"}],"wp:attachment":[{"href":"https:\/\/www.europesays.com\/fr\/wp-json\/wp\/v2\/media?parent=697987"}],"wp:term":[{"taxonomy":"category","embeddable":true,"href":"https:\/\/www.europesays.com\/fr\/wp-json\/wp\/v2\/categories?post=697987"},{"taxonomy":"post_tag","embeddable":true,"href":"https:\/\/www.europesays.com\/fr\/wp-json\/wp\/v2\/tags?post=697987"}],"curies":[{"name":"wp","href":"https:\/\/api.w.org\/{rel}","templated":true}]}}