{"id":697989,"date":"2026-01-29T19:26:12","date_gmt":"2026-01-29T19:26:12","guid":{"rendered":"https:\/\/www.europesays.com\/fr\/697989\/"},"modified":"2026-01-29T19:26:12","modified_gmt":"2026-01-29T19:26:12","slug":"patrick-reed-le-jour-dapres","status":"publish","type":"post","link":"https:\/\/www.europesays.com\/fr\/697989\/","title":{"rendered":"Patrick Reed, le jour d\u2019apr\u00e8s"},"content":{"rendered":"<p>\t\t\t\t\t\t<img width=\"770\" height=\"557\" src=\"https:\/\/www.europesays.com\/fr\/wp-content\/uploads\/2026\/01\/patrickreedbahrain-770x557.jpg\" class=\"img-responsive wp-post-image\" alt=\"\" decoding=\"async\" fetchpriority=\"high\"  \/>\t\t\t\t\t<\/p>\n<p>\t\t\t\t\t\t Partager cet article <\/p>\n<p class=\"screen-reader-text juiz_sps_maybe_hidden_text\">Partager la publication \u00ab\u00a0Patrick Reed, le jour d\u2019apr\u00e8s\u00a0\u00bb<\/p>\n<p><strong>Vingt-quatre heures apr\u00e8s son annonce de quitter le LIV Golf, Patrick Reed s\u2019est content\u00e9 d\u2019une carte de 71 (-1) dans ce premier tour du Bahrain Championship. L\u2019Am\u00e9ricain, qui va faire du DP World Tour son quotidien en 2026, a h\u00e2te d\u2019encha\u00eener. Il sera ainsi au Qatar Masters la semaine prochaine.<\/strong><\/p>\n<p><strong>L.V.<\/strong><\/p>\n<p>Ce n\u2019est pas le <strong>Patrick Reed<\/strong> conqu\u00e9rant de la semaine pass\u00e9e \u00e0 <strong>Duba\u00ef<\/strong>, <a href=\"https:\/\/www.golfplanete.com\/actualites\/victoire-sans-lombre-dun-doute-de-patrick-reed-encore-un-top-3-pour-julien-guerrier\/\" target=\"_blank\" rel=\"noopener\">victorieux du Hero Duba\u00ef Desert Classic<\/a>, qui s\u2019est \u00e9lanc\u00e9 ce jeudi \u00e0 Bahre\u00efn. L\u2019Am\u00e9ricain, certainement encore sous le coup de son annonce la veille, <a href=\"https:\/\/www.golfplanete.com\/actualites\/nouvelle-bombe-patrick-reed-quitte-le-liv-et-annonce-son-retour-sur-le-pga-tour\/\" target=\"_blank\" rel=\"noopener\">confirmant son d\u00e9part du LIV Golf<\/a>, a mis du temps pour trouver quelque peu ses marques sur le <strong>Royal Golf Club<\/strong>.<\/p>\n<p>Apr\u00e8s trois bogeys conc\u00e9d\u00e9s sur ses cinq premiers trous (pour un birdie au 3), il a align\u00e9 deux birdies au 6 puis au 8 pour rectifier la mire passant dans le par \u00e0 l\u2019issue de l\u2019aller avant de coincer de nouveau au 12 (son 4e bogey de la journ\u00e9e). Mais en incontestable champion, le Texan a termin\u00e9 par deux birdies (au 13 et au 14) et sign\u00e9 une carte sous le par. Ce 71 (-1) inaugural l\u2019envoie \u00e0 la 58e place.<\/p>\n<blockquote data-service=\"twitter\" data-category=\"marketing\" data-placeholder-image=\"https:\/\/www.golfplanete.com\/wp-content\/plugins\/complianz-gdpr-premium\/assets\/images\/placeholders\/twitter-minimal.jpg\" class=\"cmplz-placeholder-element twitter-tweet\"><p>&#13;<\/p>\n<p dir=\"ltr\" lang=\"en\">Patrick Reed\u2019s short game \ud83d\ude4c <a href=\"https:\/\/twitter.com\/hashtag\/BahrianGolfChamps?src=hash&amp;ref_src=twsrc%5Etfw\" target=\"_blank\" rel=\"noopener\">#BahrianGolfChamps<\/a> <a href=\"https:\/\/t.co\/u6d1pgJDV0\">pic.twitter.com\/u6d1pgJDV0<\/a><\/p>\n<p>&#13;<br \/>\n&#13;<br \/>\n\u2014 DP World Tour (@DPWorldTour) <a href=\"https:\/\/twitter.com\/DPWorldTour\/status\/2016848856936566885?ref_src=twsrc%5Etfw\" target=\"_blank\" rel=\"noopener\">January 29, 2026<\/a><\/p><\/blockquote>\n<p>&#13;<br \/>\n\u00ab\u00a0C\u2019est une journ\u00e9e frustrante, souffle-t-il \u00e0 la sortie du recording. J\u2019avais l\u2019impression de bien frapper la balle. Ce parcours de golf, quand il y a du vent, \u00e7a devient franchement d\u00e9licat. Les greens sont tr\u00e8s ondul\u00e9s, et quand le vent commence \u00e0 souffler fort, les putts deviennent moins \u00e9vidents. J\u2019ai toutefois r\u00e9ussi \u00e0 g\u00e9rer ma frustration et rester sous le par. J\u2019esp\u00e8re que demain matin (d\u00e9part \u00e0 7h00 locale), avec moins de vent, je pourrai enregistrer un bon score et essayer de recoller au leaderboard. \u00bb<\/p>\n<blockquote><p>&#13;<br \/>\nPour ma famille et moi, je sentais que c\u2019\u00e9tait la meilleure d\u00e9cision.&#13;<br \/>\n&#13;<br \/>\nPatrick Reed<\/p><\/blockquote>\n<p>Membre honoraire \u00e0 vie du Tour europ\u00e9en, Patrick Reed est \u00e9galement revenu au micro du <strong>DP World Tour<\/strong> sur sa d\u00e9cision de quitter le <strong>LIV Golf<\/strong> et de poursuivre en 2026 sur ce m\u00eame Tour europ\u00e9en avec l\u2019objectif avou\u00e9 d\u2019accrocher l\u2019un des dix spots en jeu \u00e0 la <strong>Race to Duba\u00ef<\/strong> pour le <strong>PGA Tour 2027<\/strong>.<\/p>\n<p>\u00ab\u00a0Je suis vraiment enthousiaste, d\u00e9clare-t-il. Avec tout ce qui s\u2019est pass\u00e9 au cours des 48 derni\u00e8res heures, et vraiment m\u00eame depuis dimanche et la semaine derni\u00e8re\u2026 Pour ma famille et moi, je sentais que c\u2019\u00e9tait la meilleure d\u00e9cision. J\u2019ai vraiment appr\u00e9ci\u00e9 tout mon temps pass\u00e9 l\u00e0-bas sur le LIV. \u00c7a a \u00e9t\u00e9 un vrai plaisir. J\u2019ai beaucoup appris pendant que je jouais l\u00e0-bas et j\u2019esp\u00e8re que les <strong>Four Aces<\/strong> gagneront. Je continuerai \u00e0 les soutenir et \u00e0 les regarder. Je suis vraiment ravi d\u2019\u00eatre ici sur le DP World Tour, et vraiment impatient de revenir sur le PGA Tour. Je suis aussi tr\u00e8s reconnaissant et heureux d\u2019avoir la chance de jouer partout dans le monde comme je le fais depuis plusieurs ann\u00e9es. L\u00e0, on ouvre un nouveau chapitre. Et j\u2019ai h\u00e2te que tout \u00e7a prenne vraiment son envol.\u00a0\u00bb<\/p>\n<p>Gr\u00e2ce \u00e0 sa victoire la semaine pass\u00e9e \u00e0 Duba\u00ef, Patrick Reed occupe la 2e place de la Race to Duba\u00ef avec 1\u00a0370,70 points. A 356,93 points du Sud-African <strong>Jayden Schaper<\/strong>, d\u00e9j\u00e0 double vainqueur sur le Tour cette saison\u00a0!<\/p>\n<p>Photo : Warren Little \/ GETTY IMAGES EUROPE \/ Getty Images via AFP<\/p>\n<p>\t\t\t<script async src=\"https:\/\/platform.twitter.com\/widgets.js\" charset=\"utf-8\"><\/script><\/p>\n","protected":false},"excerpt":{"rendered":"Partager cet article Partager la publication \u00ab\u00a0Patrick Reed, le jour d\u2019apr\u00e8s\u00a0\u00bb Vingt-quatre heures apr\u00e8s son annonce de quitter&hellip;\n","protected":false},"author":2,"featured_media":697990,"comment_status":"","ping_status":"","sticky":false,"template":"","format":"standard","meta":{"footnotes":""},"categories":[1418],"tags":[1011,27,1472,60],"class_list":{"0":"post-697989","1":"post","2":"type-post","3":"status-publish","4":"format-standard","5":"has-post-thumbnail","7":"category-golf","8":"tag-fr","9":"tag-france","10":"tag-golf","11":"tag-sports"},"share_on_mastodon":{"url":"https:\/\/pubeurope.com\/@fr\/115980034624374760","error":""},"_links":{"self":[{"href":"https:\/\/www.europesays.com\/fr\/wp-json\/wp\/v2\/posts\/697989","targetHints":{"allow":["GET"]}}],"collection":[{"href":"https:\/\/www.europesays.com\/fr\/wp-json\/wp\/v2\/posts"}],"about":[{"href":"https:\/\/www.europesays.com\/fr\/wp-json\/wp\/v2\/types\/post"}],"author":[{"embeddable":true,"href":"https:\/\/www.europesays.com\/fr\/wp-json\/wp\/v2\/users\/2"}],"replies":[{"embeddable":true,"href":"https:\/\/www.europesays.com\/fr\/wp-json\/wp\/v2\/comments?post=697989"}],"version-history":[{"count":0,"href":"https:\/\/www.europesays.com\/fr\/wp-json\/wp\/v2\/posts\/697989\/revisions"}],"wp:featuredmedia":[{"embeddable":true,"href":"https:\/\/www.europesays.com\/fr\/wp-json\/wp\/v2\/media\/697990"}],"wp:attachment":[{"href":"https:\/\/www.europesays.com\/fr\/wp-json\/wp\/v2\/media?parent=697989"}],"wp:term":[{"taxonomy":"category","embeddable":true,"href":"https:\/\/www.europesays.com\/fr\/wp-json\/wp\/v2\/categories?post=697989"},{"taxonomy":"post_tag","embeddable":true,"href":"https:\/\/www.europesays.com\/fr\/wp-json\/wp\/v2\/tags?post=697989"}],"curies":[{"name":"wp","href":"https:\/\/api.w.org\/{rel}","templated":true}]}}