{"id":697999,"date":"2026-01-29T19:35:17","date_gmt":"2026-01-29T19:35:17","guid":{"rendered":"https:\/\/www.europesays.com\/fr\/697999\/"},"modified":"2026-01-29T19:35:17","modified_gmt":"2026-01-29T19:35:17","slug":"sans-filtre-olivier-delacroix-fait-un-constat-tres-inconfortable-jai-longtemps-souffert-de","status":"publish","type":"post","link":"https:\/\/www.europesays.com\/fr\/697999\/","title":{"rendered":"Sans filtre, Olivier Delacroix fait un constat tr\u00e8s inconfortable : \u00ab\u00a0J&rsquo;ai longtemps souffert de&#8230;\u00a0\u00bb"},"content":{"rendered":"<p>Olivier Delacroix a fait des confidences poignantes sur son<br \/>\nparcours personnel dans les colonnes de T\u00e9l\u00e9 Star.<br \/>\nL&rsquo;animateur de France 2 a d\u00e9voil\u00e9 l&rsquo;origine d&rsquo;un mal-\u00eatre qui l&rsquo;a<br \/>\nlongtemps emp\u00each\u00e9 de se sentir pleinement \u00e9panoui.<\/p>\n<p>Le c\u00e9l\u00e8bre journaliste aux dreadlocks a \u00e9voqu\u00e9 le retour de son<br \/>\n\u00e9mission <strong>Dans les yeux d&rsquo;Olivier<\/strong> dans une<br \/>\ninterview pour T\u00e9l\u00e9 Star. Il s&rsquo;est int\u00e9ress\u00e9 <strong>aux<br \/>\nh\u00e9ritages qui brisent les familles.<\/strong> Selon lui, de nombreux<br \/>\nclans se divisent autour de ces partages de biens. Il a cit\u00e9 des<br \/>\nexemples marquants comme l&rsquo;affaire Pierre Cardin ou le dossier Le<br \/>\nCouviour. Ces r\u00e9cits sont souvent incroyables et montrent la<br \/>\ncomplexit\u00e9 des liens familiaux.<\/p>\n<p>Pour obtenir ces t\u00e9moignages, l&rsquo;animateur a pu compter sur son<br \/>\n\u00e9quipe de production. Il a affirm\u00e9 que ces collaborateurs<br \/>\ntravaillaient ensemble depuis plus de douze ans. Cette stabilit\u00e9 a<br \/>\npermis de gagner la confiance des intervenants marqu\u00e9s par une<br \/>\nhistoire compliqu\u00e9e. Pour Olivier Delacroix, ce programme reste<br \/>\navant tout un magazine de service public. Il a \u00e9galement annonc\u00e9 un<br \/>\nfutur num\u00e9ro consacr\u00e9 aux pi\u00e8ges et aux violences sur Internet.<\/p>\n<p>Une lutte contre l&rsquo;anonymat<\/p>\n<p>L&rsquo;animateur a profit\u00e9 de cet entretien avec T\u00e9l\u00e9 Star<br \/>\npour d\u00e9noncer <strong>l&rsquo;anonymat qui r\u00e8gne sur les r\u00e9seaux<br \/>\nsociaux.<\/strong> Il a expliqu\u00e9 que cette opacit\u00e9 permettait de<br \/>\nmanipuler des jeunes filles ou de s&rsquo;en prendre \u00e0 la communaut\u00e9<br \/>\nhomosexuelle. Olivier Delacroix a voulu montrer que certaines<br \/>\nplateformes gagnaient de l&rsquo;argent gr\u00e2ce \u00e0 la haine. C&rsquo;est un combat<br \/>\nqu&rsquo;il m\u00e8ne d\u00e9sormais aussi sur <a href=\"https:\/\/www.closermag.fr\/people\/libere-olivier-delacroix-cash-sur-le-moment-qui-a-tout-fait-basculer-pour-lui-je-suis-devenu-un-homme-a-45-ans-3614624\" target=\"_blank\" rel=\"noopener\"><br \/>\nses propres cha\u00eenes YouTube, Twitch et TikTok.<\/a><\/p>\n<p>Parall\u00e8lement \u00e0 la t\u00e9l\u00e9vision, il a publi\u00e9 un roman intitul\u00e9<br \/>\n<strong>Le Syndrome de l&rsquo;imposteur chez Fayard.<\/strong><br \/>\nCe livre lui a permis d&rsquo;aborder une facette tr\u00e8s personnelle de son<br \/>\nexistence. Le h\u00e9ros du r\u00e9cit lui ressemble beaucoup car il partage<br \/>\nses propres doutes. L&rsquo;animateur a reconnu avoir <strong>travers\u00e9<br \/>\ndes moments difficiles avant de trouver la s\u00e9r\u00e9nit\u00e9.<\/strong> Il a<br \/>\nutilis\u00e9 l&rsquo;\u00e9criture pour explorer ce sentiment de malaise qui ne l&rsquo;a<br \/>\npas l\u00e2ch\u00e9.<\/p>\n<p>Le d\u00e9clic \u00e0 45 ans<\/p>\n<p><a href=\"https:\/\/www.closermag.fr\/people\/libere-olivier-delacroix-cash-sur-le-moment-qui-a-tout-fait-basculer-pour-lui-je-suis-devenu-un-homme-a-45-ans-3614624\" target=\"_blank\" rel=\"noopener\"><br \/>\nSans filtre, l&rsquo;animateur a reconnu<\/a> qu&rsquo;il n&rsquo;a pas toujours \u00e9t\u00e9 \u00e0<br \/>\nl&rsquo;aise avec son succ\u00e8s. \u201cJ&rsquo;ai en effet longtemps souffert du<br \/>\nsentiment de <strong>ne pas \u00eatre \u00e0 ma place<br \/>\n\u201d<\/strong>, a-t-il avou\u00e9 \u00e0 T\u00e9l\u00e9 Star. Ce constat<br \/>\ninconfortable l&rsquo;a pourtant pouss\u00e9 \u00e0 toujours chercher l&rsquo;excellence<br \/>\ndans son travail. Il a d\u00fb attendre d&rsquo;avoir 45 ans pour se lib\u00e9rer<br \/>\nde ce fardeau. C&rsquo;est lors d&rsquo;un voyage au Costa Rica qu&rsquo;il a enfin<br \/>\ntrouv\u00e9 un apaisement total.<\/p>\n<p>Ce changement radical est arriv\u00e9 apr\u00e8s avoir d\u00e9fi\u00e9 ses peurs en<br \/>\nsurfant sur de grosses vagues. Olivier Delacroix a \u00e9galement confi\u00e9<br \/>\navoir retrouv\u00e9 la foi en observant simplement des abeilles. Ce<br \/>\nmoment de communion avec la nature lui a donn\u00e9 le sentiment que<br \/>\ntout avait un sens. <a href=\"https:\/\/www.closermag.fr\/people\/libere-olivier-delacroix-cash-sur-le-moment-qui-a-tout-fait-basculer-pour-lui-je-suis-devenu-un-homme-a-45-ans-3614624\" target=\"_blank\" rel=\"noopener\"><br \/>\nIl a conclu son t\u00e9moignage avec une phrase tr\u00e8s forte<\/a> sur sa<br \/>\nmaturit\u00e9. L&rsquo;animateur a affirm\u00e9 avec beaucoup de recul : \u201cJe<br \/>\nsuis r\u00e9ellement devenu un homme \u00e0 45 ans !\u201d.<\/p>\n","protected":false},"excerpt":{"rendered":"Olivier Delacroix a fait des confidences poignantes sur son parcours personnel dans les colonnes de T\u00e9l\u00e9 Star. L&rsquo;animateur&hellip;\n","protected":false},"author":2,"featured_media":698000,"comment_status":"","ping_status":"","sticky":false,"template":"","format":"standard","meta":{"footnotes":""},"categories":[1359],"tags":[21303,58,59,1011,27,70202,973,65861],"class_list":{"0":"post-697999","1":"post","2":"type-post","3":"status-publish","4":"format-standard","5":"has-post-thumbnail","7":"category-people","8":"tag-buzz_nonli","9":"tag-divertissement","10":"tag-entertainment","11":"tag-fr","12":"tag-france","13":"tag-marfeel_connexes","14":"tag-people","15":"tag-trend"},"share_on_mastodon":{"url":"https:\/\/pubeurope.com\/@fr\/115980070023392202","error":""},"_links":{"self":[{"href":"https:\/\/www.europesays.com\/fr\/wp-json\/wp\/v2\/posts\/697999","targetHints":{"allow":["GET"]}}],"collection":[{"href":"https:\/\/www.europesays.com\/fr\/wp-json\/wp\/v2\/posts"}],"about":[{"href":"https:\/\/www.europesays.com\/fr\/wp-json\/wp\/v2\/types\/post"}],"author":[{"embeddable":true,"href":"https:\/\/www.europesays.com\/fr\/wp-json\/wp\/v2\/users\/2"}],"replies":[{"embeddable":true,"href":"https:\/\/www.europesays.com\/fr\/wp-json\/wp\/v2\/comments?post=697999"}],"version-history":[{"count":0,"href":"https:\/\/www.europesays.com\/fr\/wp-json\/wp\/v2\/posts\/697999\/revisions"}],"wp:featuredmedia":[{"embeddable":true,"href":"https:\/\/www.europesays.com\/fr\/wp-json\/wp\/v2\/media\/698000"}],"wp:attachment":[{"href":"https:\/\/www.europesays.com\/fr\/wp-json\/wp\/v2\/media?parent=697999"}],"wp:term":[{"taxonomy":"category","embeddable":true,"href":"https:\/\/www.europesays.com\/fr\/wp-json\/wp\/v2\/categories?post=697999"},{"taxonomy":"post_tag","embeddable":true,"href":"https:\/\/www.europesays.com\/fr\/wp-json\/wp\/v2\/tags?post=697999"}],"curies":[{"name":"wp","href":"https:\/\/api.w.org\/{rel}","templated":true}]}}