{"id":698009,"date":"2026-01-29T19:41:16","date_gmt":"2026-01-29T19:41:16","guid":{"rendered":"https:\/\/www.europesays.com\/fr\/698009\/"},"modified":"2026-01-29T19:41:16","modified_gmt":"2026-01-29T19:41:16","slug":"michel-cymes-et-olivier-revol-livrent-leurs-astuces-pour-vivre-heureux-avec-un-tdah","status":"publish","type":"post","link":"https:\/\/www.europesays.com\/fr\/698009\/","title":{"rendered":"Michel Cymes et Olivier Revol livrent leurs astuces pour vivre Heureux avec un TDAH"},"content":{"rendered":"<p>Quel est le point commun entre <a href=\"https:\/\/www.leprogres.fr\/p\/florent-pagny\" target=\"_blank\" rel=\"noopener\">Florent Pagny<\/a>, Louane, Simon Biles, <a href=\"https:\/\/www.leprogres.fr\/p\/michel-cymes\" target=\"_blank\" rel=\"noopener\">Michel Cymes<\/a> et Olivier Revol\u00a0? Tous sont atteints d\u2019un TDAH, un trouble de d\u00e9ficit de l\u2019attention avec ou sans hyperactivit\u00e9. Les deux derniers ont aussi en commun d\u2019\u00eatre m\u00e9decins, amis, et d\u2019avoir pris conscience seulement \u00e0 l\u2019\u00e2ge adulte de cette \u00ab\u00a0neuroatypie\u00a0\u00bb.<\/p>\n<p>Prenant comme fil conducteur leurs histoires personnelles, ils co-signent un livre (1) dans lequel ils montrent que si cette particularit\u00e9 complique le quotidien, elle peut aussi \u00eatre une force.<\/p>\n<p>\u00ab\u00a0Syndrome de l\u2019imposteur\u00a0\u00bb<\/p>\n<p>C\u2019est en 1995 quand son fils a\u00een\u00e9 a \u00e9t\u00e9 diagnostiqu\u00e9 TDAH au Canada, qu\u2019Olivier Revol a revisit\u00e9 son enfance. \u00ab\u00a0J\u2019ai retrouv\u00e9 des photos o\u00f9 ma m\u00e8re me tenait avec un harnais\u2026 J\u2019ai aussi compris pourquoi j\u2019en avais bav\u00e9 \u00e0 l\u2019\u00e9cole\u00a0\u00bb, raconte, au Progr\u00e8s , <a href=\"https:\/\/www.leprogres.fr\/societe\/2025\/12\/08\/le-pr-revol-pedopsychiatre-propose-quelques-cles-pour-mieux-aborder-l-adolescence\" target=\"_blank\" rel=\"noopener\"> le&#8230;<\/a><\/p>\n","protected":false},"excerpt":{"rendered":"Quel est le point commun entre Florent Pagny, Louane, Simon Biles, Michel Cymes et Olivier Revol\u00a0? Tous sont&hellip;\n","protected":false},"author":2,"featured_media":698010,"comment_status":"","ping_status":"","sticky":false,"template":"","format":"standard","meta":{"footnotes":""},"categories":[10],"tags":[2757,107,1011,27,1943,72,2428,2756,2429,71,4604,273,3151,801,104],"class_list":{"0":"post-698009","1":"post","2":"type-post","3":"status-publish","4":"format-standard","5":"has-post-thumbnail","7":"category-sante","8":"tag-edition-lyon-villeurbanne","9":"tag-fil-info","10":"tag-fr","11":"tag-france","12":"tag-handicap","13":"tag-health","14":"tag-lyon","15":"tag-lyon-bassin","16":"tag-rhone","17":"tag-sante","18":"tag-selection-abonne","19":"tag-selection-de-la-redaction","20":"tag-selection-de-la-redaction-69","21":"tag-social","22":"tag-societe"},"share_on_mastodon":{"url":"https:\/\/pubeurope.com\/@fr\/115980093602096469","error":""},"_links":{"self":[{"href":"https:\/\/www.europesays.com\/fr\/wp-json\/wp\/v2\/posts\/698009","targetHints":{"allow":["GET"]}}],"collection":[{"href":"https:\/\/www.europesays.com\/fr\/wp-json\/wp\/v2\/posts"}],"about":[{"href":"https:\/\/www.europesays.com\/fr\/wp-json\/wp\/v2\/types\/post"}],"author":[{"embeddable":true,"href":"https:\/\/www.europesays.com\/fr\/wp-json\/wp\/v2\/users\/2"}],"replies":[{"embeddable":true,"href":"https:\/\/www.europesays.com\/fr\/wp-json\/wp\/v2\/comments?post=698009"}],"version-history":[{"count":0,"href":"https:\/\/www.europesays.com\/fr\/wp-json\/wp\/v2\/posts\/698009\/revisions"}],"wp:featuredmedia":[{"embeddable":true,"href":"https:\/\/www.europesays.com\/fr\/wp-json\/wp\/v2\/media\/698010"}],"wp:attachment":[{"href":"https:\/\/www.europesays.com\/fr\/wp-json\/wp\/v2\/media?parent=698009"}],"wp:term":[{"taxonomy":"category","embeddable":true,"href":"https:\/\/www.europesays.com\/fr\/wp-json\/wp\/v2\/categories?post=698009"},{"taxonomy":"post_tag","embeddable":true,"href":"https:\/\/www.europesays.com\/fr\/wp-json\/wp\/v2\/tags?post=698009"}],"curies":[{"name":"wp","href":"https:\/\/api.w.org\/{rel}","templated":true}]}}