{"id":698021,"date":"2026-01-29T19:47:12","date_gmt":"2026-01-29T19:47:12","guid":{"rendered":"https:\/\/www.europesays.com\/fr\/698021\/"},"modified":"2026-01-29T19:47:12","modified_gmt":"2026-01-29T19:47:12","slug":"disparition-de-tyah-un-corps-aurait-ete-retrouve-non-loin-de-son-domicile-outre-mer-la-1ere","status":"publish","type":"post","link":"https:\/\/www.europesays.com\/fr\/698021\/","title":{"rendered":"Disparition de Tyah : un corps aurait \u00e9t\u00e9 retrouv\u00e9 non loin de son domicile &#8211; Outre-mer La 1\u00e8re"},"content":{"rendered":"<ol>\n<li><a href=\"https:\/\/news.google.com\/rss\/articles\/CBMitgFBVV95cUxPTTdBaGpzSEw5Y3h2RVZ3cUE5NzMxYkFTX0hib3EtUktBeGp2MXZ2VWNCY1hvU1dCTEhCX1V6cTNvTm9PQ2tvN1dFRVE3M3ZsZzRfQ1B4bjk0TzkwODBRMndBbkFqM05zWXREdU91Qml3YXZUbHlNNGN6Um9OMmF0ZmNwcHNBb2Q4WnhIV19GY21HNl9leUtOWkNWTmRla1VNNVkwOEc1R2VOQm9CNXN6T1lBSXUtUQ?oc=5\" target=\"_blank\" rel=\"noopener\">Disparition de Tyah : un corps aurait \u00e9t\u00e9 retrouv\u00e9 non loin de son domicile<\/a>&nbsp;&nbsp;Outre-mer La 1\u00e8re<\/li>\n<li><a href=\"https:\/\/news.google.com\/rss\/articles\/CBMi9AFBVV95cUxNZ2J6R3BCa0l5UGxTTmpyUUFoel91MkxjWTNNUGpyX1EzSFZnbktpV3R3QVhDNlcxYnBveGpqVmw1ZDBvc0pUSUNfS1JMUndrZjIxLTNIVllzMTZsa2dPLThKVV9oNmNYamRiMFFleTRIUE9tOXowM2V4STNpVHB6N0FYTmExQUowV3JwZ2M2SFBfQ20wZ3dRUGZSZ0s4MTYxQ1NrN0s1Mm9UVXJ3ZHJrRS1sQ0IwWVdPcVU3a09RTTN5ZHdnVFFaa29ibWNBMUpWS1RUMDZ3dDBCdXVhNVFjUDJxVmhiRVBKRTcyS01nN2hqRU1F?oc=5\" target=\"_blank\" rel=\"noopener\">Le corps sans vie de Tyah, 16 ans, port\u00e9e disparue depuis le 12 janvier, retrouv\u00e9 par un promeneur<\/a>&nbsp;&nbsp;France 3 R\u00e9gions<\/li>\n<li><a href=\"https:\/\/news.google.com\/rss\/articles\/CBMi3AFBVV95cUxNNHdNLS01TjNjUTBFdWlwUzAxNlFFTHhFWWpkVUh5Rk1kTTVCNU5OSExrd0loenZFcHJscldxQ2VWZElXVzRZWFlaVXV5UE1hV1gybzJoMjdOSlhQUy1PRjFzWnJRVVZTckxPT09VQ0VpQ3lSZWZFWTNHUThIaEdMdnlZYTNkMk05YUFtZ0dsbWlQbTlGOVJRNU5pMTEtLW5jR3ZQUjQ4ZXRtNTZKT2hCZllUNndiOFgyYW1aMmZSamZYcmJXdHFLaFg3c1h1UXNIWi1CVVpWeDEzdUZr?oc=5\" target=\"_blank\" rel=\"noopener\">Le corps de l\u2019adolescente port\u00e9e disparue depuis le 12 janvier a \u00e9t\u00e9 retrouv\u00e9 pr\u00e8s de Bordeaux<\/a>&nbsp;&nbsp;Sud Ouest<\/li>\n<li><a href=\"https:\/\/news.google.com\/rss\/articles\/CBMi3gFBVV95cUxQWU5TVloxSlY0V2lOeWxaODh1NlNNNG5aUEFLYjlrOEhmQkV6MHRIOWJtTXg3UXRTQ0lIbVF2bWNvd0VOaVBHZTdhdmFMaVU1bGR0NUROUFJpenZ6bC1KejIzclBxejdLYmNvcEtOWGU4ZkUyd280d2xTUkNDeDdGV1VOMUtpOGNJbG1zdjVSMy1SLUdVZnNmVGxWLW1XaUxPejE3dGtucXRyYnlENm5vZ0F4YUhKODJFUnZ1Y1YzVzZNa1VoeDYtNVltOXNsbUgxSldLVFNSNXllSXVkY3c?oc=5\" target=\"_blank\" rel=\"noopener\">Tyah, l&rsquo;adolescente port\u00e9e disparue mi-janvier pr\u00e8s de Bordeaux a \u00e9t\u00e9 retrouv\u00e9e morte<\/a>&nbsp;&nbsp;francebleu.fr<\/li>\n<li><a href=\"https:\/\/news.google.com\/rss\/articles\/CBMi6wFBVV95cUxPUUJVVkR2X0dlY1lwX21wcXZtUmhPaFdGYnVNbkhNWEFydWY1QmFnc2ZUN3pxTUJFeUVIZFNDb0hWck50WGU4Y0M1NEYyOWtIaGR6Tld1UHBMQWN2djBodjdOdlN6Q1pTdk5tWDZUQ09ubGtQZlNiY2VveWQ4VUJ4VmJmMkFZWkY2aHpDemZoaFBXZFhtcllHYzNfa2ZTSzVJRDM4U3l3Slh2bng4aHRuSWJuYXRpZy1sbjlaX2doT0RMSTlNOXBOcFRlZTMwaEhmcG9hVE9jdERWY2ZDcDRDYlo5dzY1OTg1cXVz?oc=5\" target=\"_blank\" rel=\"noopener\">Tyah est toujours introuvable en Gironde et l\u2019angoisse dure pour la famille : \u00ab\u00a0On tourne en rond\u00a0\u00bb<\/a>&nbsp;&nbsp;Actu.fr<\/li>\n<\/ol>\n","protected":false},"excerpt":{"rendered":"Disparition de Tyah : un corps aurait \u00e9t\u00e9 retrouv\u00e9 non loin de son domicile&nbsp;&nbsp;Outre-mer La 1\u00e8re Le corps&hellip;\n","protected":false},"author":2,"featured_media":698022,"comment_status":"","ping_status":"","sticky":false,"template":"","format":"standard","meta":{"footnotes":""},"categories":[4],"tags":[11,1011,27,12,25],"class_list":{"0":"post-698021","1":"post","2":"type-post","3":"status-publish","4":"format-standard","5":"has-post-thumbnail","7":"category-france","8":"tag-actualites","9":"tag-fr","10":"tag-france","11":"tag-news","12":"tag-republique-francaise"},"share_on_mastodon":{"url":"https:\/\/pubeurope.com\/@fr\/115980117230687808","error":""},"_links":{"self":[{"href":"https:\/\/www.europesays.com\/fr\/wp-json\/wp\/v2\/posts\/698021","targetHints":{"allow":["GET"]}}],"collection":[{"href":"https:\/\/www.europesays.com\/fr\/wp-json\/wp\/v2\/posts"}],"about":[{"href":"https:\/\/www.europesays.com\/fr\/wp-json\/wp\/v2\/types\/post"}],"author":[{"embeddable":true,"href":"https:\/\/www.europesays.com\/fr\/wp-json\/wp\/v2\/users\/2"}],"replies":[{"embeddable":true,"href":"https:\/\/www.europesays.com\/fr\/wp-json\/wp\/v2\/comments?post=698021"}],"version-history":[{"count":0,"href":"https:\/\/www.europesays.com\/fr\/wp-json\/wp\/v2\/posts\/698021\/revisions"}],"wp:featuredmedia":[{"embeddable":true,"href":"https:\/\/www.europesays.com\/fr\/wp-json\/wp\/v2\/media\/698022"}],"wp:attachment":[{"href":"https:\/\/www.europesays.com\/fr\/wp-json\/wp\/v2\/media?parent=698021"}],"wp:term":[{"taxonomy":"category","embeddable":true,"href":"https:\/\/www.europesays.com\/fr\/wp-json\/wp\/v2\/categories?post=698021"},{"taxonomy":"post_tag","embeddable":true,"href":"https:\/\/www.europesays.com\/fr\/wp-json\/wp\/v2\/tags?post=698021"}],"curies":[{"name":"wp","href":"https:\/\/api.w.org\/{rel}","templated":true}]}}