{"id":698027,"date":"2026-01-29T19:50:27","date_gmt":"2026-01-29T19:50:27","guid":{"rendered":"https:\/\/www.europesays.com\/fr\/698027\/"},"modified":"2026-01-29T19:50:27","modified_gmt":"2026-01-29T19:50:27","slug":"saint-etienne-rencart-organise-des-stages-pour-sinitier-a-la-ceramique","status":"publish","type":"post","link":"https:\/\/www.europesays.com\/fr\/698027\/","title":{"rendered":"Saint-\u00c9tienne. Renc\u2019Art organise des stages pour s\u2019initier \u00e0 la c\u00e9ramique"},"content":{"rendered":"<p> \u25b6 \u2002 <strong>Stage Le Coissou\u00a0<\/strong> : anim\u00e9 par \u00c9velyne Guesnier-Jaly, l\u2019animatrice de Renc\u2019art. Le samedi 21\u00a0mars, de 14 \u00e0 20\u00a0heures, des cuissons au bois sont organis\u00e9es \u00e0 Renc\u2019Art. Contact\u00a0: \u00c9velyne au 06.14.91.46.71.<\/p>\n<p> \u25b6 \u2002 <strong>Stage Tournage<\/strong> \u00a0: organis\u00e9 par Madeleine Soubeyran sur trois journ\u00e9es, les 14, 21\u00a0mars et 25\u00a0avril de 9\u00a0heures \u00e0 17\u00a0h\u00a030, ouvert aux d\u00e9butants et confirm\u00e9s. Deux possibilit\u00e9s, soit 3 demi-journ\u00e9es de 9 \u00e0 12\u00a0heures,&#8230;<\/p>\n","protected":false},"excerpt":{"rendered":"\u25b6 \u2002 Stage Le Coissou\u00a0 : anim\u00e9 par \u00c9velyne Guesnier-Jaly, l\u2019animatrice de Renc\u2019art. Le samedi 21\u00a0mars, de 14&hellip;\n","protected":false},"author":2,"featured_media":698028,"comment_status":"","ping_status":"","sticky":false,"template":"","format":"standard","meta":{"footnotes":""},"categories":[9653],"tags":[1111,11,2430,1687,7539,1777,674,2271,1011,27,12,25,4001,7538],"class_list":{"0":"post-698027","1":"post","2":"type-post","3":"status-publish","4":"format-standard","5":"has-post-thumbnail","7":"category-saint-etienne","8":"tag-actu","9":"tag-actualites","10":"tag-auvergne-rhone-alpes","11":"tag-culture-loisirs","12":"tag-edition-loire-sud","13":"tag-eu","14":"tag-europe","15":"tag-exposition-arts-plastiques","16":"tag-fr","17":"tag-france","18":"tag-news","19":"tag-republique-francaise","20":"tag-saint-etienne","21":"tag-saint-etienne-ville"},"share_on_mastodon":{"url":"https:\/\/pubeurope.com\/@fr\/115980129105546062","error":""},"_links":{"self":[{"href":"https:\/\/www.europesays.com\/fr\/wp-json\/wp\/v2\/posts\/698027","targetHints":{"allow":["GET"]}}],"collection":[{"href":"https:\/\/www.europesays.com\/fr\/wp-json\/wp\/v2\/posts"}],"about":[{"href":"https:\/\/www.europesays.com\/fr\/wp-json\/wp\/v2\/types\/post"}],"author":[{"embeddable":true,"href":"https:\/\/www.europesays.com\/fr\/wp-json\/wp\/v2\/users\/2"}],"replies":[{"embeddable":true,"href":"https:\/\/www.europesays.com\/fr\/wp-json\/wp\/v2\/comments?post=698027"}],"version-history":[{"count":0,"href":"https:\/\/www.europesays.com\/fr\/wp-json\/wp\/v2\/posts\/698027\/revisions"}],"wp:featuredmedia":[{"embeddable":true,"href":"https:\/\/www.europesays.com\/fr\/wp-json\/wp\/v2\/media\/698028"}],"wp:attachment":[{"href":"https:\/\/www.europesays.com\/fr\/wp-json\/wp\/v2\/media?parent=698027"}],"wp:term":[{"taxonomy":"category","embeddable":true,"href":"https:\/\/www.europesays.com\/fr\/wp-json\/wp\/v2\/categories?post=698027"},{"taxonomy":"post_tag","embeddable":true,"href":"https:\/\/www.europesays.com\/fr\/wp-json\/wp\/v2\/tags?post=698027"}],"curies":[{"name":"wp","href":"https:\/\/api.w.org\/{rel}","templated":true}]}}