{"id":69803,"date":"2025-05-02T17:15:10","date_gmt":"2025-05-02T17:15:10","guid":{"rendered":"https:\/\/www.europesays.com\/fr\/69803\/"},"modified":"2025-05-02T17:15:10","modified_gmt":"2025-05-02T17:15:10","slug":"la-cooperative-de-la-transition-agit-pour-lenvironnement","status":"publish","type":"post","link":"https:\/\/www.europesays.com\/fr\/69803\/","title":{"rendered":"la Coop\u00e9rative de la transition agit pour l\u2019environnement"},"content":{"rendered":"<p>La Coop\u00e9rative de la transition Val de Sa\u00f4ne Mont d\u2019Or, cr\u00e9\u00e9e en 2020, f\u00e9d\u00e8re des citoyens et associations au service de l\u2019\u00e9cologie et du lien social. Ce printemps, deux temps forts marquent ses actions en faveur de ces th\u00e9matiques, \u00e0 Neuville-sur-Sa\u00f4ne.<\/p>\n<p>Une mare pour r\u00e9introduire de la biodiversit\u00e9<\/p>\n<p>Samedi 26\u00a0avril, les membres de la structure ont inaugur\u00e9 une mare qu\u2019ils ont construite au jardin partag\u00e9 du C\u00e8dre, 12 rue Jacques&#8230;.<\/p>\n","protected":false},"excerpt":{"rendered":"La Coop\u00e9rative de la transition Val de Sa\u00f4ne Mont d\u2019Or, cr\u00e9\u00e9e en 2020, f\u00e9d\u00e8re des citoyens et associations&hellip;\n","protected":false},"author":2,"featured_media":69804,"comment_status":"","ping_status":"","sticky":false,"template":"","format":"standard","meta":{"footnotes":""},"categories":[1889],"tags":[1111,11,2430,3153,436,1777,674,1011,27,9588,2428,13966,7218,12,25,2429],"class_list":{"0":"post-69803","1":"post","2":"type-post","3":"status-publish","4":"format-standard","5":"has-post-thumbnail","7":"category-lyon","8":"tag-actu","9":"tag-actualites","10":"tag-auvergne-rhone-alpes","11":"tag-edition-ouest-lyonnais","12":"tag-environnement","13":"tag-eu","14":"tag-europe","15":"tag-fr","16":"tag-france","17":"tag-ici-on-agit","18":"tag-lyon","19":"tag-neuville-sur-saone","20":"tag-neuville-sur-saone-bassin","21":"tag-news","22":"tag-republique-francaise","23":"tag-rhone"},"share_on_mastodon":{"url":"https:\/\/pubeurope.com\/@fr\/114439371064376965","error":""},"_links":{"self":[{"href":"https:\/\/www.europesays.com\/fr\/wp-json\/wp\/v2\/posts\/69803","targetHints":{"allow":["GET"]}}],"collection":[{"href":"https:\/\/www.europesays.com\/fr\/wp-json\/wp\/v2\/posts"}],"about":[{"href":"https:\/\/www.europesays.com\/fr\/wp-json\/wp\/v2\/types\/post"}],"author":[{"embeddable":true,"href":"https:\/\/www.europesays.com\/fr\/wp-json\/wp\/v2\/users\/2"}],"replies":[{"embeddable":true,"href":"https:\/\/www.europesays.com\/fr\/wp-json\/wp\/v2\/comments?post=69803"}],"version-history":[{"count":0,"href":"https:\/\/www.europesays.com\/fr\/wp-json\/wp\/v2\/posts\/69803\/revisions"}],"wp:featuredmedia":[{"embeddable":true,"href":"https:\/\/www.europesays.com\/fr\/wp-json\/wp\/v2\/media\/69804"}],"wp:attachment":[{"href":"https:\/\/www.europesays.com\/fr\/wp-json\/wp\/v2\/media?parent=69803"}],"wp:term":[{"taxonomy":"category","embeddable":true,"href":"https:\/\/www.europesays.com\/fr\/wp-json\/wp\/v2\/categories?post=69803"},{"taxonomy":"post_tag","embeddable":true,"href":"https:\/\/www.europesays.com\/fr\/wp-json\/wp\/v2\/tags?post=69803"}],"curies":[{"name":"wp","href":"https:\/\/api.w.org\/{rel}","templated":true}]}}