{"id":698033,"date":"2026-01-29T19:54:11","date_gmt":"2026-01-29T19:54:11","guid":{"rendered":"https:\/\/www.europesays.com\/fr\/698033\/"},"modified":"2026-01-29T19:54:11","modified_gmt":"2026-01-29T19:54:11","slug":"rugby-top-14-entre-la-section-paloise-et-le-rc-toulon-fournisseurs-du-xv-de-france-un-duel-a-handicaps","status":"publish","type":"post","link":"https:\/\/www.europesays.com\/fr\/698033\/","title":{"rendered":"Rugby &#8211; Top 14\u00a0: entre la Section Paloise et le RC Toulon, fournisseurs du XV de France, un duel \u00e0 handicaps"},"content":{"rendered":"<p>Derri\u00e8re Toulouse (11 joueurs) et l\u2019Union Bordeaux-B\u00e8gles (5), la Section Paloise et Toulon, avec quatre \u00e9l\u00e9ments chacun, sont les troisi\u00e8mes pourvoyeurs du XV de France dans la liste des 28 joueurs prot\u00e9g\u00e9s ce week-end. Certains B\u00e9arnais et Varois devraient d\u2019ailleurs se tirer la bourre pour int&#8230;<\/p>\n<p>Derri\u00e8re Toulouse (11 joueurs) et l\u2019Union Bordeaux-B\u00e8gles (5), la Section Paloise et Toulon, avec quatre \u00e9l\u00e9ments chacun, sont les troisi\u00e8mes pourvoyeurs du XV de France dans la liste des 28 joueurs prot\u00e9g\u00e9s ce week-end. Certains B\u00e9arnais et Varois devraient d\u2019ailleurs se tirer la bourre pour int\u00e9grer la feuille de match face \u00e0 l\u2019Irlande jeudi prochain, lors du match d\u2019ouverture du Tournoi des 6 Nations.<\/p>\n<p>En 2e ligne, Auradou est en concurrence avec Ollivon, \u00e0 la m\u00eal\u00e9e, Daubagna et Serin se disputent le strapontin de rempla\u00e7ant derri\u00e8re Dupont, quand sur l\u2019aile, Attissogbe devra garder la main devant Ga\u00ebl Dr\u00e9an. Dimanche, ils seront certainement tous ensemble \u00e0 Marcoussis &#8211; en compagnie de Brau-Boirie et Gros &#8211; pour voir leurs deux clubs s\u2019affronter en cl\u00f4ture de la 16e journ\u00e9e de Top 14. Mais qui de Pau ou du RCT sera le plus handicap\u00e9 par ces absences\u00a0?<\/p>\n<p>    La r\u00e9daction vous conseille<\/p>\n<p>Les doublures devront encore g\u00e9rer<\/p>\n<p>\u00c0 la Section Paloise, le roulement a ses vertus. Et le groupe vert et blanc a ind\u00e9niablement gagn\u00e9 en profondeur. Cet automne d\u00e9j\u00e0, les B\u00e9arnais avaient \u00e9t\u00e9 tr\u00e8s repr\u00e9sent\u00e9s dans le groupe tricolore, avec 6 puis 7 joueurs dans les 42. Les r\u00e9sultats ne s\u2019en \u00e9taient pas fait ressentir. Au contraire, Pau avait fait carton plein en novembre, s\u2019imposant notamment \u00e0 Bordeaux sur le vrai doublon (33-34). Comme il y a trois mois, les doublures paloises devront assurer.<\/p>\n<p>Notamment Thomas Jolmes et Nathan Decron. Car Hugo Auradou, en progression constante et exponentielle, ne cesse de s\u2019imposer comme l\u2019un des tout meilleurs joueurs de touche du Top 14, quand Fabien Brau-Boirie, perforateur hors pair tr\u00e8s utilis\u00e9 par le staff palois (13 matchs sur 15, 1040 minutes de jeu), met au supplice toutes les d\u00e9fenses de l\u2019\u00e9lite. Avec Gr\u00e9goire Arfeuil et Aaron Grandidier-Nkanang, revenus de Marcoussis cette semaine, ainsi que Jack Maddocks, r\u00e9tabli, le triangle arri\u00e8re ne devrait pas trop souffrir de l\u2019absence de Th\u00e9o Attissogbe, bless\u00e9 de fin septembre \u00e0 d\u00e9but janvier.<\/p>\n<p>Enfin, Thomas Souverbie a prouv\u00e9 \u00e0 Toulouse qu\u2019il avait d\u00e9sormais les \u00e9paules pour tenir la barraque. En compagnie de Dan Robson, il y a de quoi faire derri\u00e8re Thibault Daubagna. Mais il faudra assurer, car 8 des 10 succ\u00e8s b\u00e9arnais ont \u00e9t\u00e9 obtenus avec l\u2019homme aux 311 matchs en Vert et Blanc aux commandes\u2026<\/p>\n<p>    La r\u00e9daction vous conseille<\/p>\n<p>Serin et Ollivon, leaders tr\u00e8s impactants<\/p>\n<p>\u00c0 Toulon aussi, la paire Ben White &#8211; Clovis Le Bail a aussi des arguments pour remplacer favorablement Baptiste Serin. Mais l\u00e0 aussi, les statistiques disent autre chose. Sur ses neuf victoires en championnat, le RCT en a conquis huit avec le Landais comme titulaire. Qui a une v\u00e9ritable emprise sur l\u2019\u00e9quipe rouge et noire. Idem pour Charles Ollivon. Revenu au jeu contre\u2026 Pau en octobre, il a imm\u00e9diatement repris le costume de patron dans le Var. La preuve, sur ses trois derniers matchs en club, il a occup\u00e9 autant de postes, 4, 7 puis 8.<\/p>\n<p>Derri\u00e8re, Ga\u00ebl Dr\u00e9an est un incroyable finisseur (8 essais en 10 matchs) et un facteur X, comme il l\u2019a prouv\u00e9 le week-end dernier en relan\u00e7ant la bande \u00e0 Mignoni, chahut\u00e9e par Montpellier, d\u2019une course \u00e9chevel\u00e9e dont il a le secret. Avec Villi\u00e8re, Tuicuvu ou Fert\u00e9 au poste, Toulon n\u2019est pas d\u00e9poil\u00e9. Mais devra s\u2019adapter. Finalement, l\u2019absence la moins pr\u00e9judiciable sera certainement celle de Jean-Baptiste Gros. Bless\u00e9 en novembre avec l\u2019\u00e9quipe de France, le pilier gauche est revenu doucement en janvier. Ce qui n\u2019a pas emp\u00each\u00e9 les Toulonnais de rouler sur tout le monde en m\u00eal\u00e9e.<\/p>\n<p>\u00c0 premi\u00e8re vue, les visiteurs rouges et noirs paraissent un peu plus affaiblis que leurs h\u00f4tes verts et blancs ce week-end. D\u2019autant qu\u2019ils peinent \u00e0 l\u2019ext\u00e9rieur, avec une seule victoire et un bonus d\u00e9fensif obtenus en d\u00e9but de saison, puis plus rien. Mais quoi qu\u2019en disent les apparences ou les statistiques, dimanche, Palois et Varois se livreront un duel \u00e0 handicaps.<\/p>\n","protected":false},"excerpt":{"rendered":"Derri\u00e8re Toulouse (11 joueurs) et l\u2019Union Bordeaux-B\u00e8gles (5), la Section Paloise et Toulon, avec quatre \u00e9l\u00e9ments chacun, sont&hellip;\n","protected":false},"author":2,"featured_media":698034,"comment_status":"","ping_status":"","sticky":false,"template":"","format":"standard","meta":{"footnotes":""},"categories":[9619],"tags":[1111,11,1777,674,1011,27,12,882,25,2310],"class_list":{"0":"post-698033","1":"post","2":"type-post","3":"status-publish","4":"format-standard","5":"has-post-thumbnail","7":"category-toulon","8":"tag-actu","9":"tag-actualites","10":"tag-eu","11":"tag-europe","12":"tag-fr","13":"tag-france","14":"tag-news","15":"tag-provence-alpes-cote-dazur","16":"tag-republique-francaise","17":"tag-toulon"},"share_on_mastodon":{"url":"https:\/\/pubeurope.com\/@fr\/115980144720492770","error":""},"_links":{"self":[{"href":"https:\/\/www.europesays.com\/fr\/wp-json\/wp\/v2\/posts\/698033","targetHints":{"allow":["GET"]}}],"collection":[{"href":"https:\/\/www.europesays.com\/fr\/wp-json\/wp\/v2\/posts"}],"about":[{"href":"https:\/\/www.europesays.com\/fr\/wp-json\/wp\/v2\/types\/post"}],"author":[{"embeddable":true,"href":"https:\/\/www.europesays.com\/fr\/wp-json\/wp\/v2\/users\/2"}],"replies":[{"embeddable":true,"href":"https:\/\/www.europesays.com\/fr\/wp-json\/wp\/v2\/comments?post=698033"}],"version-history":[{"count":0,"href":"https:\/\/www.europesays.com\/fr\/wp-json\/wp\/v2\/posts\/698033\/revisions"}],"wp:featuredmedia":[{"embeddable":true,"href":"https:\/\/www.europesays.com\/fr\/wp-json\/wp\/v2\/media\/698034"}],"wp:attachment":[{"href":"https:\/\/www.europesays.com\/fr\/wp-json\/wp\/v2\/media?parent=698033"}],"wp:term":[{"taxonomy":"category","embeddable":true,"href":"https:\/\/www.europesays.com\/fr\/wp-json\/wp\/v2\/categories?post=698033"},{"taxonomy":"post_tag","embeddable":true,"href":"https:\/\/www.europesays.com\/fr\/wp-json\/wp\/v2\/tags?post=698033"}],"curies":[{"name":"wp","href":"https:\/\/api.w.org\/{rel}","templated":true}]}}