{"id":698045,"date":"2026-01-29T20:00:24","date_gmt":"2026-01-29T20:00:24","guid":{"rendered":"https:\/\/www.europesays.com\/fr\/698045\/"},"modified":"2026-01-29T20:00:24","modified_gmt":"2026-01-29T20:00:24","slug":"grenoble-angels-lance-son-plan-strategique-2026-2028-a-loccasion-de-techfest","status":"publish","type":"post","link":"https:\/\/www.europesays.com\/fr\/698045\/","title":{"rendered":"Grenoble Angels lance son plan strat\u00e9gique 2026-2028 \u00e0 l\u2019occasion de Tech&#038;Fest"},"content":{"rendered":"<p>                                                        <img loading=\"lazy\" decoding=\"async\" width=\"544\" height=\"363\" src=\"data:image\/svg+xml,%3Csvg%20xmlns=\" http:=\"\" class=\"thumb img-responsive m-x-auto block w-full\" alt=\"lyon entreprises grenoble technologie innovation\" caption=\"\" data-lazy-src=\"https:\/\/www.europesays.com\/fr\/wp-content\/uploads\/2025\/05\/lyon-entreprises-grenoble-technologie-innovation.jpg\"\/><\/p>\n<p class=\"ez-toc-title ez-toc-toggle\" style=\"cursor: pointer\">Sommaire &amp; acc\u00e8s rapide<\/p>\n<p><a href=\"#\" class=\"ez-toc-pull-right ez-toc-btn ez-toc-btn-xs ez-toc-btn-default ez-toc-toggle\" aria-label=\"Toggle Table of Content\">Toggle<\/a><\/p>\n<p><strong>\u00c0 l\u2019occasion de Tech&amp;Fest, Grenoble Angels ouvre un nouveau cycle de d\u00e9veloppement et d\u00e9voile son plan strat\u00e9gique 2026-2028. Apr\u00e8s avoir cl\u00f4tur\u00e9 son pr\u00e9c\u00e9dent plan triennal, l\u2019association de business angels is\u00e9roise entend consolider son action et amplifier son r\u00f4le au service de l\u2019innovation sur le territoire.<\/strong><\/p>\n<p>L\u2019ann\u00e9e 2025 marque \u00e0 la fois la troisi\u00e8me et derni\u00e8re ann\u00e9e du plan strat\u00e9gique 2023-2025 et le vingti\u00e8me anniversaire de Grenoble Angels. Sur cet exercice, les membres du r\u00e9seau ont investi plus d\u2019un million d\u2019euros dans vingt jeunes entreprises innovantes du territoire is\u00e9rois.<\/p>\n<p>2025, une ann\u00e9e structurante pour Grenoble Angels<\/p>\n<p>En 2025, Grenoble Angels a re\u00e7u cent quarante et un projets, dont trente ont \u00e9t\u00e9 \u00e9tudi\u00e9s et instruits, pour vingt projets financ\u00e9s ou refinanc\u00e9s. Dix-neuf investissements ont \u00e9t\u00e9 r\u00e9alis\u00e9s en co-investissement avec des r\u00e9seaux de France Angels ou des partenaires. Une entreprise innovante sur deux accompagn\u00e9e rel\u00e8ve du champ de la deeptech.<\/p>\n<p>Sur la p\u00e9riode 2023-2025, l\u2019association a franchi un cap avec le doublement du nombre de ses membres et trois millions d\u2019euros investis dans des start-up du territoire. Grenoble Angels a \u00e9galement obtenu la reconnaissance d\u2019association reconnue d\u2019int\u00e9r\u00eat g\u00e9n\u00e9ral, tout en poursuivant la digitalisation de ses m\u00e9thodes et le renforcement de partenariats structurants, notamment avec Minalogic, le CEA et la French Tech.<\/p>\n<p>Philippe Rase reconduit \u00e0 la pr\u00e9sidence<\/p>\n<p>Le 10 d\u00e9cembre, le conseil d\u2019administration de Grenoble Angels a valid\u00e9 le nouveau plan strat\u00e9gique et r\u00e9\u00e9lu Philippe Rase \u00e0 la pr\u00e9sidence pour la p\u00e9riode 2026-2028. Il entame ainsi un nouveau mandat de trois ans \u00e0 la t\u00eate de l\u2019association.<\/p>\n<p>Le pr\u00e9sident souligne que cette r\u00e9\u00e9lection s\u2019inscrit dans une dynamique collective, port\u00e9e par l\u2019engagement des membres, du conseil d\u2019administration, de l\u2019\u00e9quipe op\u00e9rationnelle, des partenaires et des start-up accompagn\u00e9es sur le territoire.<\/p>\n<p>Trois axes pour le plan strat\u00e9gique 2026-2028<\/p>\n<p>Le plan strat\u00e9gique 2026-2028, lanc\u00e9 officiellement les 4 et 5 f\u00e9vrier \u00e0 Tech&amp;Fest, repose sur trois axes majeurs. Le premier concerne le d\u00e9veloppement du dealflow et des op\u00e9rations financi\u00e8res, avec un renforcement de la mutualisation et de la digitalisation des m\u00e9thodes, notamment via l\u2019int\u00e9gration de nouveaux outils num\u00e9riques et de l\u2019intelligence artificielle.<\/p>\n<p>Le deuxi\u00e8me axe porte sur la vie associative et la gouvernance, avec le renforcement de l\u2019offre de services \u00e0 destination des business angels, en particulier par la formation. Le troisi\u00e8me axe est d\u00e9di\u00e9 aux partenariats et \u00e0 l\u2019\u00e9cosyst\u00e8me, consid\u00e9r\u00e9s comme un levier central de l\u2019action de Grenoble Angels.<\/p>\n<p>Cette strat\u00e9gie s\u2019appuie sur des partenariats renforc\u00e9s avec des acteurs bancaires, juridiques, comptables, des \u00e9cosyst\u00e8mes et des \u00e9tablissements d\u2019enseignement, ainsi que sur une nouvelle \u00e9quipe op\u00e9rationnelle et la mise en place de cinq groupes de travail mobilisant une vingtaine de membres.<\/p>\n<p>Grenoble Angels pr\u00e9sent \u00e0 Tech&amp;Fest<\/p>\n<p>Grenoble Angels sera pr\u00e9sent les 4 et 5 f\u00e9vrier \u00e0 Tech&amp;Fest, au sein de l\u2019espace accompagnateur de Grenoble Alpes M\u00e9tropole et du dispositif iVenture. L\u2019association participera \u00e9galement \u00e0 plusieurs temps forts du salon, dont des conf\u00e9rences et des interventions aux c\u00f4t\u00e9s d\u2019acteurs nationaux et internationaux du financement de l\u2019innovation.<\/p>\n","protected":false},"excerpt":{"rendered":"Sommaire &amp; acc\u00e8s rapide Toggle \u00c0 l\u2019occasion de Tech&amp;Fest, Grenoble Angels ouvre un nouveau cycle de d\u00e9veloppement et&hellip;\n","protected":false},"author":2,"featured_media":112349,"comment_status":"","ping_status":"","sticky":false,"template":"","format":"standard","meta":{"footnotes":""},"categories":[9566],"tags":[1111,11,2430,1777,674,1011,27,2731,12,25],"class_list":{"0":"post-698045","1":"post","2":"type-post","3":"status-publish","4":"format-standard","5":"has-post-thumbnail","7":"category-grenoble","8":"tag-actu","9":"tag-actualites","10":"tag-auvergne-rhone-alpes","11":"tag-eu","12":"tag-europe","13":"tag-fr","14":"tag-france","15":"tag-grenoble","16":"tag-news","17":"tag-republique-francaise"},"share_on_mastodon":{"url":"https:\/\/pubeurope.com\/@fr\/115980168585114553","error":""},"_links":{"self":[{"href":"https:\/\/www.europesays.com\/fr\/wp-json\/wp\/v2\/posts\/698045","targetHints":{"allow":["GET"]}}],"collection":[{"href":"https:\/\/www.europesays.com\/fr\/wp-json\/wp\/v2\/posts"}],"about":[{"href":"https:\/\/www.europesays.com\/fr\/wp-json\/wp\/v2\/types\/post"}],"author":[{"embeddable":true,"href":"https:\/\/www.europesays.com\/fr\/wp-json\/wp\/v2\/users\/2"}],"replies":[{"embeddable":true,"href":"https:\/\/www.europesays.com\/fr\/wp-json\/wp\/v2\/comments?post=698045"}],"version-history":[{"count":0,"href":"https:\/\/www.europesays.com\/fr\/wp-json\/wp\/v2\/posts\/698045\/revisions"}],"wp:featuredmedia":[{"embeddable":true,"href":"https:\/\/www.europesays.com\/fr\/wp-json\/wp\/v2\/media\/112349"}],"wp:attachment":[{"href":"https:\/\/www.europesays.com\/fr\/wp-json\/wp\/v2\/media?parent=698045"}],"wp:term":[{"taxonomy":"category","embeddable":true,"href":"https:\/\/www.europesays.com\/fr\/wp-json\/wp\/v2\/categories?post=698045"},{"taxonomy":"post_tag","embeddable":true,"href":"https:\/\/www.europesays.com\/fr\/wp-json\/wp\/v2\/tags?post=698045"}],"curies":[{"name":"wp","href":"https:\/\/api.w.org\/{rel}","templated":true}]}}