{"id":698056,"date":"2026-01-29T20:06:18","date_gmt":"2026-01-29T20:06:18","guid":{"rendered":"https:\/\/www.europesays.com\/fr\/698056\/"},"modified":"2026-01-29T20:06:18","modified_gmt":"2026-01-29T20:06:18","slug":"on-connait-la-date-du-50e-meeting-nikaia","status":"publish","type":"post","link":"https:\/\/www.europesays.com\/fr\/698056\/","title":{"rendered":"On conna\u00eet la date du 50e Meeting Nika\u00efa"},"content":{"rendered":"<p class=\"fs-5 \">Il a connu des hauts et des bas, des bonheurs et des d\u00e9chirures.<\/p>\n<p class=\"fs-5 \">En 2001, il a \u00e9t\u00e9 donn\u00e9 pour mort pour des raisons financi\u00e8res avant de ressusciter vingt ans plus tard, par la volont\u00e9 de <strong>R\u00e9my Charpentier<\/strong> et de l\u2019<strong>ASPTT Nice<\/strong>. Le <strong>meeting Nika\u00efa<\/strong>* est un livre d\u2019histoires et d\u2019histoire.<\/p>\n<p class=\"fs-5 \">Lanc\u00e9 en <strong>1976<\/strong>, il f\u00eatera ses <strong>50\u00a0ans<\/strong>, le <strong>13\u00a0juin prochain<\/strong>, date de la cuv\u00e9e 2026. Et forc\u00e9ment, un demi-si\u00e8cle de vie, c\u2019est \u00e0 marquer d\u2019une pierre blanche. Les organisateurs ont donc pr\u00e9vu un programme aux petits oignons.<\/p>\n<p>        <img src=\"https:\/\/www.europesays.com\/fr\/wp-content\/uploads\/2026\/01\/b0acc25_upload-from-url-1-dcmm254xhsnp-data-art-16882108.jpg\"   loading=\"lazy\" decoding=\"async\" alt=\"\" class=\"img-fluid position-absolute w-100 object-fit-cover rounded-2\" width=\"600\" height=\"400\"\/><\/p>\n<p>                                                                                <strong>Quatre \u00e9preuves annonc\u00e9es et en lien avec d\u2019anciens records du monde<\/strong><\/p>\n<p class=\"fs-5 \">Dans leur t\u00eate, il paraissait important de connecter le pass\u00e9 au pr\u00e9sent.<\/p>\n<p class=\"fs-5 \">C\u2019est pourquoi les quatre premi\u00e8res \u00e9preuves programm\u00e9es font toutes r\u00e9f\u00e9rence \u00e0 des courses et concours qui ont vu des <strong>records du monde<\/strong> tomber sur le tartan de <strong>Charles-Ehrmann<\/strong>.<\/p>\n<p class=\"fs-5 \">Avec le <strong>saut \u00e0 la perche<\/strong>, ce sont les <strong>6,06\u00a0m<\/strong> de l\u2019Ukrainien <strong>Sergey Bubka<\/strong> en 1988\u00a0qui seront dans les m\u00e9moires.<\/p>\n<p class=\"fs-5 \">Sur <strong>3000\u00a0m<\/strong>, une pens\u00e9e ira directement \u00e0 <strong>Steve Cram<\/strong> et <strong>Nourredine Morceli<\/strong>. Le 16\u00a0juillet 1985, le Britannique devenait le premier homme \u00e0 descendre sous les 3\u201930\u2019\u2019 (<strong>3\u201929\u2019\u201967<\/strong>). L\u2019Alg\u00e9rien fera mieux dix ans plus tard (<strong>3\u201927\u2019\u201937<\/strong>).<\/p>\n<p class=\"fs-5 \">Sur le <strong>Mile<\/strong>, en 1989, la Roumaine <strong>Paula Ivan<\/strong> avait mis un coup de canif au record du monde de plus d\u2019une seconde (<strong>4\u201915\u2019\u201961<\/strong>\u00a0contre 4\u201916\u2019\u201971).<\/p>\n<p class=\"fs-5 \">Enfin, en 2001, juste avant de dispara\u00eetre pendant deux d\u00e9cennies, Nika\u00efa avait \u00e9t\u00e9 \u00e9bloui par <strong>Justyna Bak<\/strong>. La Polonaise offrait un dernier frisson au meeting sur <strong>300O m steeple<\/strong> (<strong>9\u201925\u2019\u201931<\/strong>).<\/p>\n<p class=\"fs-5 \">*Il a repris son appellation d\u2019origine en <strong>2023<\/strong>, apr\u00e8s avoir \u00e9t\u00e9 le meeting international de Nice en 2021\u00a0et 2022. La billetterie ouvrira prochainement. Toutes les informations sont \u00e0 retrouver sur <a target=\"_blank\" href=\"http:\/\/meetingnikaia.com\" rel=\"noopener\"><strong>meetingnikaia.com<\/strong><\/a>.<\/p>\n","protected":false},"excerpt":{"rendered":"Il a connu des hauts et des bas, des bonheurs et des d\u00e9chirures. En 2001, il a \u00e9t\u00e9&hellip;\n","protected":false},"author":2,"featured_media":698057,"comment_status":"","ping_status":"","sticky":false,"template":"","format":"standard","meta":{"footnotes":""},"categories":[2819],"tags":[1111,11,1777,674,1011,27,12,2401,882,25],"class_list":{"0":"post-698056","1":"post","2":"type-post","3":"status-publish","4":"format-standard","5":"has-post-thumbnail","7":"category-nice","8":"tag-actu","9":"tag-actualites","10":"tag-eu","11":"tag-europe","12":"tag-fr","13":"tag-france","14":"tag-news","15":"tag-nice","16":"tag-provence-alpes-cote-dazur","17":"tag-republique-francaise"},"share_on_mastodon":{"url":"https:\/\/pubeurope.com\/@fr\/115980191985366391","error":""},"_links":{"self":[{"href":"https:\/\/www.europesays.com\/fr\/wp-json\/wp\/v2\/posts\/698056","targetHints":{"allow":["GET"]}}],"collection":[{"href":"https:\/\/www.europesays.com\/fr\/wp-json\/wp\/v2\/posts"}],"about":[{"href":"https:\/\/www.europesays.com\/fr\/wp-json\/wp\/v2\/types\/post"}],"author":[{"embeddable":true,"href":"https:\/\/www.europesays.com\/fr\/wp-json\/wp\/v2\/users\/2"}],"replies":[{"embeddable":true,"href":"https:\/\/www.europesays.com\/fr\/wp-json\/wp\/v2\/comments?post=698056"}],"version-history":[{"count":0,"href":"https:\/\/www.europesays.com\/fr\/wp-json\/wp\/v2\/posts\/698056\/revisions"}],"wp:featuredmedia":[{"embeddable":true,"href":"https:\/\/www.europesays.com\/fr\/wp-json\/wp\/v2\/media\/698057"}],"wp:attachment":[{"href":"https:\/\/www.europesays.com\/fr\/wp-json\/wp\/v2\/media?parent=698056"}],"wp:term":[{"taxonomy":"category","embeddable":true,"href":"https:\/\/www.europesays.com\/fr\/wp-json\/wp\/v2\/categories?post=698056"},{"taxonomy":"post_tag","embeddable":true,"href":"https:\/\/www.europesays.com\/fr\/wp-json\/wp\/v2\/tags?post=698056"}],"curies":[{"name":"wp","href":"https:\/\/api.w.org\/{rel}","templated":true}]}}