{"id":698058,"date":"2026-01-29T20:07:23","date_gmt":"2026-01-29T20:07:23","guid":{"rendered":"https:\/\/www.europesays.com\/fr\/698058\/"},"modified":"2026-01-29T20:07:23","modified_gmt":"2026-01-29T20:07:23","slug":"alerte-apres-des-actes-malveillants-sur-la-nationale-nantes-vannes","status":"publish","type":"post","link":"https:\/\/www.europesays.com\/fr\/698058\/","title":{"rendered":"alerte apr\u00e8s des actes malveillants sur la Nationale Nantes\/Vannes"},"content":{"rendered":"<p>                    Par<br \/>\n        <strong><br \/>\n            <a href=\"https:\/\/actu.fr\/auteur\/julien-bouliou\" title=\"Consulter tous les articles de Julien Bouliou\" target=\"_blank\" rel=\"noopener\">Julien Bouliou<\/a><br \/>\n                    <\/strong><\/p>\n<p>        Publi\u00e9 le<\/p>\n<p>            29 janv. 2026 \u00e0 16h46        <\/p>\n<p>La gendarmerie a publi\u00e9 un message d\u2019alerte <b>jeudi 29\u00a0janvier 2026 <\/b>contre des \u00ab\u2009actes malveillants\u2009\u00bb sur la Nationale 165, qui relie<b> Nantes (Loire-Atlantique) \u00e0 Vannes (Morbihan).<\/b><\/p>\n<p class=\" wall-content\">Les faits ont \u00e9t\u00e9 commis \u00ab\u2009au cours des deux derniers week-ends\u2009\u00bb, d\u00e9veloppent les autorit\u00e9s.<\/p>\n<p class=\" wall-content\">Des poubelles, des panneaux de signalisation ou des c\u00f4nes orange de chantier ont \u00e9t\u00e9 plac\u00e9s sur les voies, dans les deux sens de circulation\u00a0\u00bb, \u00e0 hauteur de la commune de <b>Missillac (Loire-Atlantique).<\/b><\/p>\n<p>    <a href=\"https:\/\/maps.google.com\/maps?q=47.481841,-2.160106&amp;z=15&amp;output=embed\" title=\"Ouvrie le lien\" target=\"_blank\" rel=\"noopener\">Cliquez ici pour visualiser le contenu<\/a><\/p>\n<p class=\" wall-content\">Pour les forces de l\u2019ordre, l\u2019intention \u00e9tait bien \u00ab\u2009d\u2019entraver la circulation des usagers\u2009\u00bb.<\/p>\n<p>Un accident mat\u00e9riel<\/p>\n<p class=\" wall-content\">\u00ab\u2009Ces actes malveillants ont d\u00e9j\u00e0 provoqu\u00e9 un accident mat\u00e9riel dans la nuit du vendredi\u00a023 au samedi 24\u00a0janvier 2026, vers 4\u2009h du matin.\u2009\u00bb<\/p>\n<p>Vid\u00e9os : en ce moment sur Actu<\/p>\n<p class=\" wall-content\">La gendarmerie appelle \u00e0 \u00eatre \u00ab\u2009extr\u00eamement vigilant\u2009\u00bb en cas de circulation dans ce secteur, \u00ab\u2009en particulier de nuit\u2009\u00bb.<\/p>\n<p class=\" wall-content\">\u00ab\u2009N\u2019h\u00e9sitez pas \u00e0 signaler imm\u00e9diatement tout obstacle suspect aux forces de l\u2019ordre.\u2009\u00bb<\/p>\n<p class=\" wall-content\">Personnalisez votre actualit\u00e9 en ajoutant vos villes et m\u00e9dias en favori avec <a href=\"https:\/\/moncompte.actu.fr\" title=\"D\u00e9couvez Mon Actu\" rel=\"nofollow noopener\" data-trk=\"{&quot;cta&quot;:{&quot;action&quot;:&quot;https:\\\/\\\/moncompte.actu.fr&quot;,&quot;category&quot;:&quot;mon compte&quot;,&quot;from&quot;:&quot;article footer&quot;,&quot;name&quot;:&quot;Mon actu&quot;,&quot;type&quot;:&quot;cta&quot;}}\" target=\"_blank\">Mon Actu<\/a>.<\/p>\n","protected":false},"excerpt":{"rendered":"Par Julien Bouliou Publi\u00e9 le 29 janv. 2026 \u00e0 16h46 La gendarmerie a publi\u00e9 un message d\u2019alerte jeudi&hellip;\n","protected":false},"author":2,"featured_media":698059,"comment_status":"","ping_status":"","sticky":false,"template":"","format":"standard","meta":{"footnotes":""},"categories":[2818],"tags":[1111,11,3542,1777,674,118,1011,27,3381,766,12,2636,25,79288],"class_list":{"0":"post-698058","1":"post","2":"type-post","3":"status-publish","4":"format-standard","5":"has-post-thumbnail","7":"category-nantes","8":"tag-actu","9":"tag-actualites","10":"tag-circulation","11":"tag-eu","12":"tag-europe","13":"tag-faits-divers","14":"tag-fr","15":"tag-france","16":"tag-gendarmerie","17":"tag-nantes","18":"tag-news","19":"tag-pays-de-la-loire","20":"tag-republique-francaise","21":"tag-route-nationale-165-n165"},"share_on_mastodon":{"url":"https:\/\/pubeurope.com\/@fr\/115980195834988573","error":""},"_links":{"self":[{"href":"https:\/\/www.europesays.com\/fr\/wp-json\/wp\/v2\/posts\/698058","targetHints":{"allow":["GET"]}}],"collection":[{"href":"https:\/\/www.europesays.com\/fr\/wp-json\/wp\/v2\/posts"}],"about":[{"href":"https:\/\/www.europesays.com\/fr\/wp-json\/wp\/v2\/types\/post"}],"author":[{"embeddable":true,"href":"https:\/\/www.europesays.com\/fr\/wp-json\/wp\/v2\/users\/2"}],"replies":[{"embeddable":true,"href":"https:\/\/www.europesays.com\/fr\/wp-json\/wp\/v2\/comments?post=698058"}],"version-history":[{"count":0,"href":"https:\/\/www.europesays.com\/fr\/wp-json\/wp\/v2\/posts\/698058\/revisions"}],"wp:featuredmedia":[{"embeddable":true,"href":"https:\/\/www.europesays.com\/fr\/wp-json\/wp\/v2\/media\/698059"}],"wp:attachment":[{"href":"https:\/\/www.europesays.com\/fr\/wp-json\/wp\/v2\/media?parent=698058"}],"wp:term":[{"taxonomy":"category","embeddable":true,"href":"https:\/\/www.europesays.com\/fr\/wp-json\/wp\/v2\/categories?post=698058"},{"taxonomy":"post_tag","embeddable":true,"href":"https:\/\/www.europesays.com\/fr\/wp-json\/wp\/v2\/tags?post=698058"}],"curies":[{"name":"wp","href":"https:\/\/api.w.org\/{rel}","templated":true}]}}