{"id":698078,"date":"2026-01-29T20:21:15","date_gmt":"2026-01-29T20:21:15","guid":{"rendered":"https:\/\/www.europesays.com\/fr\/698078\/"},"modified":"2026-01-29T20:21:15","modified_gmt":"2026-01-29T20:21:15","slug":"maman-sort-danser-la-soiree-reservee-aux-femmes-revient-pour-une-seconde-edition-en-seine-et-marne","status":"publish","type":"post","link":"https:\/\/www.europesays.com\/fr\/698078\/","title":{"rendered":"\u00ab Maman sort danser \u00bb, la soir\u00e9e r\u00e9serv\u00e9e aux femmes, revient pour une seconde \u00e9dition en Seine-et-Marne"},"content":{"rendered":"<p>                    Par<br \/>\n        <strong><br \/>\n            <a href=\"https:\/\/actu.fr\/auteur\/baptiste-ringeval02-actu-fr\" title=\"Consulter tous les articles de Baptiste Ringeval\" target=\"_blank\" rel=\"noopener\">Baptiste Ringeval<\/a><br \/>\n                    <\/strong><\/p>\n<p>        Publi\u00e9 le<\/p>\n<p>            29 janv. 2026 \u00e0 21h00        <\/p>\n<p>Un concept qui cartonne. Samedi 7\u00a0f\u00e9vrier 2026, entre 20h et 23h, <a href=\"https:\/\/actu.fr\/ile-de-france\/saint-mard_77420\/seine-et-marne-le-seul-bar-dansant-de-ce-secteur-ne-demenage-finalement-pas-et-rouvre-ce-vendredi-soir_62195746.html\" target=\"_blank\" rel=\"noopener\">le Cottage Club<\/a> situ\u00e9 \u00e0 <a href=\"https:\/\/actu.fr\/ile-de-france\/saint-mard_77420\" target=\"_blank\" rel=\"noopener\">Saint-Mard<\/a> (Seine-et-Marne) ouvre ses portes pour une soir\u00e9e <a href=\"https:\/\/actu.fr\/normandie\/bernay_27056\/bernay-apres-le-succes-de-la-premiere-edition-une-deuxieme-soiree-maman-sort-danser-en-discotheque_63727904.html\" target=\"_blank\" rel=\"noopener\">\u00ab Maman sort danser \u00bb<\/a>. Ce sera d\u2019ailleurs <b>la seconde fois que la discoth\u00e8que accueillera ce concept <\/b>qui permet \u00ab \u00e0 toutes les femmes majeures, et pas qu\u2019aux mamans, de venir s\u2019amuser \u00e0 des heures adapt\u00e9es \u00bb, explique <b>Cindy<\/b>, la r\u00e9f\u00e9rente de \u00ab Maman sort danser \u00bb pour l\u2019\u00cele-de-France.<\/p>\n<p class=\" wall-content\">Lors de la premi\u00e8re \u00e9dition, \u00ab qui \u00e9tait <b>un v\u00e9ritable succ\u00e8s<\/b> \u00bb, en novembre\u00a02025, 300 femmes de tous \u00e2ges\u00a0\u00e9taient venues se d\u00e9hancher dans la\u00a0bo\u00eete de nuit \u00e0 l\u2019occasion de cette soir\u00e9e 100 % f\u00e9minine.<\/p>\n<p>Jusqu\u2019\u00e0 400\u00a0personnes<\/p>\n<p class=\" wall-content\">Face \u00e0 ce succ\u00e8s, l\u2019organisatrice et les propri\u00e9taires de l\u2019\u00e9tablissement ont d\u00e9cid\u00e9 de\u00a0<b>renouveler l\u2019exp\u00e9rience<\/b>. Ainsi, une deuxi\u00e8me soir\u00e9e \u00ab Maman sort danser \u00bb aura lieu samedi 7\u00a0f\u00e9vrier. \u00ab Nous essayons d\u2019avoir des dates, dans l\u2019id\u00e9al, en dehors des vacances scolaires et de toutes les dates qui pourraient \u00eatre li\u00e9es \u00e0 la famille ou au couple \u00bb, explique l\u2019organisatrice avant de compl\u00e9ter : \u00ab pour cette seconde \u00e9dition, <b>nous avons augment\u00e9 la capacit\u00e9. Il y aura entre 350 et 400 participantes<\/b>. Il n\u2019y a d\u2019ailleurs d\u00e9j\u00e0 plus beaucoup de places disponibles. \u00bb<\/p>\n<p class=\" wall-content\">De leur c\u00f4t\u00e9, les propri\u00e9taires du Cottage Club, surpris de l\u2019engouement, ont a d\u00e9cid\u00e9 d\u2019ouvrir une seconde salle pour cette soir\u00e9e du 7\u00a0f\u00e9vrier. \u00ab On avait envie de <b>permettre \u00e0 encore plus de femmes de venir et de s\u2019amuser.<\/b> \u00bb<\/p>\n<p class=\" wall-content\">Par la suite, \u00ab l\u2019id\u00e9e serait d\u2019en faire <b>un \u00e9v\u00e9nement r\u00e9current,<\/b> qu\u2019il ait lieu une fois tous les trimestres \u00bb, compl\u00e8te Cindy qui explique que la soir\u00e9e est donc r\u00e9serv\u00e9e exclusivement aux femmes. Mais contrairement \u00e0 ce que sugg\u00e8re son nom, elle n\u2019est pas r\u00e9serv\u00e9e seulement aux m\u00e8res de famille. \u00ab <b>Toutes les femmes majeures<\/b>\u00a0<b>peuvent participer.<\/b> Elles pourront <a href=\"https:\/\/actu.fr\/loisirs-culture\/danse\" target=\"_blank\" rel=\"noopener\">danser<\/a> sur de nombreux tubes nationaux et internationaux, des ann\u00e9es 80 aux ann\u00e9es 2010. \u00bb<\/p>\n<p>Vid\u00e9os : en ce moment sur Actu<\/p>\n<blockquote class=\"ac-article-quote wall-content\">\n<p>Je me suis dit que si j\u2019en avais besoin, beaucoup d\u2019autres femmes \u00e9taient dans ce cas.<\/p>\n<p>Cindy, r\u00e9f\u00e9rente pour l\u2019\u00cele-de-France<\/p><\/blockquote>\n<p>Un concept venu d\u2019Allemagne<\/p>\n<p class=\" wall-content\">Si le concept est pr\u00e9sent dans une grande partie de la France aujourd\u2019hui, <b>il est venu d\u2019Allemagne et a \u00e9t\u00e9 cr\u00e9\u00e9 par deux mamans. <\/b><\/p>\n<p>Votre r\u00e9gion, votre actu !<\/p>\n<p>Recevez chaque jour les infos qui comptent pour vous.<\/p>\n<p>\t<a href=\"https:\/\/actu.fr\/newsletter\" class=\"ac-btn ac-btn--corner ac-btn--medium ac-btn--blue800\" target=\"_blank\" rel=\"noopener\">S&rsquo;incrire<\/a><\/p>\n<p class=\" wall-content\">\u00ab Face \u00e0 l\u2019engouement que \u00e7a a eu chez nos voisins allemands, les fondatrices ont d\u00e9cid\u00e9 de l\u2019exporter et de d\u00e9velopper des franchises dans d\u2019autres pays. Aujourd\u2019hui, <b>nous sommes 40 ambassadrices dans 5 pays europ\u00e9ens<\/b>. En France, il a \u00e9t\u00e9 lanc\u00e9 en avril dernier \u00bb, poursuit Cindy, m\u00e8re de 3\u00a0enfants, qui a tout de suite adh\u00e9r\u00e9 \u00e0 l\u2019id\u00e9e.<\/p>\n<p>Les billets ne sont en vente que sur le site, il ne sera pas possible d\u2019entrer directement le jour J. Les parties bar et vestiaire seront assur\u00e9es par la discoth\u00e8que et les participantes pourront rester apr\u00e8s 23 h pour l\u2019ouverture de l\u2019\u00e9tablissement \u00e0 tout le public.Retrouvez les pr\u00e9ventes sur la billetterie du <a href=\"https:\/\/mamansortdanserparis.ticket.io\/hfnHfRKR\/\" target=\"_blank\" rel=\"noopener\">site \u00ab Maman sort danser \u00bb<\/a>. La discoth\u00e8que Cottage Club est situ\u00e9e au 15 avenue des Deux Moulins, \u00e0 Saint-Mard.<\/p>\n<p class=\" wall-content\">Personnalisez votre actualit\u00e9 en ajoutant vos villes et m\u00e9dias en favori avec <a href=\"https:\/\/moncompte.actu.fr\" title=\"D\u00e9couvez Mon Actu\" rel=\"nofollow noopener\" data-trk=\"{&quot;cta&quot;:{&quot;action&quot;:&quot;https:\\\/\\\/moncompte.actu.fr&quot;,&quot;category&quot;:&quot;mon compte&quot;,&quot;from&quot;:&quot;article footer&quot;,&quot;name&quot;:&quot;Mon actu&quot;,&quot;type&quot;:&quot;cta&quot;}}\" target=\"_blank\">Mon Actu<\/a>.<\/p>\n","protected":false},"excerpt":{"rendered":"Par Baptiste Ringeval Publi\u00e9 le 29 janv. 2026 \u00e0 21h00 Un concept qui cartonne. Samedi 7\u00a0f\u00e9vrier 2026, entre&hellip;\n","protected":false},"author":2,"featured_media":698079,"comment_status":"","ping_status":"","sticky":false,"template":"","format":"standard","meta":{"footnotes":""},"categories":[1592],"tags":[1111,11,5972,1777,674,1011,27,662,1652,12,626,25],"class_list":{"0":"post-698078","1":"post","2":"type-post","3":"status-publish","4":"format-standard","5":"has-post-thumbnail","7":"category-ile-de-france","8":"tag-actu","9":"tag-actualites","10":"tag-danse","11":"tag-eu","12":"tag-europe","13":"tag-fr","14":"tag-france","15":"tag-ile-de-france","16":"tag-loisirs-culture","17":"tag-news","18":"tag-paris","19":"tag-republique-francaise"},"share_on_mastodon":{"url":"https:\/\/pubeurope.com\/@fr\/115980250960275172","error":""},"_links":{"self":[{"href":"https:\/\/www.europesays.com\/fr\/wp-json\/wp\/v2\/posts\/698078","targetHints":{"allow":["GET"]}}],"collection":[{"href":"https:\/\/www.europesays.com\/fr\/wp-json\/wp\/v2\/posts"}],"about":[{"href":"https:\/\/www.europesays.com\/fr\/wp-json\/wp\/v2\/types\/post"}],"author":[{"embeddable":true,"href":"https:\/\/www.europesays.com\/fr\/wp-json\/wp\/v2\/users\/2"}],"replies":[{"embeddable":true,"href":"https:\/\/www.europesays.com\/fr\/wp-json\/wp\/v2\/comments?post=698078"}],"version-history":[{"count":0,"href":"https:\/\/www.europesays.com\/fr\/wp-json\/wp\/v2\/posts\/698078\/revisions"}],"wp:featuredmedia":[{"embeddable":true,"href":"https:\/\/www.europesays.com\/fr\/wp-json\/wp\/v2\/media\/698079"}],"wp:attachment":[{"href":"https:\/\/www.europesays.com\/fr\/wp-json\/wp\/v2\/media?parent=698078"}],"wp:term":[{"taxonomy":"category","embeddable":true,"href":"https:\/\/www.europesays.com\/fr\/wp-json\/wp\/v2\/categories?post=698078"},{"taxonomy":"post_tag","embeddable":true,"href":"https:\/\/www.europesays.com\/fr\/wp-json\/wp\/v2\/tags?post=698078"}],"curies":[{"name":"wp","href":"https:\/\/api.w.org\/{rel}","templated":true}]}}