{"id":698130,"date":"2026-01-29T20:53:11","date_gmt":"2026-01-29T20:53:11","guid":{"rendered":"https:\/\/www.europesays.com\/fr\/698130\/"},"modified":"2026-01-29T20:53:11","modified_gmt":"2026-01-29T20:53:11","slug":"ce-vieux-prenom-oublie-depuis-les-annees-20-entre-a-nouveau-dans-le-top-100-en-2026","status":"publish","type":"post","link":"https:\/\/www.europesays.com\/fr\/698130\/","title":{"rendered":"Ce vieux pr\u00e9nom oubli\u00e9 depuis les ann\u00e9es 20 entre \u00e0 nouveau dans le top 100 en 2026"},"content":{"rendered":"<p itemprop=\"description\">Apr\u00e8s des d\u00e9cennies en d\u00e9clin, ce pr\u00e9nom<br \/>\nf\u00e9minin fait un retour remarqu\u00e9 en 2026 et s\u00e9duit \u00e0 nouveau les<br \/>\njeunes parents.<\/p>\n<p data-start=\"233\" data-end=\"639\">L\u2019arriv\u00e9e d\u2019un b\u00e9b\u00e9 est un<br \/>\nmoment rempli d\u2019\u00e9motions, mais elle s\u2019accompagne aussi d\u2019un choix<br \/>\ncrucial : <a href=\"https:\/\/www.bibamagazine.fr\/lifestyle\/fini-les-prenoms-en-a-voici-les-3-nouvelles-terminaisons-qui-vont-dominer-en-2025-501876.html\" target=\"_blank\" rel=\"noopener\"><br \/>\ncelui du pr\u00e9nom.<\/a> Trouver le bon nom n\u2019est jamais facile,<br \/>\nsurtout quand il faut se mettre d\u2019accord avec son partenaire et<br \/>\nprendre en compte les diff\u00e9rents crit\u00e8res : la sonorit\u00e9, la<br \/>\nsignification et l\u2019avenir de l\u2019enfant. Certains parents optent pour<br \/>\n<a href=\"https:\/\/www.bibamagazine.fr\/lifestyle\/ce-prenom-masculin-simple-et-moderne-sera-dans-le-top-20-en-2026-446572.html\" target=\"_blank\" rel=\"noopener\"><br \/>\nla modernit\u00e9<\/a>, d\u2019autres pour des classiques intemporels qui<br \/>\ntraversent les g\u00e9n\u00e9rations.<\/p>\n<p data-start=\"713\" data-end=\"1107\">Autrefois tr\u00e8s populaire, le<br \/>\npr\u00e9nom <strong data-start=\"749\" data-end=\"760\">Suzanne<\/strong> a<br \/>\nconnu un pic au d\u00e9but du XXe si\u00e8cle, avec <strong data-start=\"805\" data-end=\"835\">9 485 naissances recens\u00e9es<\/strong> \u00e0 son apog\u00e9e.<br \/>\nDepuis, il a lentement d\u00e9clin\u00e9 pendant plusieurs d\u00e9cennies, au<br \/>\npoint de devenir moins courant \u00e0 partir des ann\u00e9es 1960. Pourtant,<br \/>\nSuzanne n\u2019a jamais disparu : il est rest\u00e9 un pr\u00e9nom reconnu et<br \/>\n\u00e9l\u00e9gant, capable de traverser les d\u00e9cennies sans perdre de la<br \/>\nvaleur.<\/p>\n<p>Quelle est la signification du<br \/>\npr\u00e9nom Suzanne ?<\/p>\n<p data-start=\"1109\" data-end=\"1506\">Et les chiffres r\u00e9cents le<br \/>\nconfirment : en <strong data-start=\"1152\" data-end=\"1199\">2024, 695<br \/>\nfilles<\/strong> ont \u00e9t\u00e9 pr\u00e9nomm\u00e9es Suzanne, ce qui montre qu\u2019il<br \/>\nreste tr\u00e8s pr\u00e9sent. Cette popularit\u00e9 retrouv\u00e9e lui permet<br \/>\naujourd\u2019hui de r\u00e9int\u00e9grer le <strong data-start=\"1336\" data-end=\"1369\">Top 100 des pr\u00e9noms de filles<\/strong>, o\u00f9 il figure<br \/>\nfi\u00e8rement dans l\u2019\u00e9dition 2026 de L\u2019Officiel des pr\u00e9noms.\u00a0<\/p>\n<p data-start=\"1567\" data-end=\"1913\">Suzanne est un <a href=\"https:\/\/www.bibamagazine.fr\/lifestyle\/mes-proches\/ce-prenom-dorigine-hebraique-longtemps-donnes-aux-garcons-seduit-de-plus-en-plus-les-parents-de-petites-filles-465468.html\" target=\"_blank\" rel=\"noopener\"><br \/>\npr\u00e9nom d\u2019origine h\u00e9bra\u00efque<\/a>, parfois \u00e9crit Suzanna, qui signifie<br \/>\n\u00ab\u00a0<strong data-start=\"1654\" data-end=\"1677\">rose\u00a0\u00bb ou<br \/>\n\u00a0\u00ab\u00a0lys\u00a0\u00bb<\/strong>. Issu du mot h\u00e9breu Shoshannah, il \u00e9voque la fleur, symbole de<br \/>\npuret\u00e9 et de beaut\u00e9. Le pr\u00e9nom est c\u00e9l\u00e9br\u00e9 le 11 ao\u00fbt, et les<br \/>\npersonnes qui le portent h\u00e9ritent de cette symbolique florale,<br \/>\nempreinte de d\u00e9licatesse et d\u2019\u00e9l\u00e9gance.<\/p>\n<p>Quelle est la personnalit\u00e9 de Suzanne ?<\/p>\n<p data-start=\"1956\" data-end=\"2422\">Au-del\u00e0 de sa beaut\u00e9 sonore et<br \/>\nde son histoire, Suzanne est traditionnellement associ\u00e9e \u00e0 des<br \/>\nqualit\u00e9s humaines remarquables. Les Suzanne sont souvent per\u00e7ues<br \/>\ncomme <strong data-start=\"2121\" data-end=\"2144\">douces et<br \/>\nsensibles<\/strong>, attentives aux autres et pleines de<br \/>\nbienveillance. Elles allient cette sensibilit\u00e9 \u00e0<br \/>\n<strong data-start=\"2231\" data-end=\"2255\">une force<br \/>\nint\u00e9rieure<\/strong>, capable de faire face aux d\u00e9fis et de d\u00e9fendre<br \/>\nleurs convictions, rappelant la figure biblique de Suzanne, c\u00e9l\u00e8bre<br \/>\npour sa vertu et son courage face \u00e0 l\u2019injustice.<\/p>\n<p data-start=\"2471\" data-end=\"2844\">Les Suzanne sont \u00e9galement<br \/>\n<strong data-start=\"2498\" data-end=\"2525\">cr\u00e9atives et<br \/>\nintuitives<\/strong>, avec un sens aigu de l\u2019harmonie et de<br \/>\nl\u2019esth\u00e9tique. Sociables mais s\u00e9lectives, elles privil\u00e9gient les<br \/>\nrelations sinc\u00e8res et savent se prot\u00e9ger des influences n\u00e9gatives.<br \/>\nEnfin, leur <strong data-start=\"2708\" data-end=\"2737\">loyaut\u00e9 et<br \/>\nleur fiabilit\u00e9<\/strong> font d\u2019elles des personnes sur qui l\u2019on<br \/>\npeut compter, inspirant confiance et constance \u00e0 leur<br \/>\nentourage.<\/p>\n","protected":false},"excerpt":{"rendered":"Apr\u00e8s des d\u00e9cennies en d\u00e9clin, ce pr\u00e9nom f\u00e9minin fait un retour remarqu\u00e9 en 2026 et s\u00e9duit \u00e0 nouveau&hellip;\n","protected":false},"author":2,"featured_media":698131,"comment_status":"","ping_status":"","sticky":false,"template":"","format":"standard","meta":{"footnotes":""},"categories":[8],"tags":[930,20747,4307,5734,13041,7495,17488,1446,394,58,3026,59,2834,1011,27,151,4565,34593,10478,3030,10586],"class_list":{"0":"post-698130","1":"post","2":"type-post","3":"status-publish","4":"format-standard","5":"has-post-thumbnail","7":"category-divertissement","8":"tag-le","9":"tag-20747","10":"tag-4307","11":"tag-5734","12":"tag-a","13":"tag-annees","14":"tag-ce","15":"tag-dans","16":"tag-depuis","17":"tag-divertissement","18":"tag-en","19":"tag-entertainment","20":"tag-entre","21":"tag-fr","22":"tag-france","23":"tag-les","24":"tag-nouveau","25":"tag-oublie","26":"tag-prenom","27":"tag-top","28":"tag-vieux"},"share_on_mastodon":{"url":"https:\/\/pubeurope.com\/@fr\/115980376737247451","error":""},"_links":{"self":[{"href":"https:\/\/www.europesays.com\/fr\/wp-json\/wp\/v2\/posts\/698130","targetHints":{"allow":["GET"]}}],"collection":[{"href":"https:\/\/www.europesays.com\/fr\/wp-json\/wp\/v2\/posts"}],"about":[{"href":"https:\/\/www.europesays.com\/fr\/wp-json\/wp\/v2\/types\/post"}],"author":[{"embeddable":true,"href":"https:\/\/www.europesays.com\/fr\/wp-json\/wp\/v2\/users\/2"}],"replies":[{"embeddable":true,"href":"https:\/\/www.europesays.com\/fr\/wp-json\/wp\/v2\/comments?post=698130"}],"version-history":[{"count":0,"href":"https:\/\/www.europesays.com\/fr\/wp-json\/wp\/v2\/posts\/698130\/revisions"}],"wp:featuredmedia":[{"embeddable":true,"href":"https:\/\/www.europesays.com\/fr\/wp-json\/wp\/v2\/media\/698131"}],"wp:attachment":[{"href":"https:\/\/www.europesays.com\/fr\/wp-json\/wp\/v2\/media?parent=698130"}],"wp:term":[{"taxonomy":"category","embeddable":true,"href":"https:\/\/www.europesays.com\/fr\/wp-json\/wp\/v2\/categories?post=698130"},{"taxonomy":"post_tag","embeddable":true,"href":"https:\/\/www.europesays.com\/fr\/wp-json\/wp\/v2\/tags?post=698130"}],"curies":[{"name":"wp","href":"https:\/\/api.w.org\/{rel}","templated":true}]}}