{"id":69819,"date":"2025-05-02T17:25:10","date_gmt":"2025-05-02T17:25:10","guid":{"rendered":"https:\/\/www.europesays.com\/fr\/69819\/"},"modified":"2025-05-02T17:25:10","modified_gmt":"2025-05-02T17:25:10","slug":"lotan-doit-sattendre-a-linattendu-ces-signes-qui-indiquent-que-la-russie-ne-sarretera-pas-apres-lukraine","status":"publish","type":"post","link":"https:\/\/www.europesays.com\/fr\/69819\/","title":{"rendered":"\u00ab\u00a0L&rsquo;OTAN doit s&rsquo;attendre \u00e0 l&rsquo;inattendu\u00a0\u00bb\u00a0: ces signes qui indiquent que la Russie ne s&rsquo;arr\u00eatera pas apr\u00e8s l&rsquo;Ukraine"},"content":{"rendered":"<p class=\"ap-StoryElement ap-StoryElement--mb js-paywall-target ap-StoryText\">Cependant, le m\u00e9dia am\u00e9ricain <a href=\"https:\/\/www.newsweek.com\/russia-preparing-war-nato-2067095\" target=\"_blank\" rel=\"nofollow noopener\">Newsweek <\/a>signale qu&rsquo;il ne faut pas se r\u00e9jouir pour autant. D&rsquo;apr\u00e8s ses journalistes, <a href=\"https:\/\/www.lalibre.be\/international\/europe\/guerre-ukraine-russie\/2025\/05\/02\/guerre-en-ukraine-vladimir-poutine-aurait-revu-sa-strategie-selon-cnn-ZWK4NXS2M5EVZBJ5VKZPIKOZRI\/\" target=\"_blank\" rel=\"nofollow noopener\">Vladimir Poutine<\/a> pr\u00e9pare en effet discr\u00e8tement le terrain pour un conflit avec l&rsquo;Otan. En janvier dernier d\u00e9j\u00e0, l&rsquo;amiral n\u00e9erlandais Rob Bauer, chef du comit\u00e9 militaire au sein de l&rsquo;Otan, avertissait que l&rsquo;Alliance devait \u00ab\u00a0s&rsquo;attendre \u00e0 l&rsquo;inattendu\u00a0\u00bb et se pr\u00e9parer \u00e0 une attaque russe.<\/p>\n<p><a href=\"https:\/\/www.lalibre.be\/international\/europe\/guerre-ukraine-russie\/2025\/05\/02\/guerre-en-ukraine-vladimir-poutine-aurait-revu-sa-strategie-selon-cnn-ZWK4NXS2M5EVZBJ5VKZPIKOZRI\/\" target=\"_blank\" rel=\"noopener noreferrer nofollow\" class=\"ap-StoryInterstitialLink ap-StoryElement ap-StoryElement--mb\">Guerre en Ukraine : Vladimir Poutine aurait revu sa strat\u00e9gie, selon CNN<\/a>Un nouveau quartier g\u00e9n\u00e9ral militaire pr\u00e8s de la fronti\u00e8re finlandaise<\/p>\n<p class=\"ap-StoryElement ap-StoryElement--mb ap-StoryText\">Pour Newsweek, un premier signe de ce danger que repr\u00e9sente la Russie est \u00e0 voir du c\u00f4t\u00e9 des <a href=\"https:\/\/www.lalibre.be\/international\/europe\/guerre-ukraine-russie\/2024\/10\/14\/comment-la-russie-recrute-des-soldats-de-gre-ou-de-force-lukraine-nest-jamais-mentionnee-le-devoir-patriotique-non-plus-W527FXV5URCB7KGTG2JFPO63AE\/\" target=\"_blank\" rel=\"nofollow noopener\">mouvements militaires russes<\/a>. Le m\u00e9dia cite le Wall Street Journal qui rapportait lundi que les Russes renfor\u00e7aient leur pr\u00e9sence aux fronti\u00e8res avec la Finlande et la Norv\u00e8ge.<\/p>\n<p class=\"ap-StoryElement ap-StoryElement--mb ap-StoryText\">Vladimir Poutine pr\u00e9voit d&rsquo;ailleurs de baser un nouveau quartier g\u00e9n\u00e9ral militaire \u00e0 Petrozavodsk, une ville situ\u00e9e \u00e0 peine 160 kilom\u00e8tres de la fronti\u00e8re finlandaise. Selon des experts militaires russes, ce mouvement militaire fait partie des pr\u00e9paratifs plus larges du pr\u00e9sident en vue d&rsquo;un \u00e9ventuel conflit avec l&rsquo;Otan. \u00ab\u00a0Lorsque les troupes reviendront [d&rsquo;Ukraine], elles observeront de l&rsquo;autre c\u00f4t\u00e9 de la fronti\u00e8re un pays qu&rsquo;elles consid\u00e8rent comme un adversaire\u00a0\u00bb, indique ainsi l&rsquo;un de ces experts.<\/p>\n<p>Des services de renseignement sur le qui-vive<\/p>\n<p class=\"ap-StoryElement ap-StoryElement--mb ap-StoryText\">Un deuxi\u00e8me signe \u00e9vocateur pour Newsweek de cette menace russe, ce sont les mises en garde \u00e0 r\u00e9p\u00e9tition des services de renseignement de diff\u00e9rents pays europ\u00e9ens. <a href=\"https:\/\/www.lalibre.be\/international\/europe\/guerre-ukraine-russie\/2025\/03\/24\/la-menace-est-grande-selon-un-expert-militaire-allemand-lotan-doit-se-preparer-a-une-possible-attaque-russe-dici-lautomne-FOAGXXOCGRGUNOUL5FGRBOOGDQ\/\" target=\"_blank\" rel=\"nofollow noopener\">En mars dernier, les Allemands annon\u00e7aient que Poutine se pr\u00e9parait \u00e0 un conflit avec l&rsquo;Otan<\/a>. Selon leur rapport, la Russie pourrait \u00eatre pleinement pr\u00eate pour une \u00ab\u00a0guerre conventionnelle \u00e0 grande \u00e9chelle\u00a0\u00bb d&rsquo;ici 2030.<\/p>\n<p class=\"ap-StoryElement ap-StoryElement--mb ap-StoryText\">Du c\u00f4t\u00e9 des services de renseignement lituaniens, on indique que si Moscou n&rsquo;est peut-\u00eatre pas encore pr\u00eate \u00e0 une attaque \u00e0 grande \u00e9chelle contre l&rsquo;Alliance, elle pourrait \u00eatre tent\u00e9e de \u00ab\u00a0tester l&rsquo;Otan\u00a0\u00bb. Comment\u00a0? En menant une op\u00e9ration militaire limit\u00e9e contre un ou plusieurs \u00c9tats membres. L&rsquo;objectif pour Poutine serait alors de voir si, conform\u00e9ment \u00e0 l&rsquo;article\u00a05 de la charte de l&rsquo;Otan, tous les pays s&rsquo;uniraient pour r\u00e9pondre \u00e0 l&rsquo;envahisseur.<\/p>\n<p><a href=\"https:\/\/www.lalibre.be\/international\/europe\/guerre-ukraine-russie\/2025\/04\/30\/trump-estime-que-poutine-veut-la-paix-en-ukraine-son-reve-etait-de-semparer-de-tout-le-pays-mais-a-cause-de-moi-il-ne-va-pas-le-faire-QQMFP3DC6ZHBHGVXON3M7Q3HRI\/\" target=\"_blank\" rel=\"noopener noreferrer nofollow\" class=\"ap-StoryInterstitialLink ap-StoryElement ap-StoryElement--mb\">Trump estime que Poutine veut la paix en Ukraine : \u00ab\u00a0Son r\u00eave \u00e9tait de s&#8217;emparer de tout le pays mais \u00e0 cause de moi, il ne va pas le faire\u00a0\u00bb<\/a>Des d\u00e9penses militaires en hausse<\/p>\n<p class=\"ap-StoryElement ap-StoryElement--mb ap-StoryText\">On apprend en outre que les Russes intensifient leur recrutement militaire et acc\u00e9l\u00e8rent leur production d&rsquo;armes. Pour poursuivre la guerre en Ukraine dans un premier temps, mais pour potentiellement s&rsquo;en prendre \u00e0 l&rsquo;<a href=\"https:\/\/www.lalibre.be\/debats\/opinions\/2025\/04\/16\/lotan-est-morte-est-les-dirigeants-europeens-sont-dans-le-deni-YSEEDWOYU5CRXBLA5AP5UBXD5Q\/\" target=\"_blank\" rel=\"nofollow noopener\">Otan<\/a> ensuite.<\/p>\n<p class=\"ap-StoryElement ap-StoryElement--mb ap-StoryText\">Comme l&rsquo;explique Newsweek, les d\u00e9penses militaires de la Russie augmentent \u00e0 un rythme record, et devraient atteindre environ 120\u00a0milliards d&rsquo;euros en 2025, soit plus de 6\u00a0% du PIB du pays. Le m\u00e9dia am\u00e9ricain cite en outre un <a href=\"https:\/\/www.iiss.org\/events\/2025\/01\/the-military-balance-2025-launch\/\" target=\"_blank\" rel=\"nofollow noopener\">rapport de f\u00e9vrier<\/a> qui indique que les d\u00e9penses militaires russes ont d\u00e9pass\u00e9 celles de l&rsquo;Europe.<\/p>\n<p><a href=\"https:\/\/www.lalibre.be\/international\/europe\/2025\/04\/24\/a-moscou-plane-un-etrange-air-de-normalisation-il-existe-un-plan-revenir-a-la-russie-de-2021-G35T66NGKBANDPTBCFQGVEZJIU\/\" target=\"_blank\" rel=\"noopener noreferrer nofollow\" class=\"ap-StoryInterstitialLink ap-StoryElement ap-StoryElement--mb\">\u00c0 Moscou plane un \u00e9trange air de normalisation : \u00ab\u00a0Il existe un plan &lsquo;revenir \u00e0 la Russie de 2021&prime;\u00a0\u00bb<\/a>Des actes de sabotage \u00e0 r\u00e9p\u00e9tition<\/p>\n<p class=\"ap-StoryElement ap-StoryElement--mb ap-StoryText\">Ce n&rsquo;est pas neuf mais Newsweek \u00e9voque un quatri\u00e8me signe de la menace russe, qui se manifeste <a href=\"https:\/\/www.lalibre.be\/belgique\/societe\/2025\/03\/13\/nous-navons-vu-que-le-debut-deja-27-navires-russes-detectes-cette-annee-au-large-de-la-belgique-Z6QCPL5BXJBWTEODARN2SWKYQU\/\" target=\"_blank\" rel=\"nofollow noopener\">au travers des diff\u00e9rents actes de sabotage et d&rsquo;espionnage<\/a> dans les mers et oc\u00e9ans. Ces derniers mois, ce genre d&rsquo;\u00e9v\u00e9nements est largement rapport\u00e9 par la presse europ\u00e9enne. D&rsquo;aucuns soup\u00e7onnent Vladimir Poutine de cibler les c\u00e2bles sous-marins et les infrastructures critiques, afin de couper les communications et aussi perturber l&rsquo;\u00e9conomie mondiale.<\/p>\n<p class=\"ap-StoryElement ap-StoryElement--mb ap-StoryText\">D&rsquo;apr\u00e8s le m\u00e9dia am\u00e9ricain, Andre\u00ef Keline, ambassadeur de Russie au Royaume-Uni, a d&rsquo;ailleurs eu un comportement plut\u00f4t suspect derni\u00e8rement. Il a en effet refus\u00e9 de d\u00e9mentir les informations selon lesquelles la Russie espionnait les sous-marins nucl\u00e9aires britanniques dans les mers avoisinant l&rsquo;\u00eele.<\/p>\n<p><a href=\"https:\/\/www.lalibre.be\/international\/europe\/2025\/03\/12\/des-belges-recrutes-en-ligne-par-des-reseaux-russes-pour-divers-missions-de-sabotage-et-despionnage-66I45KKDQFHZFFLHFSH7LL4KAA\/\" target=\"_blank\" rel=\"noopener noreferrer nofollow\" class=\"ap-StoryInterstitialLink ap-StoryElement ap-StoryElement--mb\">Des Belges recrut\u00e9s en ligne par des r\u00e9seaux russes pour divers missions de sabotage et d&rsquo;espionnage<\/a><\/p>\n<p class=\"ap-StoryElement ap-StoryElement--mb ap-StoryText\">Enfin, d&rsquo;apr\u00e8s <a href=\"https:\/\/www.csis.org\/analysis\/russias-shadow-war-against-west\" target=\"_blank\" rel=\"nofollow noopener\">le Centre d&rsquo;\u00e9tudes strat\u00e9giques et internationales<\/a>, la Russie m\u00e8ne une campagne de sabotage et de d\u00e9stabilisation de plus en plus violente contre des cibles europ\u00e9ennes et am\u00e9ricaines en Europe. Le rapport note que le nombre d&rsquo;attaques russes en Europe a presque tripl\u00e9 entre\u00a02023 et\u00a02024, apr\u00e8s avoir d\u00e9j\u00e0 quadrupl\u00e9 entre\u00a02022 et\u00a02023.<\/p>\n<p class=\"ap-StoryElement ap-StoryElement--mb ap-StoryText\">\u00ab\u00a0Le gouvernement russe, y compris le pr\u00e9sident Vladimir Poutine, ne sont pas dignes de confiance\u00a0\u00bb, conclut m\u00eame le rapport. Voil\u00e0 donc de quoi mettre un peu plus en alerte l&rsquo;Otan, qui doit se pr\u00e9parer \u00e0 tous les sc\u00e9narios.<\/p>\n","protected":false},"excerpt":{"rendered":"Cependant, le m\u00e9dia am\u00e9ricain Newsweek signale qu&rsquo;il ne faut pas se r\u00e9jouir pour autant. D&rsquo;apr\u00e8s ses journalistes, Vladimir&hellip;\n","protected":false},"author":2,"featured_media":69820,"comment_status":"","ping_status":"","sticky":false,"template":"","format":"standard","meta":{"footnotes":""},"categories":[1591],"tags":[11,1887,1227,12,9024,1885,1886,132],"class_list":{"0":"post-69819","1":"post","2":"type-post","3":"status-publish","4":"format-standard","5":"has-post-thumbnail","7":"category-russie","8":"tag-actualites","9":"tag-federation-de-russie","10":"tag-horizontal","11":"tag-news","12":"tag-politics","13":"tag-russia","14":"tag-russian-federation","15":"tag-russie"},"share_on_mastodon":{"url":"https:\/\/pubeurope.com\/@fr\/114439410431390809","error":""},"_links":{"self":[{"href":"https:\/\/www.europesays.com\/fr\/wp-json\/wp\/v2\/posts\/69819","targetHints":{"allow":["GET"]}}],"collection":[{"href":"https:\/\/www.europesays.com\/fr\/wp-json\/wp\/v2\/posts"}],"about":[{"href":"https:\/\/www.europesays.com\/fr\/wp-json\/wp\/v2\/types\/post"}],"author":[{"embeddable":true,"href":"https:\/\/www.europesays.com\/fr\/wp-json\/wp\/v2\/users\/2"}],"replies":[{"embeddable":true,"href":"https:\/\/www.europesays.com\/fr\/wp-json\/wp\/v2\/comments?post=69819"}],"version-history":[{"count":0,"href":"https:\/\/www.europesays.com\/fr\/wp-json\/wp\/v2\/posts\/69819\/revisions"}],"wp:featuredmedia":[{"embeddable":true,"href":"https:\/\/www.europesays.com\/fr\/wp-json\/wp\/v2\/media\/69820"}],"wp:attachment":[{"href":"https:\/\/www.europesays.com\/fr\/wp-json\/wp\/v2\/media?parent=69819"}],"wp:term":[{"taxonomy":"category","embeddable":true,"href":"https:\/\/www.europesays.com\/fr\/wp-json\/wp\/v2\/categories?post=69819"},{"taxonomy":"post_tag","embeddable":true,"href":"https:\/\/www.europesays.com\/fr\/wp-json\/wp\/v2\/tags?post=69819"}],"curies":[{"name":"wp","href":"https:\/\/api.w.org\/{rel}","templated":true}]}}