{"id":698198,"date":"2026-01-29T21:37:13","date_gmt":"2026-01-29T21:37:13","guid":{"rendered":"https:\/\/www.europesays.com\/fr\/698198\/"},"modified":"2026-01-29T21:37:13","modified_gmt":"2026-01-29T21:37:13","slug":"municipales-a-paris-des-elus-ecologistes-rejoignent-sophia-chikirou-29-01-2026-a-2227","status":"publish","type":"post","link":"https:\/\/www.europesays.com\/fr\/698198\/","title":{"rendered":"Municipales \u00e0 Paris: des \u00e9lus \u00e9cologistes rejoignent Sophia Chikirou &#8211; 29\/01\/2026 \u00e0 22:27"},"content":{"rendered":"<p>        <img decoding=\"async\" src=\"https:\/\/www.europesays.com\/fr\/wp-content\/uploads\/2026\/01\/688129e495a7a07bb91f658841c0acc4-760x520.jpg\" alt=\"Des affiches et des tracts de la d\u00e9put\u00e9e Sophia Chikiro, ucandidate LFI \u00e0 la mairie de Paris, lors du lancement de sa campagne pour les municipales, le 14 novembre 2025 \u00e0 Paris ( AFP \/ Thibaud MORITZ )\" loading=\"eager\" fetchpriority=\"high\" width=\"760\" height=\"520\" style=\"max-width: 100%!important; height: auto;\"\/><\/p>\n<p class=\"c-image-news__legend\">Des affiches et des tracts de la d\u00e9put\u00e9e Sophia Chikiro, ucandidate LFI \u00e0 la mairie de Paris, lors du lancement de sa campagne pour les municipales, le 14 novembre 2025 \u00e0 Paris ( AFP \/ Thibaud MORITZ )<\/p>\n<p>\n Les conseillers de Paris \u00e9cologistes J\u00e9r\u00f4me Gleizes et Emile Meunier ont annonc\u00e9 jeudi rejoindre Sophia Chikirou, candidate LFI \u00e0 la mairie de Paris, marquant leur rupture avec la ligne de leur parti, qui a choisi de s&rsquo;allier d\u00e8s le premier tour avec les socialistes.\n<\/p>\n<p>\n \u00ab\u00a0On est rentr\u00e9s tr\u00e8s souvent en conflit avec la politique sociale-d\u00e9mocrate men\u00e9e \u00e0 Paris, que ce soit sur les questions d&rsquo;urbanisme, sur les questions de la place de la publicit\u00e9, ce qu&rsquo;on appelle la +LVMHisation+\u00a0\u00bb, a d\u00e9clar\u00e9 \u00e0 l&rsquo;AFP Emile Meunier, conseiller du 18e arrondissement, qui avait vot\u00e9 contre le ralliement des \u00e9cologistes \u00e0 une union de la gauche hors LFI emmen\u00e9e par le socialiste Emmanuel Gr\u00e9goire.\n<\/p>\n<p>\n Au total, 20% des places \u00e9ligibles sur la liste LFI pour la mairie centrale et les mairies d&rsquo;arrondissement seront r\u00e9serv\u00e9es \u00e0 des candidats \u00e9cologistes r\u00e9unis dans le collectif des \u00ab\u00a0Verts populaires\u00a0\u00bb.\n<\/p>\n<p>\n \u00ab\u00a0On a pass\u00e9 beaucoup de temps \u00e0 travailler sur le programme\u00a0\u00bb, a expliqu\u00e9 Sophia Chikirou.\n<\/p>\n<p>\n Parmi les propositions vertes int\u00e9gr\u00e9es \u00e0 son programme, celle de faire \u00e9voluer le p\u00e9riph\u00e9rique parisien \u00ab\u00a0vers un boulevard urbain\u00a0\u00bb, ou encore le fait de \u00ab\u00a0ne plus artificialiser un seul m\u00e8tre carr\u00e9\u00a0\u00bb.\n<\/p>\n<p>\n Les deux \u00e9lus parisiens, qui revendiquent \u00eatre \u00ab\u00a0plusieurs dizaines\u00a0\u00bb \u00e0 franchir le pas \u00e0 Paris, font partie des quelque 400 signataires d&rsquo;une tribune, publi\u00e9e lundi dans Mediapart, qui critique la strat\u00e9gie d&rsquo;alliance de la direction nationale du parti Les Ecologistes.\n<\/p>\n<p>\n Les signataires disent refuser d&rsquo;\u00eatre \u00ab\u00a0la b\u00e9quille d&rsquo;une social-d\u00e9mocratie qui entend exclure La France insoumise et choisit de tourner le dos au programme comme \u00e0 la logique unitaire du Nouveau Front populaire\u00a0\u00bb.\n<\/p>\n<p>\n Cette strat\u00e9gie d&rsquo;alliance parisienne rappelle celle r\u00e9cemment annonc\u00e9e \u00e0 Montpellier.\n<\/p>\n<p>\n \u00ab\u00a0L&rsquo;\u00e9lection municipale n&rsquo;est pas d\u00e9connect\u00e9e des enjeux nationaux\u00a0\u00bb, a comment\u00e9 Sophia Chikirou, qui critique r\u00e9guli\u00e8rement Emmanuel Gr\u00e9goire pour ses votes en tant que d\u00e9put\u00e9 \u00e0 l&rsquo;Assembl\u00e9e nationale, notamment pour avoir valid\u00e9 le budget 2026 aux c\u00f4t\u00e9s des d\u00e9put\u00e9s macronistes.\n<\/p>\n<p>\n \u00ab\u00a0A Paris, Gr\u00e9goire se dit de gauche. Mais \u00e0 l&rsquo;Assembl\u00e9e, ses votes sont clairs: brutalisation du Parlement, aust\u00e9rit\u00e9, coupes dans la sant\u00e9, la culture, l&rsquo;\u00e9cologie, le social\u00a0\u00bb, lui avait-elle reproch\u00e9 mardi sur X.\n<\/p>\n<p>\n La candidate LFI, qui tient son premier grand meeting vendredi, souhaite par ailleurs entamer d\u00e8s ce week-end un travail de terrain pour \u00ab\u00a0aller chercher les abstentionnistes\u00a0\u00bb, notamment les jeunes et les habitants des quartiers populaires.\n<\/p>\n<p>\n \u00ab\u00a0Notre objectif, c&rsquo;est d&rsquo;aller chercher les 30% d&rsquo;\u00e9lecteurs qui ont vot\u00e9 M\u00e9lenchon en 2022 parce que s&rsquo;ils ont adh\u00e9r\u00e9 au projet +Avenir en commun+, c&rsquo;est qu&rsquo;ils adh\u00e8rent au projet +Nouveau Paris Populaire+\u00a0\u00bb, a-t-elle pr\u00e9cis\u00e9.\n<\/p>\n<p>\n \u00ab\u00a0J\u00e9r\u00f4me Gleizes et \u00c9mile Meunier ont exprim\u00e9 lors des \u00e9changes internes leur d\u00e9saccord sur le choix de l&rsquo;union avec les forces de gauches qui l&rsquo;ont souhait\u00e9, ils ont \u00e9t\u00e9 largement minoritaires\u00a0\u00bb, a r\u00e9agi aupr\u00e8s de l&rsquo;AFP l&rsquo;ex-t\u00eate de liste \u00e9cologiste David Belliard, assurant veiller \u00ab\u00a0\u00e0 ne rien faire qui puisse faciliter la victoire de la droite radicalis\u00e9e \u00e0 Paris\u00a0\u00bb.<\/p>\n","protected":false},"excerpt":{"rendered":"Des affiches et des tracts de la d\u00e9put\u00e9e Sophia Chikiro, ucandidate LFI \u00e0 la mairie de Paris, lors&hellip;\n","protected":false},"author":2,"featured_media":698199,"comment_status":"","ping_status":"","sticky":false,"template":"","format":"standard","meta":{"footnotes":""},"categories":[1888],"tags":[400,11,398,408,405,1777,674,1011,27,403,402,399,404,12,626,25,401,406,407],"class_list":{"0":"post-698198","1":"post","2":"type-post","3":"status-publish","4":"format-standard","5":"has-post-thumbnail","7":"category-paris","8":"tag-action-cac-40","9":"tag-actualites","10":"tag-bourse-de-paris","11":"tag-boursorama","12":"tag-cotations","13":"tag-eu","14":"tag-europe","15":"tag-fr","16":"tag-france","17":"tag-indices-devises","18":"tag-investir","19":"tag-investissement","20":"tag-marche-boursier","21":"tag-news","22":"tag-paris","23":"tag-republique-francaise","24":"tag-sicav","25":"tag-trackers","26":"tag-warrants"},"share_on_mastodon":{"url":"https:\/\/pubeurope.com\/@fr\/115980549710188139","error":""},"_links":{"self":[{"href":"https:\/\/www.europesays.com\/fr\/wp-json\/wp\/v2\/posts\/698198","targetHints":{"allow":["GET"]}}],"collection":[{"href":"https:\/\/www.europesays.com\/fr\/wp-json\/wp\/v2\/posts"}],"about":[{"href":"https:\/\/www.europesays.com\/fr\/wp-json\/wp\/v2\/types\/post"}],"author":[{"embeddable":true,"href":"https:\/\/www.europesays.com\/fr\/wp-json\/wp\/v2\/users\/2"}],"replies":[{"embeddable":true,"href":"https:\/\/www.europesays.com\/fr\/wp-json\/wp\/v2\/comments?post=698198"}],"version-history":[{"count":0,"href":"https:\/\/www.europesays.com\/fr\/wp-json\/wp\/v2\/posts\/698198\/revisions"}],"wp:featuredmedia":[{"embeddable":true,"href":"https:\/\/www.europesays.com\/fr\/wp-json\/wp\/v2\/media\/698199"}],"wp:attachment":[{"href":"https:\/\/www.europesays.com\/fr\/wp-json\/wp\/v2\/media?parent=698198"}],"wp:term":[{"taxonomy":"category","embeddable":true,"href":"https:\/\/www.europesays.com\/fr\/wp-json\/wp\/v2\/categories?post=698198"},{"taxonomy":"post_tag","embeddable":true,"href":"https:\/\/www.europesays.com\/fr\/wp-json\/wp\/v2\/tags?post=698198"}],"curies":[{"name":"wp","href":"https:\/\/api.w.org\/{rel}","templated":true}]}}