{"id":698210,"date":"2026-01-29T21:43:16","date_gmt":"2026-01-29T21:43:16","guid":{"rendered":"https:\/\/www.europesays.com\/fr\/698210\/"},"modified":"2026-01-29T21:43:16","modified_gmt":"2026-01-29T21:43:16","slug":"pauline-mispoulet-quitte-socoda-pour-prolians-europe","status":"publish","type":"post","link":"https:\/\/www.europesays.com\/fr\/698210\/","title":{"rendered":"Pauline Mispoulet quitte Socoda pour Prolians Europe"},"content":{"rendered":"<p>Que de mouvements dans le monde feutr\u00e9 des n\u00e9goces de mat\u00e9riaux. Apr\u00e8s le d\u00e9part de Fabio Rinaldi de BigMat pour rejoindre Mr Bricolage, voil\u00e0 que Pauline Mispoulet qui avait succ\u00e9d\u00e9 \u00e0 Philippe de B\u00e9co \u00e0 la pr\u00e9sidence de Socoda d\u00e9missionne pour rejoindre Prolians Europe du groupe Descours et Cabaud, lequel \u00a0est pr\u00e9sid\u00e9 par Philippe Massonneau . Le<strong> <\/strong>groupement de distributeurs ind\u00e9pendants qu&rsquo;elle quitte pesait 3,4 Md\u20ac de chiffre d\u2019affaires cumul\u00e9 en 2024, avec plus de 200 adh\u00e9rents et environ 1 100 points de vente. Le groupe Descours et Cabaud qu&rsquo;elle rejoint affichait un chiffre d&rsquo;affaires de 4,7 Md\u20ac en 2024\u00a0<\/p>\n<p>Avant de pr\u00e9sider le groupe Socoda et Addok (l\u2019alliance avec Cofaq), elle avait travaill\u00e9 durant pr\u00e8s de vingt-cinq ans au sein du Groupement \u00e9conomique sanitaire \u00e9lectricit\u00e9 chauffage (Gesec).<\/p>\n<p>avec St\u00e9phane Vigliandi<\/p>\n","protected":false},"excerpt":{"rendered":"Que de mouvements dans le monde feutr\u00e9 des n\u00e9goces de mat\u00e9riaux. Apr\u00e8s le d\u00e9part de Fabio Rinaldi de&hellip;\n","protected":false},"author":2,"featured_media":698211,"comment_status":"","ping_status":"","sticky":false,"template":"","format":"standard","meta":{"footnotes":""},"categories":[1586],"tags":[11,1777,674,1011,27,12,25],"class_list":{"0":"post-698210","1":"post","2":"type-post","3":"status-publish","4":"format-standard","5":"has-post-thumbnail","7":"category-europe","8":"tag-actualites","9":"tag-eu","10":"tag-europe","11":"tag-fr","12":"tag-france","13":"tag-news","14":"tag-republique-francaise"},"share_on_mastodon":{"url":"https:\/\/pubeurope.com\/@fr\/115980573412091952","error":""},"_links":{"self":[{"href":"https:\/\/www.europesays.com\/fr\/wp-json\/wp\/v2\/posts\/698210","targetHints":{"allow":["GET"]}}],"collection":[{"href":"https:\/\/www.europesays.com\/fr\/wp-json\/wp\/v2\/posts"}],"about":[{"href":"https:\/\/www.europesays.com\/fr\/wp-json\/wp\/v2\/types\/post"}],"author":[{"embeddable":true,"href":"https:\/\/www.europesays.com\/fr\/wp-json\/wp\/v2\/users\/2"}],"replies":[{"embeddable":true,"href":"https:\/\/www.europesays.com\/fr\/wp-json\/wp\/v2\/comments?post=698210"}],"version-history":[{"count":0,"href":"https:\/\/www.europesays.com\/fr\/wp-json\/wp\/v2\/posts\/698210\/revisions"}],"wp:featuredmedia":[{"embeddable":true,"href":"https:\/\/www.europesays.com\/fr\/wp-json\/wp\/v2\/media\/698211"}],"wp:attachment":[{"href":"https:\/\/www.europesays.com\/fr\/wp-json\/wp\/v2\/media?parent=698210"}],"wp:term":[{"taxonomy":"category","embeddable":true,"href":"https:\/\/www.europesays.com\/fr\/wp-json\/wp\/v2\/categories?post=698210"},{"taxonomy":"post_tag","embeddable":true,"href":"https:\/\/www.europesays.com\/fr\/wp-json\/wp\/v2\/tags?post=698210"}],"curies":[{"name":"wp","href":"https:\/\/api.w.org\/{rel}","templated":true}]}}