{"id":698228,"date":"2026-01-29T21:57:10","date_gmt":"2026-01-29T21:57:10","guid":{"rendered":"https:\/\/www.europesays.com\/fr\/698228\/"},"modified":"2026-01-29T21:57:10","modified_gmt":"2026-01-29T21:57:10","slug":"dco-sur-m6-lemission-de-retour-avec-valerie-damidot-a-lanimation","status":"publish","type":"post","link":"https:\/\/www.europesays.com\/fr\/698228\/","title":{"rendered":"D&#038;Co sur M6\u00a0: l\u2019\u00e9mission de retour avec Val\u00e9rie Damidot \u00e0 l\u2019animation"},"content":{"rendered":"<p>      R\u00e9sum\u00e9<\/p>\n<p>En 2015, Val\u00e9rie Damidot arr\u00eatait l&rsquo;\u00e9mission \u00ab\u00a0D&amp;Co\u00a0\u00bb sur M6 o\u00f9 elle avait commenc\u00e9 pr\u00e8s de dix ans plus t\u00f4t. Selon les informations du Parisien-Aujourd&rsquo;hui en France, la cha\u00eene songe f\u00eater les 20 ans du programme en compagnie de son animatrice phare.<\/p>\n<p>        Sommaire<\/p>\n<p>Val\u00e9rie Damidot avait <strong>41 ans<\/strong> <strong>lorsqu&rsquo;elle a \u00e9t\u00e9 appel\u00e9e par M6<\/strong>. C&rsquo;\u00e9tait <strong>en 2006<\/strong> et c&rsquo;est cette ann\u00e9e-l\u00e0 que les t\u00e9l\u00e9spectateurs de la cha\u00eene ont d\u00e9couvert pour la premi\u00e8re fois <strong>l&rsquo;\u00e9mission \u00ab\u00a0D&amp;Co\u00a0\u00bb<\/strong>. Un programme dans lequel <a href=\"https:\/\/www.public.fr\/un-connard-ca-me-met-la-rage-valerie-damidot-victime-de-violences-conjugales-donne-son-avis-tranche-sur-stephane-plaza\" id=\"https:\/\/www.public.fr\/un-connard-ca-me-met-la-rage-valerie-damidot-victime-de-violences-conjugales-donne-son-avis-tranche-sur-stephane-plaza\" target=\"_blank\" rel=\"noopener\">l&rsquo;animatrice<\/a> et son \u00e9quipe \u00e9taient appel\u00e9es pour <strong>venir en aide \u00e0 des familles et r\u00e9nover enti\u00e8rement leur int\u00e9rieur.<\/strong> C&rsquo;est ainsi que Val\u00e9rie Damidot a \u00e9t\u00e9 surnomm\u00e9e <strong>\u00ab\u00a0la reine de la maroufle\u00a0\u00bb\u00a0! <\/strong>Mais, en 2015, l&rsquo;\u00e9mission qui rencontrait un franc succ\u00e8s s&rsquo;est <strong>brutalement arr\u00eat\u00e9e<\/strong>.<\/p>\n<p>En effet, <a href=\"https:\/\/www.public.fr\/valerie-damidot-fait-evincer-une-ex-star-des-marseillais-rien-ne-va-plus-avec-son-celebre-partenaire-dantenne\" id=\"https:\/\/www.public.fr\/valerie-damidot-fait-evincer-une-ex-star-des-marseillais-rien-ne-va-plus-avec-son-celebre-partenaire-dantenne\" target=\"_blank\" rel=\"noopener\">la pr\u00e9sentatrice<\/a> de 61 ans a d\u00e9cid\u00e9 de rejoindre NRJ 12 puis, peur de temps apr\u00e8s, TF1. \u00ab\u00a0<strong>Je ne suis pas partie f\u00e2ch\u00e9e,<\/strong> mais pour moi, <strong>ils <\/strong><strong>(les dirigeants de M6, N.D.L.R)<\/strong><strong> faisaient n\u2019importe quoi avec <\/strong><strong>D&amp;CO<\/strong>. Les primes \u00e9taient diffus\u00e9s en huit \u00e9pisodes. Tu d\u00e9couvrais le r\u00e9sultat final des r\u00e9novations bien trop tard\u00a0\u00bb, confiait <a href=\"https:\/\/www.public.fr\/meme-avec-tes-gros-muscles-valerie-damidot-s-en-prend-a-tibo-inshape-apres-un-tweet-ose\" id=\"https:\/\/www.public.fr\/meme-avec-tes-gros-muscles-valerie-damidot-s-en-prend-a-tibo-inshape-apres-un-tweet-ose\" target=\"_blank\" rel=\"noopener\">la Francilienne<\/a> \u00e0 nos confr\u00e8res de T\u00e9l\u00e9 2 semaines en 2023.<\/p>\n<p>D&rsquo;ailleurs, il semblerait que la cha\u00eene ne soit <strong>pas rancuni\u00e8re<\/strong>. Selon les informations du <a href=\"https:\/\/www.leparisien.fr\/culture-loisirs\/tv\/apres-avoir-evince-stephane-plaza-m6-va-relancer-maison-a-vendre-et-recherche-appartement-sans-lui-29-01-2026-R747UK4VXJCR7CCKP5H7S4CHKQ.php?ts=1769704879428\" id=\"https:\/\/www.leparisien.fr\/culture-loisirs\/tv\/apres-avoir-evince-stephane-plaza-m6-va-relancer-maison-a-vendre-et-recherche-appartement-sans-lui-29-01-2026-R747UK4VXJCR7CCKP5H7S4CHKQ.php?ts=1769704879428\" target=\"_blank\" rel=\"noopener\">Parisien-Aujourd&rsquo;hui en France<\/a>, M6 travaille actuellement sur <strong>le retour \u00ab\u00a0\u00e9ph\u00e9m\u00e8re au moins pour l\u2019instant\u00a0\u00bb de \u00ab\u00a0D&amp;CO\u00a0\u00bb<\/strong> alors que le programme c\u00e9l\u00e9brera ses <strong>vingt ans cette ann\u00e9e<\/strong>. \u00c0 cette occasion, <strong>une soir\u00e9e anniversaire<\/strong> devrait prochainement \u00eatre propos\u00e9e aux t\u00e9l\u00e9spectateurs avec <a href=\"https:\/\/www.public.fr\/valerie-damidot-veut-en-decoudre-avec-gerard-depardieu-apres-ses-propos-choc-dans-complement-d-enquete\" id=\"https:\/\/www.public.fr\/valerie-damidot-veut-en-decoudre-avec-gerard-depardieu-apres-ses-propos-choc-dans-complement-d-enquete\" target=\"_blank\" rel=\"noopener\">l&rsquo;ex-animatrice<\/a>. Une information qui, pour le moment, n&rsquo;a pas \u00e9t\u00e9 comment\u00e9e par <a href=\"https:\/\/www.google.com\/url?sa=t&amp;source=web&amp;rct=j&amp;opi=89978449&amp;url=https:\/\/vsd.fr\/73747-ferme-bien-ta-g-valerie-damidot-explose-face-a-lun-des-avocats-dun-des-condamnes-dans-laffaire-pelicot\/&amp;ved=2ahUKEwjtsqbdnLGSAxUUm_0HHdmWE9MQFnoECBcQAQ&amp;usg=AOvVaw1Zqb7W-CAa1ncrJ91zYD4B\" id=\"https:\/\/www.google.com\/url?sa=t&amp;source=web&amp;rct=j&amp;opi=89978449&amp;url=https:\/\/vsd.fr\/73747-ferme-bien-ta-g-valerie-damidot-explose-face-a-lun-des-avocats-dun-des-condamnes-dans-laffaire-pelicot\/&amp;ved=2ahUKEwjtsqbdnLGSAxUUm_0HHdmWE9MQFnoECBcQAQ&amp;usg=AOvVaw1Zqb7W-CAa1ncrJ91zYD4B\" target=\"_blank\" rel=\"noopener\">la principale int\u00e9ress\u00e9e<\/a>.<\/p>\n<p>Val\u00e9rie Damidot\u00a0: que devient l&rsquo;animatrice embl\u00e9matique de D&amp;Co\u00a0?<\/p>\n<p>La derni\u00e8re fois que Val\u00e9rie Damidot a \u00e9t\u00e9 aux manettes d&rsquo;une \u00e9mission c&rsquo;\u00e9tait<strong> en 2024<\/strong>. Cette ann\u00e9e-l\u00e0, <a href=\"https:\/\/www.google.com\/url?sa=t&amp;source=web&amp;rct=j&amp;opi=89978449&amp;url=https:\/\/vsd.fr\/70354-des-rats-valerie-damidot-traumatisee-par-son-passage-a-la-star-academy\/&amp;ved=2ahUKEwjtsqbdnLGSAxUUm_0HHdmWE9MQFnoECBsQAQ&amp;usg=AOvVaw0tqgnIrbG8gxeAdwqkblCN\" id=\"https:\/\/www.google.com\/url?sa=t&amp;source=web&amp;rct=j&amp;opi=89978449&amp;url=https:\/\/vsd.fr\/70354-des-rats-valerie-damidot-traumatisee-par-son-passage-a-la-star-academy\/&amp;ved=2ahUKEwjtsqbdnLGSAxUUm_0HHdmWE9MQFnoECBsQAQ&amp;usg=AOvVaw0tqgnIrbG8gxeAdwqkblCN\" target=\"_blank\" rel=\"noopener\">la m\u00e8re de famille<\/a> intervenait en tant qu&rsquo;<strong>experte d\u00e9coration dans \u00ab\u00a0D\u00e9tox ta maison\u00a0\u00bb<\/strong> sur TFX.  <a href=\"https:\/\/www.public.fr\/valerie-damidot-rembarree-par-tf1-ils-m-ont-dit-non-la-vie-continue\" id=\"https:\/\/www.public.fr\/valerie-damidot-rembarree-par-tf1-ils-m-ont-dit-non-la-vie-continue\" target=\"_blank\" rel=\"noopener\">Figure du groupe TF1<\/a>, on a pu la voir participer \u00e0 <strong>divers programmes de la cha\u00eene<\/strong> \u00e9galement comme \u00ab\u00a0Danse avec les stars\u00a0\u00bb en 2016, \u00ab\u00a0Le Grand Concours\u00a0\u00bb, \u00ab\u00a0Le Grand Quiz\u00a0\u00bb, \u00ab\u00a0Le Ma\u00eetre du Jeu\u00a0\u00bb ou encore <strong>\u00ab\u00a0Mask Singer\u00a0\u00bb <\/strong>o\u00f9 elle s&rsquo;est planqu\u00e9e sous le costume de La Renarde.<\/p>\n<p>Depuis, silence radio\u2026 Du moins, silence TV car c&rsquo;est justement <strong>\u00e0 la radio que <a href=\"https:\/\/www.public.fr\/valerie-damidot-mon-ex-est-une-sous-merde\" id=\"https:\/\/www.public.fr\/valerie-damidot-mon-ex-est-une-sous-merde\" target=\"_blank\" rel=\"noopener\">la sexag\u00e9naire<\/a> s&rsquo;\u00e9clate d\u00e9sormais. <\/strong>En effet, du lundi au vendredi, \u00e0 l&rsquo;heure de la pause d\u00e9jeuner, <a href=\"https:\/\/www.google.com\/url?sa=t&amp;source=web&amp;rct=j&amp;opi=89978449&amp;url=https:\/\/vsd.fr\/64279-ils-ne-naiment-pas-beaucoup-valerie-damidot-ecoeuree-par-lattitude-de-tf1-elle-devoile-son-nouveau-projet\/&amp;ved=2ahUKEwjtsqbdnLGSAxUUm_0HHdmWE9MQFnoECCUQAQ&amp;usg=AOvVaw0KQXFHrpK2BFPd69VCWBRw\" id=\"https:\/\/www.google.com\/url?sa=t&amp;source=web&amp;rct=j&amp;opi=89978449&amp;url=https:\/\/vsd.fr\/64279-ils-ne-naiment-pas-beaucoup-valerie-damidot-ecoeuree-par-lattitude-de-tf1-elle-devoile-son-nouveau-projet\/&amp;ved=2ahUKEwjtsqbdnLGSAxUUm_0HHdmWE9MQFnoECCUQAQ&amp;usg=AOvVaw0KQXFHrpK2BFPd69VCWBRw\" target=\"_blank\" rel=\"noopener\">cette derni\u00e8re<\/a> anime Au taquet aux c\u00f4t\u00e9s d&rsquo;Eric Bastien sur France Bleu. Une \u00e9mission plac\u00e9e sous le signe <strong>du jeu et de la bonne humeur<\/strong>. Mais ce n&rsquo;est pas tout\u2026 En parall\u00e8le, toujours pour la station du service public, Val\u00e9rie Damidot pr\u00e9sente <strong>le podcast intitul\u00e9 La R\u00e9f<\/strong>. L&rsquo;occasion pour les artistes qu&rsquo;elle re\u00e7oit de \u00ab\u00a0passer en revue leurs r\u00e9f\u00e9rences dans le cin\u00e9ma, la chanson, l&rsquo;actualit\u00e9 qui ont marqu\u00e9 la d\u00e9cennie la plus importante de leur vie\u00a0\u00bb.<\/p>\n<p>\n          Hits &amp; People en continu\n        <\/p>\n<p>\n          Public Radio\n        <\/p>\n<p>      Mentionn\u00e9s dans cet article<\/p>\n<p>      Sur le m\u00eame sujet<\/p>\n","protected":false},"excerpt":{"rendered":"R\u00e9sum\u00e9 En 2015, Val\u00e9rie Damidot arr\u00eatait l&rsquo;\u00e9mission \u00ab\u00a0D&amp;Co\u00a0\u00bb sur M6 o\u00f9 elle avait commenc\u00e9 pr\u00e8s de dix ans&hellip;\n","protected":false},"author":2,"featured_media":698229,"comment_status":"","ping_status":"","sticky":false,"template":"","format":"standard","meta":{"footnotes":""},"categories":[1359],"tags":[5586,61502,79297,58,59,1011,27,494,973,79298],"class_list":{"0":"post-698228","1":"post","2":"type-post","3":"status-publish","4":"format-standard","5":"has-post-thumbnail","7":"category-people","8":"tag-animateur-de-television","9":"tag-dco","10":"tag-decorateur","11":"tag-divertissement","12":"tag-entertainment","13":"tag-fr","14":"tag-france","15":"tag-m6","16":"tag-people","17":"tag-valerie-damidot"},"share_on_mastodon":{"url":"https:\/\/pubeurope.com\/@fr\/115980628428273547","error":""},"_links":{"self":[{"href":"https:\/\/www.europesays.com\/fr\/wp-json\/wp\/v2\/posts\/698228","targetHints":{"allow":["GET"]}}],"collection":[{"href":"https:\/\/www.europesays.com\/fr\/wp-json\/wp\/v2\/posts"}],"about":[{"href":"https:\/\/www.europesays.com\/fr\/wp-json\/wp\/v2\/types\/post"}],"author":[{"embeddable":true,"href":"https:\/\/www.europesays.com\/fr\/wp-json\/wp\/v2\/users\/2"}],"replies":[{"embeddable":true,"href":"https:\/\/www.europesays.com\/fr\/wp-json\/wp\/v2\/comments?post=698228"}],"version-history":[{"count":0,"href":"https:\/\/www.europesays.com\/fr\/wp-json\/wp\/v2\/posts\/698228\/revisions"}],"wp:featuredmedia":[{"embeddable":true,"href":"https:\/\/www.europesays.com\/fr\/wp-json\/wp\/v2\/media\/698229"}],"wp:attachment":[{"href":"https:\/\/www.europesays.com\/fr\/wp-json\/wp\/v2\/media?parent=698228"}],"wp:term":[{"taxonomy":"category","embeddable":true,"href":"https:\/\/www.europesays.com\/fr\/wp-json\/wp\/v2\/categories?post=698228"},{"taxonomy":"post_tag","embeddable":true,"href":"https:\/\/www.europesays.com\/fr\/wp-json\/wp\/v2\/tags?post=698228"}],"curies":[{"name":"wp","href":"https:\/\/api.w.org\/{rel}","templated":true}]}}