{"id":69829,"date":"2025-05-02T17:30:14","date_gmt":"2025-05-02T17:30:14","guid":{"rendered":"https:\/\/www.europesays.com\/fr\/69829\/"},"modified":"2025-05-02T17:30:14","modified_gmt":"2025-05-02T17:30:14","slug":"comment-bruxelles-compte-retourner-la-guerre-commerciale-de-donald-trump-a-son-avantage","status":"publish","type":"post","link":"https:\/\/www.europesays.com\/fr\/69829\/","title":{"rendered":"comment Bruxelles compte retourner la guerre commerciale de Donald Trump \u00e0 son avantage"},"content":{"rendered":"<p><strong>D\u00c9CRYPTAGE &#8211;<\/strong> Face au chaos cr\u00e9\u00e9 par le pr\u00e9sident am\u00e9ricain, les Europ\u00e9ens misent sur l\u2019attractivit\u00e9 et la stabilit\u00e9 du march\u00e9 unique, dont ils veulent lever les barri\u00e8res int\u00e9rieures.<\/p>\n<p class=\"fig-paragraph\">Et si la strat\u00e9gie chaotique am\u00e9ricaine pouvait finalement \u00eatre une opportunit\u00e9 pour l\u2019Europe\u00a0? \u00ab\u00a0Dans chaque crise, il y a aussi une chance \u00e0 saisir\u00a0\u00bb, assurait\u00a0<a href=\"http:\/\/www.lefigaro.fr\/international\/ursula-von-der-leyen-dit-avoir-fait-le-point-avec-keir-starmer-et-emmanuel-macron-sur-leurs-contacts-avec-washington-20250223\" data-fig-type=\"NewsFlash\" data-gtm-custom-categorie=\"navigation\" data-gtm-custom-action=\"crossclick\" data-gtm-custom-label=\"Contextuel\" data-gtm-event=\"customEventSPE\" data-fig-domain=\"LEFIGARO\" target=\"_blank\" rel=\"noopener\">Ursula von\u00a0der\u00a0Leyen<\/a>, mardi, dans un discours au congr\u00e8s du Parti populaire europ\u00e9en, \u00e0 Valence. La pr\u00e9sidente de la Commission europ\u00e9enne sera, lundi, aux c\u00f4t\u00e9s d\u2019Emmanuel Macron, \u00e0 la Sorbonne, berceau intellectuel du Vieux Continent, pour lancer l\u2019initiative<a href=\"https:\/\/www.lefigaro.fr\/conjoncture\/choose-cnrs-comment-la-france-veut-attirer-les-chercheurs-menaces-dans-leur-pays-20250502?tblci=GiD27BWNd-l22hQsG2sAu5-NZ7cWsaLSlRZ0aY-FFKmFByDwzEYonrfT8sjT5IF7\" target=\"_blank\" data-fig-type=\"NewsFlash\" rel=\"noopener\" data-gtm-custom-categorie=\"navigation\" data-gtm-custom-action=\"crossclick\" data-gtm-custom-label=\"Contextuel\" data-gtm-event=\"customEventSPE\" data-fig-domain=\"LEFIGARO\">\u00a0Choose Europe, visant \u00e0 attirer les scientifiques am\u00e9ricains malmen\u00e9s par la politique de l\u2019Administration Trump<\/a>. Sur le mod\u00e8le de la strat\u00e9gie\u00a0<a href=\"http:\/\/www.lefigaro.fr\/conjoncture\/choose-france-au-moins-10-milliards-d-investissements-officialises-lundi-20240512\" data-fig-type=\"Article\" data-gtm-custom-categorie=\"navigation\" data-gtm-custom-action=\"crossclick\" data-gtm-custom-label=\"Contextuel\" data-gtm-event=\"customEventSPE\" data-fig-domain=\"LEFIGARO\" target=\"_blank\" rel=\"noopener\">Choose France<\/a>\u00a0de Macron pour faire venir les banques de la City \u00e0 Paris au moment du Brexit, le slogan devient un mot d\u2019ordre adress\u00e9 aux entreprises et gouvernements du monde entier. Une fa\u00e7on pour les Europ\u00e9ens de tenter de retourner l\u2019incertitude \u00e0 leur profit.<\/p>\n<p class=\"fig-paragraph\">Il n\u2019y a pas eu de miracle de la basilique Saint-Pierre, il y a une semaine, lors des fun\u00e9railles du pape Fran\u00e7ois, entre Donald Trump et Ursula von\u00a0der\u00a0Leyen\u2026<\/p>\n<p class=\"fig-premium-paywall__infos\">\n        Cet article est r\u00e9serv\u00e9 aux abonn\u00e9s.        Il vous reste 87% \u00e0 d\u00e9couvrir.\n    <\/p>\n<p>                <img  data- alt=\"Le Figaro\" class=\"fig-img--complete fig-img\"\/><\/p>\n<p class=\"fig-premium-paywall__title\">Je m&rsquo;informe, je m&rsquo;inspire, je m&rsquo;abonne.<\/p>\n<p class=\"fig-premium-paywall__subtitle\">D\u00e9couvrez notre offre de bienvenue.<\/p>\n<p class=\"fig-premium-paywall__connect\">\n                D\u00e9j\u00e0 abonn\u00e9\u00a0?                <a class=\"fig-premium-paywall__connect-link\" href=\"https:\/\/connect.lefigaro.fr\/login?client=horizon_web&amp;type=main&amp;redirect_uri=https%3A%2F%2Fwww.lefigaro.fr%2Fconjoncture%2Fchoose-europe-comment-bruxelles-compte-retourner-la-guerre-commerciale-de-donald-trump-a-son-avantage-20250502\" data-js-gtm=\"{&quot;customCategorie&quot;: &quot;conversion&quot;, &quot;customAction&quot;: &quot;before_Landing_Connexion_paywall_auto&quot;, &quot;customLabel&quot;: &quot;bGVmaWdhcm8uZnJfXzFmMDI1ZDhjLTRiNTItNjljNi05NDZhLTc3YWE1OWJjY2UyMV9fQXJ0aWNsZQ==_\u00abChoose Europe\u00bb: comment Bruxelles compte retourner la guerre commerciale de Donald Trump \u00e0 son avantage_158&quot;, &quot;customIDSPE&quot;: &quot;bGVmaWdhcm8uZnJfXzFmMDI1ZDhjLTRiNTItNjljNi05NDZhLTc3YWE1OWJjY2UyMV9fQXJ0aWNsZQ==&quot;, &quot;event&quot;: &quot;customEventSPE&quot;}\" target=\"_blank\" rel=\"noopener\"><br \/>\n                    Connectez-vous<br \/>\n                <\/a>\n            <\/p>\n","protected":false},"excerpt":{"rendered":"D\u00c9CRYPTAGE &#8211; Face au chaos cr\u00e9\u00e9 par le pr\u00e9sident am\u00e9ricain, les Europ\u00e9ens misent sur l\u2019attractivit\u00e9 et la stabilit\u00e9&hellip;\n","protected":false},"author":2,"featured_media":69830,"comment_status":"","ping_status":"","sticky":false,"template":"","format":"standard","meta":{"footnotes":""},"categories":[1586],"tags":[339,11,340,343,345,350,130,344,352,349,75,33,341,313,1777,674,1011,27,346,1074,342,353,351,347,12,348,25,354],"class_list":{"0":"post-69829","1":"post","2":"type-post","3":"status-publish","4":"format-standard","5":"has-post-thumbnail","7":"category-europe","8":"tag-actualite-economique","9":"tag-actualites","10":"tag-bourse","11":"tag-cac-40","12":"tag-chef-dentreprise","13":"tag-concurrence","14":"tag-consommation","15":"tag-creation-dentreprise","16":"tag-crise","17":"tag-delocalisations","18":"tag-donald-trump","19":"tag-economie","20":"tag-emploi","21":"tag-entreprises","22":"tag-eu","23":"tag-europe","24":"tag-fr","25":"tag-france","26":"tag-grands-patrons","27":"tag-guerre-commerciale","28":"tag-impots","29":"tag-licenciements","30":"tag-monopole","31":"tag-multinationales","32":"tag-news","33":"tag-privatisation","34":"tag-republique-francaise","35":"tag-unio"},"share_on_mastodon":{"url":"https:\/\/pubeurope.com\/@fr\/114439430124922260","error":""},"_links":{"self":[{"href":"https:\/\/www.europesays.com\/fr\/wp-json\/wp\/v2\/posts\/69829","targetHints":{"allow":["GET"]}}],"collection":[{"href":"https:\/\/www.europesays.com\/fr\/wp-json\/wp\/v2\/posts"}],"about":[{"href":"https:\/\/www.europesays.com\/fr\/wp-json\/wp\/v2\/types\/post"}],"author":[{"embeddable":true,"href":"https:\/\/www.europesays.com\/fr\/wp-json\/wp\/v2\/users\/2"}],"replies":[{"embeddable":true,"href":"https:\/\/www.europesays.com\/fr\/wp-json\/wp\/v2\/comments?post=69829"}],"version-history":[{"count":0,"href":"https:\/\/www.europesays.com\/fr\/wp-json\/wp\/v2\/posts\/69829\/revisions"}],"wp:featuredmedia":[{"embeddable":true,"href":"https:\/\/www.europesays.com\/fr\/wp-json\/wp\/v2\/media\/69830"}],"wp:attachment":[{"href":"https:\/\/www.europesays.com\/fr\/wp-json\/wp\/v2\/media?parent=69829"}],"wp:term":[{"taxonomy":"category","embeddable":true,"href":"https:\/\/www.europesays.com\/fr\/wp-json\/wp\/v2\/categories?post=69829"},{"taxonomy":"post_tag","embeddable":true,"href":"https:\/\/www.europesays.com\/fr\/wp-json\/wp\/v2\/tags?post=69829"}],"curies":[{"name":"wp","href":"https:\/\/api.w.org\/{rel}","templated":true}]}}