{"id":698391,"date":"2026-01-29T23:37:13","date_gmt":"2026-01-29T23:37:13","guid":{"rendered":"https:\/\/www.europesays.com\/fr\/698391\/"},"modified":"2026-01-29T23:37:13","modified_gmt":"2026-01-29T23:37:13","slug":"deux-enquetes-ouvertes-pour-harcelement-au-chu-de-nice-le-personnel-denonce-un-management-autoritaire","status":"publish","type":"post","link":"https:\/\/www.europesays.com\/fr\/698391\/","title":{"rendered":"deux enqu\u00eates ouvertes pour \u00ab\u00a0harc\u00e8lement\u00a0\u00bb au CHU de Nice, le personnel d\u00e9nonce \u00ab un management autoritaire \u00bb"},"content":{"rendered":"<p class=\"fs-5 \">\u00ab J\u2019ai d\u00e9cid\u00e9 de supporter le personnel hospitalier qui est maltrait\u00e9. Je ne supporte pas la maltraitance, je n\u2019ai aucun conflit d\u2019int\u00e9r\u00eats, je suis libre. J\u2019aurais pu me taire, mais j\u2019ai d\u00e9cid\u00e9 de ne pas le faire \u00bb, a pos\u00e9ment, entam\u00e9 le professeur \u00ab lanceur d\u2019alerte \u00bb.<\/p>\n<p class=\"fs-5 \">Micro en mains, devant plus de <strong>200\u00a0personnels du CHU de Nice<\/strong> rassembl\u00e9s devant l\u2019<strong>h\u00f4pital Pasteur 2<\/strong>, il a sobrement expliqu\u00e9 pourquoi il a \u00ab d\u00e9pos\u00e9 un <strong>article 40<\/strong>\u00a0\u00bb. \u00ab Le harc\u00e8lement moral, le harc\u00e8lement institutionnel, c\u2019est un d\u00e9lit p\u00e9nal \u00bb, a-t-il avanc\u00e9.<\/p>\n<p class=\"fs-5 \">Mercredi 28\u00a0janvier 2026, ce professeur a \u00e9t\u00e9 entendu par le procureur de la R\u00e9publique. Un deuxi\u00e8me signalement sur la base d\u2019un article 40, \u00e9manant cette fois d\u2019un m\u00e9decin du travail, a atterri sur son bureau.<\/p>\n<p class=\"fs-5 \">Le parquet confirme l\u2019ouverture de <strong>deux proc\u00e9dures<\/strong>. Les investigations ont \u00e9t\u00e9 confi\u00e9es au <strong>Service local de police judiciaire de Nice<\/strong>.<\/p>\n<p>                                                                                <strong>\u00ab Je veux juste que \u00e7a s\u2019arr\u00eate \u00bb<\/strong><\/p>\n<p class=\"fs-5 \">\u00ab Dans mes propos, il n\u2019y a aucune diffamation, il y a des t\u00e9moins et ils seront de plus en plus nombreux \u00bb, a-t-il encha\u00een\u00e9. Le parvis des urgences, bond\u00e9, l\u2019acclame.<\/p>\n<p class=\"fs-5 \">\u00ab Je veux juste que \u00e7a s\u2019arr\u00eate, je veux juste qu\u2019on retrouve une ambiance bienveillante. Le moment n\u2019est pas venu de supprimer des postes (&#8230;), c\u2019est ce qui se fait actuellement dans des conditions qui sont inacceptables \u00bb, a conclu le professionnel de sant\u00e9, au milieu d\u2019une mar\u00e9e de drapeaux de la <strong>CFDT<\/strong> et de la <strong>CGT<\/strong>, les deux syndicats \u00e0 l\u2019origine de la manifestation de ce jeudi 29\u00a0janvier 2025\u00a0dans l\u2019apr\u00e8s-midi.<\/p>\n<p class=\"fs-5 \"><strong>Force Ouvri\u00e8re<\/strong> ne s\u2019est pas joint au mouvement destin\u00e9 \u00e0 d\u00e9noncer \u00ab la <strong>d\u00e9l\u00e9gation polaire<\/strong> \u00bb\u00a0: une restructuration initi\u00e9e par <strong>Rodolphe Bourret<\/strong>, le directeur du CHU de Nice. Une r\u00e9organisation in\u00e9dite en France qui est loin de faire l\u2019unanimit\u00e9 au sein du personnel.<\/p>\n<p>        <img src=\"https:\/\/www.europesays.com\/fr\/wp-content\/uploads\/2026\/01\/1768620675_385_17965da_upload-from-url-1-6gsivmp7oiaj-data-art-16959351.jpg\"   loading=\"lazy\" decoding=\"async\" alt=\"Christian Estrosi promet de couvrir les quartiers prioritaires (Ariane, Moulins, Nice-Nord) pour lutter contre les d\u00e9serts m\u00e9dicaux urbains, incluant une unit\u00e9 mobile pour les personnes isol\u00e9es.\" class=\"img-fluid position-absolute w-100 object-fit-cover rounded-2\" width=\"600\" height=\"400\"\/><\/p>\n<p>                                                                                <strong>\u00ab On est au niveau de la maltraitance \u00bb<\/strong><\/p>\n<p class=\"fs-5 \">\u00ab C\u2019est chez nous que les salari\u00e9s viennent s\u2019effondrer. On a l\u2019habitude de g\u00e9rer la souffrance, mais l\u00e0 on en est au niveau de la maltraitance \u00bb, bombarde <strong>Anne-Laure Salaun<\/strong>, secr\u00e9taire adjointe de la CFDT 06.<\/p>\n<p class=\"fs-5 \">\u00ab On a tent\u00e9 de n\u00e9gocier, mais m\u00eame le cadre l\u00e9gal est optionnel. Le bien-\u00eatre au travail n\u2019est pas n\u00e9gociable, on a choisi de ne pas se taire \u00bb, rench\u00e9rit son coll\u00e8gue <strong>Mickael Queralh<\/strong>. \u00ab Les agents ont peur de parler, il y a urgence \u00e0 agir car le danger est grave \u00bb, soupirent-ils.<\/p>\n<p class=\"fs-5 \">\u00ab Des gens qui ont fait toute leur carri\u00e8re au CHU pensent \u00e0 partir \u00bb, ajoute Anne-Laure Salaun qui \u00e9voque \u00ab une vague de d\u00e9missions \u00bb. Les mots leur manquent pour traduire \u00ab l\u2019ampleur du malaise \u00bb.<\/p>\n<p class=\"fs-5 \">\u00ab L\u2019h\u00f4pital va craquer \u00bb, pr\u00e9vient, sans ambages, <strong>St\u00e9phane Gauberti<\/strong>, le truculent patron de la CGT sant\u00e9. \u00ab La restructuration a \u00e9t\u00e9 vot\u00e9e contre l\u2019avis du personnel. \u00c7a concerne environ <strong>500\u00a0personnes<\/strong>, surtout les ASH, les agents de bio nettoyage, qui voient leur vie, leurs horaires compl\u00e8tement chamboul\u00e9s. On a fait signer une p\u00e9tition, elle a recueilli <strong>800\u00a0signatures<\/strong> \u00bb, dit-il encore. \u00ab On demande purement et simplement l\u2019arr\u00eat de son application \u00bb, lance-t-il.<\/p>\n<p class=\"fs-5 \">Avant de signaler\u00a0: \u00ab Un management autoritaire, tr\u00e8s dur, \u00e0 marche forc\u00e9e. Je retrouve des agents en pleurs, en panique, je n\u2019ai jamais vu autant de burn-out, d\u2019\u00e9puisement \u00e7a suffit \u00bb.<\/p>\n<p class=\"fs-5 \">Et d\u2019insinuer que ce rassemblement \u00ab raisonnable et responsable \u00bb n\u2019est que le d\u00e9but d\u2019une s\u00e9rie de futures actions.<\/p>\n<p class=\"fs-5 \"><strong>Le CHU d\u00e9ment et r\u00e9affirme son \u00ab plein attachement au dialogue social \u00bb<\/strong><\/p>\n<p class=\"fs-5 \">\u00ab La s\u00e9curit\u00e9 et la qualit\u00e9 des soins constituent [nos] priorit\u00e9s absolues, indissociables de la sant\u00e9 et de l\u2019engagement des professionnels qui les assurent au quotidien \u00bb, a r\u00e9agi la direction du <strong>CHU de Nice<\/strong>, dans un communiqu\u00e9. \u00ab Le CHU de Nice place la qualit\u00e9 de vie et les conditions de travail de ses professionnels au c\u0153ur de ses priorit\u00e9s strat\u00e9giques \u00bb, insiste-t-elle.<\/p>\n<p class=\"fs-5 \">En ce d\u00e9but d\u2019ann\u00e9e, pr\u00e9cise la direction, ont \u00e9t\u00e9 lanc\u00e9s \u00ab des <strong>\u00c9tats G\u00e9n\u00e9raux de la sant\u00e9 des professionnels<\/strong> (&#8230;) Ils permettront de donner pleinement la parole aux acteurs de terrain et de structurer des actions concr\u00e8tes et durables en faveur du bien-\u00eatre au travail \u00bb.<\/p>\n<p class=\"fs-5 \">Et le CHU de Nice de r\u00e9affirmer \u00ab son plein attachement au dialogue social et \u00e0 la pr\u00e9vention des risques professionnels \u00bb. Enfin, \u00ab si des proc\u00e9dures devaient \u00eatre engag\u00e9es, les personnes concern\u00e9es r\u00e9pondront aux autorit\u00e9s comp\u00e9tentes dans le cadre l\u00e9gal pr\u00e9vu par les textes l\u00e9gislatifs et r\u00e9glementaires applicables \u00bb, avertit la direction.<\/p>\n","protected":false},"excerpt":{"rendered":"\u00ab J\u2019ai d\u00e9cid\u00e9 de supporter le personnel hospitalier qui est maltrait\u00e9. Je ne supporte pas la maltraitance, je&hellip;\n","protected":false},"author":2,"featured_media":698392,"comment_status":"","ping_status":"","sticky":false,"template":"","format":"standard","meta":{"footnotes":""},"categories":[2819],"tags":[1111,11,1777,674,1011,27,12,2401,882,25],"class_list":{"0":"post-698391","1":"post","2":"type-post","3":"status-publish","4":"format-standard","5":"has-post-thumbnail","7":"category-nice","8":"tag-actu","9":"tag-actualites","10":"tag-eu","11":"tag-europe","12":"tag-fr","13":"tag-france","14":"tag-news","15":"tag-nice","16":"tag-provence-alpes-cote-dazur","17":"tag-republique-francaise"},"share_on_mastodon":{"url":"https:\/\/pubeurope.com\/@fr\/115981021703520020","error":""},"_links":{"self":[{"href":"https:\/\/www.europesays.com\/fr\/wp-json\/wp\/v2\/posts\/698391","targetHints":{"allow":["GET"]}}],"collection":[{"href":"https:\/\/www.europesays.com\/fr\/wp-json\/wp\/v2\/posts"}],"about":[{"href":"https:\/\/www.europesays.com\/fr\/wp-json\/wp\/v2\/types\/post"}],"author":[{"embeddable":true,"href":"https:\/\/www.europesays.com\/fr\/wp-json\/wp\/v2\/users\/2"}],"replies":[{"embeddable":true,"href":"https:\/\/www.europesays.com\/fr\/wp-json\/wp\/v2\/comments?post=698391"}],"version-history":[{"count":0,"href":"https:\/\/www.europesays.com\/fr\/wp-json\/wp\/v2\/posts\/698391\/revisions"}],"wp:featuredmedia":[{"embeddable":true,"href":"https:\/\/www.europesays.com\/fr\/wp-json\/wp\/v2\/media\/698392"}],"wp:attachment":[{"href":"https:\/\/www.europesays.com\/fr\/wp-json\/wp\/v2\/media?parent=698391"}],"wp:term":[{"taxonomy":"category","embeddable":true,"href":"https:\/\/www.europesays.com\/fr\/wp-json\/wp\/v2\/categories?post=698391"},{"taxonomy":"post_tag","embeddable":true,"href":"https:\/\/www.europesays.com\/fr\/wp-json\/wp\/v2\/tags?post=698391"}],"curies":[{"name":"wp","href":"https:\/\/api.w.org\/{rel}","templated":true}]}}