{"id":698476,"date":"2026-01-30T00:31:12","date_gmt":"2026-01-30T00:31:12","guid":{"rendered":"https:\/\/www.europesays.com\/fr\/698476\/"},"modified":"2026-01-30T00:31:12","modified_gmt":"2026-01-30T00:31:12","slug":"pro-d2-grace-a-un-grand-michael-ruru-vannes-simpose-a-oyonnax-et-conforte-sa-place-de-leader","status":"publish","type":"post","link":"https:\/\/www.europesays.com\/fr\/698476\/","title":{"rendered":"Pro D2 \u2013 Gr\u00e2ce \u00e0 un grand Michael Ruru, Vannes s\u2019impose \u00e0 Oyonnax et conforte sa place de leader"},"content":{"rendered":"<p>\n                En ouverture de la 19e journ\u00e9e, au stade Charles-Mathon, Vannes, sous le brouillard, a pris le dessus sur Oyonnax gr\u00e2ce \u00e0 un essai inscrit, \u00e0 dix secondes du terme, par Michael Ruru (29-32). Le demi de m\u00eal\u00e9e s\u2019est notamment offert un doubl\u00e9 dans cette partie. Gr\u00e2ce \u00e0 ce sixi\u00e8me succ\u00e8s \u00e0 l\u2019ext\u00e9rieur, Vannes (72 points) s\u2019envole en t\u00eate du championnat. Dans la course \u00e0 une place en phase finale, Oyonnax a manqu\u00e9 l\u2019occasion de mettre la pression sur ses concurrents.\n            <\/p>\n<p>C\u2019est une affiche qui avait, un peu, le go\u00fbt du Top 14. Anciens pensionnaires de la premi\u00e8re division, Oyonnax et Vannes avaient pris rendez-vous pour un choc cinq \u00e9toiles. Les\u00a0Aindinois (5es, 49 points), gr\u00e2ce \u00e0 sept victoires lors des dix derni\u00e8res journ\u00e9es, se sont compl\u00e8tement replac\u00e9s dans la course \u00e0 la phase finale. Les Bretons (1er, 68 points) voulaient, quant \u00e0 eux, conforter leur place de leader du Pro D2.<\/p>\n<p><strong><a href=\"https:\/\/www.rugbyrama.fr\/2026\/01\/29\/direct-pro-d2-oyonnax-vannes-le-leader-breton-va-t-il-tomber-a-mathon-suivez-la-rencontre-de-la-19e-journee-13196159.php\" target=\"_self\" rel=\"noopener\">Au terme d\u2019une rencontre serr\u00e9e de bout en bout, et tr\u00e8s anim\u00e9e en seconde p\u00e9riode, Vannes s\u2019est impos\u00e9e \u00e0 Oyonnax (29-32), gr\u00e2ce \u00e0 une r\u00e9alisation au buzzer de Michael Ruru.<\/a><\/strong> Le demi de m\u00eal\u00e9e s\u2019est offert un doubl\u00e9 dans cette partie et est d\u00e9sormais le meilleur marqueur du championnat avec douze essais.<\/p>\n<p>Au classement, Vannes (1er, 72 points) prend, provisoirement, treize points d\u2019avance sur Colomiers (3e). Garanti de rester parmi les six premiers au terme de cette journ\u00e9e, Oyonnax (5e, 50 points), avec ce second revers \u00e0 domicile, a rat\u00e9 l\u2019occasion de se rapprocher des quatre premi\u00e8res places. Brive (6e, 45 points) pourrait en profiter. Nevers (7e, 39 points) et Agen (8e, 38 points) auront l\u2019occasion, demain, de combler l\u2019\u00e9cart.<\/p>\n<p>Une premi\u00e8re p\u00e9riode \u00e0 deux visages<\/p>\n<p>Dans une \u00e9paisse brume, Oyonnax a vite eu la t\u00eate claire. Au terme d\u2019un maul port\u00e9 efficace, Karkadze a conclu l\u2019effort collectif (5-0, 3e). Les locaux ont termin\u00e9 le premier quart d\u2019heure comme ils l\u2019avaient commenc\u00e9.\u00a0Depuis ses 40 m\u00e8tres, Ruru a dynamis\u00e9 un coup dans le c\u00f4t\u00e9 ferm\u00e9 avec Karkadze et Qadiri. L\u2019ailier, sur ses appuis, a gagn\u00e9 une dizaine de m\u00e8tres. D\u2019une mani\u00e8re intelligente, Sweetnam a poursuivi le coup au pied. \u00c0 cinq m\u00e8tres de l\u2019en-but, Lebreton s\u2019est couch\u00e9 sur la possession pour assurer la continuit\u00e9. Venu se proposer comme un avant, Rabut a marqu\u00e9 sans opposition (12-0, 15e).<\/p>\n<p>Domin\u00e9 dans tous les secteurs, et notamment dans le jeu a\u00e9rien, Vannes a fait preuve d\u2019efficacit\u00e9.\u00a0Gr\u00e2ce \u00e0 une remise \u00e0 l\u2019int\u00e9rieur de Lafage, Camou, au niveau des 22 m\u00e8tres, a transperc\u00e9 le rideau d\u00e9fensif. Dans la continuit\u00e9 et sur le petit c\u00f4t\u00e9, Taccola a \u00e9t\u00e9 parfaitement d\u00e9cal\u00e9 en coin. L\u2019habituel centre, pour sa premi\u00e8re \u00e0 l\u2019aile, a marqu\u00e9 sans opposition (12-5, 23e). Juste avant la pause, Bouraux (15-8, 37e) a r\u00e9pondu \u00e0 une p\u00e9nalit\u00e9 de Lafage (34e)<\/p>\n<p>Ruru a gagn\u00e9 la bataille des frangins<\/p>\n<p>La deuxi\u00e8me p\u00e9riode est partie dans tous les sens, notamment sur la fin de partie. Au retour des vestiaires, Lafage a frapp\u00e9 le premier (15-11, 52e). Une minute plus tard, Oyonnax s\u2019est retrouv\u00e9 en sup\u00e9riorit\u00e9 num\u00e9rique.\u00a0Taccola a \u00e9cop\u00e9 d\u2019un carton jaune pour un plaquage \u00e0 retardement sur Morland (53e).<\/p>\n<p>Mais, les prot\u00e9g\u00e9s de Cibray n\u2019ont pas \u00e9t\u00e9 en capacit\u00e9 d\u2019en profiter, et m\u00eame pire que cela, ils ont c\u00e9d\u00e9.\u00a0Lors d\u2019une combinaison en touche, Ruru a vu la cassure entre l\u2019alignement et la mont\u00e9e d\u00e9fensive pour filer en terre promise (15-18, 61e). La course-poursuite a alors \u00e9t\u00e9 intense durant les vingt derni\u00e8res minutes.<\/p>\n<p>Peu servi dans cette partie, Enzo Reybier, en deux temps, a r\u00e9alis\u00e9 une grosse diff\u00e9rence dans le couloir des cinq m\u00e8tres. Dans l\u2019avanc\u00e9e, les locaux sont all\u00e9s d\u2019une aile \u00e0 une autre. Guilly s\u2019est arrach\u00e9 pour redonner l\u2019avantage aux siens (22-18, 65e). Incapables de bien sortir de son camp, les partenaires de Cassiem ont une nouvelle fois c\u00e9d\u00e9.\u00a0Beziat a \u00e9t\u00e9 propuls\u00e9 derri\u00e8re la ligne gr\u00e2ce \u00e0 un magnifique ballon port\u00e9 (22-25, 70e).<\/p>\n<p>Les visiteurs ont rendu la pareille aux locaux. En filou, Jonathan Ruru a profit\u00e9 d\u2019un ruck mal n\u00e9goci\u00e9 par les Bretons pour chiper la possession. Le demi de m\u00eal\u00e9e, au contact, a servi Reybier \u00e0 son ext\u00e9rieur. Malgr\u00e9 le retour d\u00e9fensif de Taccola, l\u2019ailier a gliss\u00e9 dans l\u2019en-but (29-25, 72e). Les Oyomen ont finalement craqu\u00e9 en fin de partie, en raison notamment d\u2019une trop grande indiscipline.\u00a0Karkadze a re\u00e7u un avertissement pour l\u2019\u0153uvre collective (78e). Tout juste revenu sur le terrain \u00e0 la place de Boulier, Michael Ruru est venu se m\u00ealer \u00e0 ses \u00ab\u00a0gros\u00a0\u00bb arracher une victoire pr\u00e9cieuse gr\u00e2ce \u00e0 une charge \u00e0 proximit\u00e9 d\u2019un ruck (29-32, 80e). Apr\u00e8s la tr\u00eave, le 13\u00a0f\u00e9vrier prochain, Oyonnax se devra une revanche du c\u00f4t\u00e9 de\u00a0Provence Rugby. Un peu plus tard dans la soir\u00e9e, Vannes recevra Carcassonne.<\/p>\n","protected":false},"excerpt":{"rendered":"En ouverture de la 19e journ\u00e9e, au stade Charles-Mathon, Vannes, sous le brouillard, a pris le dessus sur&hellip;\n","protected":false},"author":2,"featured_media":698477,"comment_status":"","ping_status":"","sticky":false,"template":"","format":"standard","meta":{"footnotes":""},"categories":[2],"tags":[11,1011,27,12,2308,68796],"class_list":{"0":"post-698476","1":"post","2":"type-post","3":"status-publish","4":"format-standard","5":"has-post-thumbnail","7":"category-actualites","8":"tag-actualites","9":"tag-fr","10":"tag-france","11":"tag-news","12":"tag-pro-d2","13":"tag-rugby-u00e0-xv"},"share_on_mastodon":{"url":"https:\/\/pubeurope.com\/@fr\/115981233927820545","error":""},"_links":{"self":[{"href":"https:\/\/www.europesays.com\/fr\/wp-json\/wp\/v2\/posts\/698476","targetHints":{"allow":["GET"]}}],"collection":[{"href":"https:\/\/www.europesays.com\/fr\/wp-json\/wp\/v2\/posts"}],"about":[{"href":"https:\/\/www.europesays.com\/fr\/wp-json\/wp\/v2\/types\/post"}],"author":[{"embeddable":true,"href":"https:\/\/www.europesays.com\/fr\/wp-json\/wp\/v2\/users\/2"}],"replies":[{"embeddable":true,"href":"https:\/\/www.europesays.com\/fr\/wp-json\/wp\/v2\/comments?post=698476"}],"version-history":[{"count":0,"href":"https:\/\/www.europesays.com\/fr\/wp-json\/wp\/v2\/posts\/698476\/revisions"}],"wp:featuredmedia":[{"embeddable":true,"href":"https:\/\/www.europesays.com\/fr\/wp-json\/wp\/v2\/media\/698477"}],"wp:attachment":[{"href":"https:\/\/www.europesays.com\/fr\/wp-json\/wp\/v2\/media?parent=698476"}],"wp:term":[{"taxonomy":"category","embeddable":true,"href":"https:\/\/www.europesays.com\/fr\/wp-json\/wp\/v2\/categories?post=698476"},{"taxonomy":"post_tag","embeddable":true,"href":"https:\/\/www.europesays.com\/fr\/wp-json\/wp\/v2\/tags?post=698476"}],"curies":[{"name":"wp","href":"https:\/\/api.w.org\/{rel}","templated":true}]}}