{"id":698503,"date":"2026-01-30T00:48:15","date_gmt":"2026-01-30T00:48:15","guid":{"rendered":"https:\/\/www.europesays.com\/fr\/698503\/"},"modified":"2026-01-30T00:48:15","modified_gmt":"2026-01-30T00:48:15","slug":"ce-petit-village-perche-pres-de-nice-trone-sur-le-classement-des-villes-de-reve","status":"publish","type":"post","link":"https:\/\/www.europesays.com\/fr\/698503\/","title":{"rendered":"Ce petit village perch\u00e9 pr\u00e8s de Nice tr\u00f4ne sur le classement des \u00ab\u00a0Villes de r\u00eave\u00a0\u00bb"},"content":{"rendered":"<p>                    Par<br \/>\n        <strong><br \/>\n            <a href=\"https:\/\/actu.fr\/auteur\/ugo-maillard\" title=\"Consulter tous les articles de Ugo Maillard\" target=\"_blank\" rel=\"noopener\">Ugo Maillard<\/a><br \/>\n                    <\/strong><\/p>\n<p>        Publi\u00e9 le<\/p>\n<p>            29 janv. 2026 \u00e0 14h27        <\/p>\n<p>Une jolie distinction pour cette petite commune des <a href=\"https:\/\/actu.fr\/provence-alpes-cote-d-azur\/alpes-maritimes_06\" target=\"_blank\" rel=\"noopener\">Alpes-Maritimes<\/a>. Le site Villes et Villages de r\u00eave a publi\u00e9 son palmar\u00e8s 2026, en cette fin du mois de janvier\u00a02026. Toutes les communes fran\u00e7aises sont pass\u00e9es au peigne fin avec toute une batterie de crit\u00e8res.<\/p>\n<p class=\" wall-content\">Pour cette \u00e9dition, un petit village, pr\u00e8s de <a href=\"https:\/\/actu.fr\/nice\/\" target=\"_blank\" rel=\"noopener\">Nice<\/a>, se distingue avec une note tr\u00e8s haute \u00e0 l\u2019\u00e9chelle nationale, qui la place en premi\u00e8re position de cette cat\u00e9gorie dans le d\u00e9partement.<\/p>\n<p class=\" wall-content\">Le village de <strong>Gourdon<\/strong> et ses moins de 350\u00a0habitants peuvent se targuer d\u2019\u00eatre tout en haut du classement.<\/p>\n<p>Una qualit\u00e9 de vie valoris\u00e9e<\/p>\n<p class=\" wall-content\">Situ\u00e9 \u00e0 l\u2019ouest de Nice, le village de Gourdon obtient la tr\u00e8s belle note de<strong> 75,6\/100<\/strong>. Un score qui permet \u00e0 cette toute petite commune de d\u00e9crocher la 117\u1d49 place sur 18\u2009256 des cit\u00e9s de moins de 2\u2009000\u00a0habitants. \u00c0 l\u2019\u00e9chelle du d\u00e9partement, elle prend la premi\u00e8re place.<\/p>\n<p>Comment est calcul\u00e9 le score des villes et leur classement ?<\/p>\n<p>Chaque ville est not\u00e9e de 0 \u00e0 100 dans 20 th\u00e9matiques. Cette note est attribu\u00e9e en comparant les indicateurs de chaque ville avec ceux de toutes les autres communes d&rsquo;une part, et avec ceux des communes similaires (principalement en termes de population) d&rsquo;autre part. Il s&rsquo;agit donc d&rsquo;un classement comparatif.<\/p>\n<p class=\" wall-content\">Mais alors pourquoi Gourdon est-il si haut\u2009? Nich\u00e9 sur les hauteurs des Pr\u00e9alpes d\u2019Azur, le village obtient des<a href=\"https:\/\/villedereve.fr\/ville\/06068-gourdon\/dynamisme\" target=\"_blank\" rel=\"noopener\"> notes particuli\u00e8rement \u00e9lev\u00e9es<\/a> sur trois facteurs\u2009: la m\u00e9t\u00e9o (95\/100), la nature (93\/100) et la qualit\u00e9 de vie (91\/100).<\/p>\n<p class=\" wall-content\">\u00c0 l\u2019inverse, la commune p\u00eache sur le dynamisme (34\/100) et sur la citoyennet\u00e9 et vie publique (26).<\/p>\n<p class=\" wall-content\">Personnalisez votre actualit\u00e9 en ajoutant vos villes et m\u00e9dias en favori avec <a href=\"https:\/\/moncompte.actu.fr\" title=\"D\u00e9couvez Mon Actu\" rel=\"nofollow noopener\" data-trk=\"{&quot;cta&quot;:{&quot;action&quot;:&quot;https:\\\/\\\/moncompte.actu.fr&quot;,&quot;category&quot;:&quot;mon compte&quot;,&quot;from&quot;:&quot;article footer&quot;,&quot;name&quot;:&quot;Mon actu&quot;,&quot;type&quot;:&quot;cta&quot;}}\" target=\"_blank\">Mon Actu<\/a>.<\/p>\n","protected":false},"excerpt":{"rendered":"Par Ugo Maillard Publi\u00e9 le 29 janv. 2026 \u00e0 14h27 Une jolie distinction pour cette petite commune des&hellip;\n","protected":false},"author":2,"featured_media":698504,"comment_status":"","ping_status":"","sticky":false,"template":"","format":"standard","meta":{"footnotes":""},"categories":[2819],"tags":[1111,11,1777,674,1011,27,12,2401,882,25,104],"class_list":{"0":"post-698503","1":"post","2":"type-post","3":"status-publish","4":"format-standard","5":"has-post-thumbnail","7":"category-nice","8":"tag-actu","9":"tag-actualites","10":"tag-eu","11":"tag-europe","12":"tag-fr","13":"tag-france","14":"tag-news","15":"tag-nice","16":"tag-provence-alpes-cote-dazur","17":"tag-republique-francaise","18":"tag-societe"},"share_on_mastodon":{"url":"https:\/\/pubeurope.com\/@fr\/115981300827745306","error":""},"_links":{"self":[{"href":"https:\/\/www.europesays.com\/fr\/wp-json\/wp\/v2\/posts\/698503","targetHints":{"allow":["GET"]}}],"collection":[{"href":"https:\/\/www.europesays.com\/fr\/wp-json\/wp\/v2\/posts"}],"about":[{"href":"https:\/\/www.europesays.com\/fr\/wp-json\/wp\/v2\/types\/post"}],"author":[{"embeddable":true,"href":"https:\/\/www.europesays.com\/fr\/wp-json\/wp\/v2\/users\/2"}],"replies":[{"embeddable":true,"href":"https:\/\/www.europesays.com\/fr\/wp-json\/wp\/v2\/comments?post=698503"}],"version-history":[{"count":0,"href":"https:\/\/www.europesays.com\/fr\/wp-json\/wp\/v2\/posts\/698503\/revisions"}],"wp:featuredmedia":[{"embeddable":true,"href":"https:\/\/www.europesays.com\/fr\/wp-json\/wp\/v2\/media\/698504"}],"wp:attachment":[{"href":"https:\/\/www.europesays.com\/fr\/wp-json\/wp\/v2\/media?parent=698503"}],"wp:term":[{"taxonomy":"category","embeddable":true,"href":"https:\/\/www.europesays.com\/fr\/wp-json\/wp\/v2\/categories?post=698503"},{"taxonomy":"post_tag","embeddable":true,"href":"https:\/\/www.europesays.com\/fr\/wp-json\/wp\/v2\/tags?post=698503"}],"curies":[{"name":"wp","href":"https:\/\/api.w.org\/{rel}","templated":true}]}}