{"id":698515,"date":"2026-01-30T00:55:19","date_gmt":"2026-01-30T00:55:19","guid":{"rendered":"https:\/\/www.europesays.com\/fr\/698515\/"},"modified":"2026-01-30T00:55:19","modified_gmt":"2026-01-30T00:55:19","slug":"la-compagne-et-sa-belle-soeur-ont-elles-paye-un-tueur-a-gages","status":"publish","type":"post","link":"https:\/\/www.europesays.com\/fr\/698515\/","title":{"rendered":"la compagne et sa belle-soeur ont-elles pay\u00e9 un tueur \u00e0 gages\u00a0?"},"content":{"rendered":"<p>                    Par<br \/>\n        <strong><br \/>\n            <a href=\"https:\/\/actu.fr\/auteur\/anaelle-montagne\" title=\"Consulter tous les articles de Anaelle Montagne\" target=\"_blank\" rel=\"noopener\">Anaelle Montagne<\/a><br \/>\n                    <\/strong><\/p>\n<p>        Publi\u00e9 le<\/p>\n<p>            29 janv. 2026 \u00e0 18h51        <\/p>\n<p>La bourde. \u00c0 cause <strong>d\u2019un simple tir parti accidentellement<\/strong>, les suspects d\u2019<strong>une tentative de meurtre<\/strong> se sont jet\u00e9s tout droit dans la gueule du loup. Ce lundi 26\u00a0janvier 2026, la d\u00e9couverte d\u2019une ogive tir\u00e9e par maladresse <strong>dans un appartement \u00e0 Toulouse<\/strong> a men\u00e9 les enqu\u00eateurs jusqu\u2019\u00e0 un Airbnb\u2026 dans lequel se trouvaient <strong>quatre personnes, arm\u00e9es jusqu\u2019aux dents<\/strong>.<\/p>\n<p class=\" wall-content\">Ce qu\u2019ils ont d\u00e9couvert ensuite ne s\u2019invente pas\u2009: l\u2019une des armes retrouv\u00e9es dans le logement <strong>a servi dans une tentative d\u2019assassinat<\/strong>, \u00e0 <a href=\"https:\/\/actu.fr\/occitanie\/ondes_31403\" target=\"_blank\" rel=\"noopener\">Ondes<\/a>, au nord de la Ville rose, quelques jours plus t\u00f4t. Et les commanditaires pr\u00e9sum\u00e9es s\u2019av\u00e8rent \u00eatre (tr\u00e8s) proches de la victime.<\/p>\n<p>Motif fallacieux<\/p>\n<p class=\" wall-content\">Toc, toc. Il est 8\u2009h\u200945 quand la victime, \u00e2g\u00e9e de 35\u00a0ans, entend frapper \u00e0 la porte ce dimanche 18\u00a0janvier, rue des Marronniers \u00e0 Ondes. Tiens, qui \u00e7a peut bien \u00eatre\u2009? Un jeune homme de 17\u00a0ans se pr\u00e9sente, un peu paniqu\u00e9, et<strong> indique qu\u2019il vient d\u2019accrocher sa voiture<\/strong>. Il faut venir, vite, pour faire un constat. Le trentenaire s\u2019ex\u00e9cute \u2013 et c\u2019est bien vers son ex\u00e9cution qu\u2019il se dirige.<\/p>\n<p>    <a href=\"https:\/\/www.google.com\/maps\/embed?pb=!1m18!1m12!1m3!1d26236.49144954693!2d1.2952594353213636!3d43.77883179775126!2m3!1f0!2f0!3f0!3m2!1i1024!2i768!4f13.1!3m3!1m2!1s0x12ac020a28e67f31%3A0x4be48e258962ecdb!2sRue%20des%20Marronniers%2C%2031330%20Ondes!5e0!3m2!1sen!2sfr!4v1769707930209!5m2!1sen!2sfr\" title=\"Ouvrie le lien\" target=\"_blank\" rel=\"noopener\">Cliquez ici pour visualiser le contenu<\/a><\/p>\n<p class=\" wall-content\">Alors qu\u2019il se trouve dans la rue, une voiture s\u2019approche lentement de lui. \u00c0 bord, <strong>un tireur d\u00e9gaine un revolver et tire<\/strong>. \u00c0 six reprises, au moins. Deux balles touchent la victime, au bras et \u00e0 la cuisse. Alors que le trentenaire s\u2019effondre, bless\u00e9, le jeune homme de 17\u00a0ans et le tireur l\u2019abandonnent \u00e0 son sort et prennent la fuite en voiture.<\/p>\n<p>Le trentenaire s\u2019en sort<\/p>\n<p class=\" wall-content\">La victime est tr\u00e8s vite hospitalis\u00e9e\u2009; son pronostic vital n\u2019est pas engag\u00e9, malgr\u00e9 ses graves blessures. Miraculeusement, apr\u00e8s avoir \u00e9t\u00e9 cribl\u00e9 de balles, <strong>le p\u00e8re de famille s\u2019en sort<\/strong>.<\/p>\n<p>Vid\u00e9os : en ce moment sur Actu<\/p>\n<p class=\" wall-content\">Les indices r\u00e9cup\u00e9r\u00e9s sur la sc\u00e8ne de crime \u2013 notamment six douilles \u2013 sont ensuite transmis au laboratoire de police technique et scientifique de la police judiciaire pour exploitation. Et l\u2019enqu\u00eate pour \u00ab\u2009tentative de meurtre\u2009\u00bb, confi\u00e9e \u00e0 la brigade de recherches de Villeneuve-Tolosane, suit son cours. Jusqu\u2019\u00e0 ce qu\u2019un \u00e9l\u00e9ment vienne acc\u00e9l\u00e9rer les avanc\u00e9es des enqu\u00eateurs.<\/p>\n<p>Le tir accidentel qui fait tout basculer<\/p>\n<p class=\" wall-content\">Lundi 26\u00a0janvier, en fin d\u2019apr\u00e8s-midi, la police de Toulouse re\u00e7oit un appel \u00e9tonnant. \u00ab\u2009Un papa, qui aidait sa fille \u00e0 d\u00e9m\u00e9nager, a d\u00e9couvert une ogive dans son armoire\u2009\u00bb, relate Patrick L\u00e9onard, le chef du Service interd\u00e9partemental de la police judiciaire de Toulouse, lors d\u2019une conf\u00e9rence de presse tenue jeudi 29\u00a0janvier.<\/p>\n<p>Votre r\u00e9gion, votre actu !<\/p>\n<p>Recevez chaque jour les infos qui comptent pour vous.<\/p>\n<p>\t<a href=\"https:\/\/actu.fr\/newsletter\" class=\"ac-btn ac-btn--corner ac-btn--medium ac-btn--blue800\" target=\"_blank\" rel=\"noopener\">S&rsquo;incrire<\/a><\/p>\n<p class=\" wall-content\">La balle a visiblement \u00e9t\u00e9 tir\u00e9e depuis l\u2019appartement d\u2019\u00e0 c\u00f4t\u00e9, lou\u00e9 en Airbnb. Arriv\u00e9s sur place, les policiers \u00ab\u2009obtiennent <strong>non sans difficult\u00e9<\/strong> l\u2019ouverture de la porte\u2009\u00bb\u2026 et aper\u00e7oivent dans l\u2019entreb\u00e2illement ce qui ressemble \u00e0<strong> des munitions<\/strong>. Bingo.<\/p>\n<p>Fusil \u00e0 pompe, revolvers et pistolet automatique<\/p>\n<p class=\" wall-content\">Les <strong>quatre individus<\/strong> qui se trouvent \u00e0 l\u2019int\u00e9rieur planquent un v\u00e9ritable arsenal\u2009: deux revolvers, un pistolet automatique, un fusil \u00e0 pompe, des gants et des cagoules. Il est temps pour la DCOS (la division de la criminalit\u00e9 organis\u00e9e et sp\u00e9cialis\u00e9e), saisie du dossier, de les envoyer au laboratoire de police scientifique pour faire parler les armes. Et elles en ont, des choses \u00e0 raconter\u2026<\/p>\n<p class=\" wall-content\">Suite aux analyses \u00ab\u2009effectu\u00e9es dans un temps record\u2009\u00bb, les enqu\u00eateurs d\u00e9couvrent que le revolver a servi \u00e0 la <strong>tentative d\u2019assassinat<\/strong> du p\u00e8re de famille, \u00e0 Ondes. Le parquet regroupe alors les deux enqu\u00eates, confi\u00e9es \u00e0 la section de recherches de Toulouse.<\/p>\n<p>La belle-soeur de la victime \u00e9tait dans l\u2019Airbnb<\/p>\n<p class=\" wall-content\">\u00ab\u2009En plus de l\u2019arme, qui a permis de recouper les deux affaires, il s\u2019av\u00e8re <strong>qu\u2019une des personnes qui se trouvaient dans l\u2019Airbnb \u00e9tait la belle-soeur<\/strong> de la victime\u2009\u00bb, d\u00e9taille Mika\u00ebl Petit, le commandant de la Section de recherches de Toulouse. Un \u00e9l\u00e9ment de taille. Elle fait donc partie des protagonistes qui seront plac\u00e9s en garde \u00e0 vue.<\/p>\n<p class=\" wall-content\">Lors des auditions, l\u2019affaire s\u2019\u00e9claircit\u2009: \u00ab\u2009L\u2019un des occupants du Airbnb reconna\u00eet \u00eatre<strong> l\u2019auteur des coups de feu<\/strong>, et explique ce qui s\u2019est pass\u00e9\u2009\u00bb, relate Mika\u00ebl Petit.<\/p>\n<p>Les violences conjugales au c\u0153ur de l\u2019affaire<\/p>\n<p class=\" wall-content\">La belle-soeur de la victime \u2013 c\u2019est-\u00e0-dire la femme de son fr\u00e8re -, \u00e2g\u00e9e de 31\u00a0ans, est suspect\u00e9e d\u2019avoir <strong>commandit\u00e9<\/strong> la tentative d\u2019assassinat <strong>aux c\u00f4t\u00e9s de la compagne de la victime<\/strong>. Pour quelle raison\u2009? L\u2019affaire semble tourner autour des violences conjugales.<\/p>\n<p class=\" wall-content\">En bref, la victime pourrait avoir \u00e9t\u00e9 l\u2019auteur de violences conjugales sur sa compagne de 29\u00a0ans, bien qu\u2019il n\u2019ait<strong> jamais \u00e9t\u00e9 condamn\u00e9<\/strong> pour de tels faits (ces \u00e9l\u00e9ments sont donc \u00e0 prendre avec pr\u00e9caution). Son fr\u00e8re, lui, est actuellement en <strong>d\u00e9tention pour des violences conjugales<\/strong>, commises sur son \u00e9pouse. \u00ab\u2009Ce qui pourrait expliquer l\u2019adh\u00e9sion des deux belles-s\u0153urs \u00e0 un projet commun\u2009\u00bb, suppose le procureur de la R\u00e9publique de Toulouse, David Charmatz.<\/p>\n<p>96\u00a0heures de garde \u00e0 vue<\/p>\n<p class=\" wall-content\">Une information judiciaire a \u00e9t\u00e9 ouverte \u00e0 la demande du parquet, pour \u00ab\u2009tentative de meurtre en bande organis\u00e9e\u2009\u00bb, \u00ab\u2009participation \u00e0 une association de malfaiteurs en vue de la commission d\u2019un crime en bande organis\u00e9e\u2009\u00bb, \u00ab\u2009d\u00e9tention d\u2019armes de cat\u00e9gorie B\u2009\u00bb, et \u00ab\u2009recel d\u2019un bien provenant d\u2019un vol\u2009\u00bb (en l\u2019occurrence, la voiture utilis\u00e9e lors de la tentative de meurtre, retrouv\u00e9e calcin\u00e9e dix jours apr\u00e8s les faits, \u00e0 Mondonville).<\/p>\n<p class=\" wall-content\">Les deux jeunes femmes ont \u00e9t\u00e9 plac\u00e9es en garde \u00e0 vue (prolong\u00e9es) aux c\u00f4t\u00e9s de trois autres hommes, <strong>questionn\u00e9s pendant 96\u00a0heures<\/strong> par les enqu\u00eateurs. Tous ont ensuite \u00e9t\u00e9 d\u00e9f\u00e9r\u00e9s devant un magistrat \u00e0 la demande du parquet, qui a requis cinq mandats de d\u00e9p\u00f4t. Qui sont les trois hommes impliqu\u00e9s\u2009?<\/p>\n<p>Un interm\u00e9diaire faisait le lien entre le tireur et la famille<\/p>\n<p class=\" wall-content\">Il y a d\u2019abord le jeune homme de 26\u00a0ans qui a avou\u00e9 \u00eatre <strong>le tireur<\/strong>. Son casier judiciaire est noirci de condamnations\u2009; il aurait agi en \u00e9tat de r\u00e9cidive l\u00e9gale, non pas pour la tentative de meurtre, mais pour les d\u00e9lits associ\u00e9s. \u00ab\u2009Il est sorti de la <a href=\"https:\/\/actu.fr\/occitanie\/beziers_34032\/herault-beziers-deux-gardiens-de-prison-insultes-griffes-menaces-de-mort-et-blesses-par-un-detenu_62859407.html\" target=\"_blank\" rel=\"noopener\">maison d\u2019arr\u00eat de B\u00e9ziers<\/a> le 15\u00a0d\u00e9cembre\u2009\u00bb. En tr\u00e8s peu de temps, il est donc parvenu \u00e0 se procurer un bel arsenal \u2013 si tant est qu\u2019il en soit l\u2019acheteur\u2026<\/p>\n<p class=\" wall-content\">L\u2019adolescent de 17\u00a0ans qui a frapp\u00e9 \u00e0 la porte avec un motif fallacieux, le matin des faits, fait \u00e9galement partie des mis en cause. Enfin, un jeune homme de 22\u00a0ans est inclus dans le lot\u2009; il aurait agi comme <strong>interm\u00e9diaire<\/strong>, faisant le lien entre celui qu\u2019on pourrait consid\u00e9rer comme le tueur \u00e0 gages, et les commanditaires pr\u00e9sum\u00e9es de la tentative de meurtre. Lui aussi aurait agi en r\u00e9cidive, sauf en ce qui concerne la tentative de meurtre\u2009: il a \u00e9t\u00e9 condamn\u00e9 \u00e0 neuf reprises pour des d\u00e9lits.<\/p>\n<p>L\u2019\u00e9quipe pr\u00e9voyait-elle de finir le travail\u2009?<\/p>\n<p class=\" wall-content\">Les cinq protagonistes pourraient \u00eatre mis en examen par le magistrat devant qui ils ont \u00e9t\u00e9 d\u00e9f\u00e9r\u00e9s. En d\u00e9pit des avanc\u00e9es massives dans l\u2019enqu\u00eate, <strong>de nombreuses questions persistent<\/strong>, pr\u00e9vient cependant le procureur de la R\u00e9publique de Toulouse.<\/p>\n<p class=\" wall-content\">Qui a vol\u00e9 la voiture\u2009? Quel a \u00e9t\u00e9 <strong>le r\u00f4le exact des commanditaires pr\u00e9sum\u00e9es<\/strong>, qui ne reconnaissent pas les faits\u2009? Quelle valeur mon\u00e9taire avait la vie de la victime\u2009?<\/p>\n<p class=\" wall-content\">Et surtout, l\u2019\u00e9quipe retrouv\u00e9e dans l\u2019Airbnb pr\u00e9voyait-elle une nouvelle tentative de meurtre pour finir le travail\u2009? \u00ab\u2009Quand vous avez une \u00e9quipe, toujours pr\u00e9sente dans un appartement avec des armes, pr\u00eates \u00e0 \u00eatre utilis\u00e9es, on peut l\u00e9gitimement se poser cette question\u2009\u00bb, cl\u00f4t le chef de la SIPJ, Patrick L\u00e9onard. Affaire \u00e0 suivre.<\/p>\n<p class=\" wall-content\">Personnalisez votre actualit\u00e9 en ajoutant vos villes et m\u00e9dias en favori avec <a href=\"https:\/\/moncompte.actu.fr\" title=\"D\u00e9couvez Mon Actu\" rel=\"nofollow noopener\" data-trk=\"{&quot;cta&quot;:{&quot;action&quot;:&quot;https:\\\/\\\/moncompte.actu.fr&quot;,&quot;category&quot;:&quot;mon compte&quot;,&quot;from&quot;:&quot;article footer&quot;,&quot;name&quot;:&quot;Mon actu&quot;,&quot;type&quot;:&quot;cta&quot;}}\" target=\"_blank\">Mon Actu<\/a>.<\/p>\n","protected":false},"excerpt":{"rendered":"Par Anaelle Montagne Publi\u00e9 le 29 janv. 2026 \u00e0 18h51 La bourde. \u00c0 cause d\u2019un simple tir parti&hellip;\n","protected":false},"author":2,"featured_media":698516,"comment_status":"","ping_status":"","sticky":false,"template":"","format":"standard","meta":{"footnotes":""},"categories":[2816],"tags":[1111,11,6744,1777,674,118,1011,27,777,12,2680,1072,25,2312],"class_list":{"0":"post-698515","1":"post","2":"type-post","3":"status-publish","4":"format-standard","5":"has-post-thumbnail","7":"category-toulouse","8":"tag-actu","9":"tag-actualites","10":"tag-assassinat","11":"tag-eu","12":"tag-europe","13":"tag-faits-divers","14":"tag-fr","15":"tag-france","16":"tag-meurtre","17":"tag-news","18":"tag-occitanie","19":"tag-police","20":"tag-republique-francaise","21":"tag-toulouse"},"share_on_mastodon":{"url":"https:\/\/pubeurope.com\/@fr\/115981328270316769","error":""},"_links":{"self":[{"href":"https:\/\/www.europesays.com\/fr\/wp-json\/wp\/v2\/posts\/698515","targetHints":{"allow":["GET"]}}],"collection":[{"href":"https:\/\/www.europesays.com\/fr\/wp-json\/wp\/v2\/posts"}],"about":[{"href":"https:\/\/www.europesays.com\/fr\/wp-json\/wp\/v2\/types\/post"}],"author":[{"embeddable":true,"href":"https:\/\/www.europesays.com\/fr\/wp-json\/wp\/v2\/users\/2"}],"replies":[{"embeddable":true,"href":"https:\/\/www.europesays.com\/fr\/wp-json\/wp\/v2\/comments?post=698515"}],"version-history":[{"count":0,"href":"https:\/\/www.europesays.com\/fr\/wp-json\/wp\/v2\/posts\/698515\/revisions"}],"wp:featuredmedia":[{"embeddable":true,"href":"https:\/\/www.europesays.com\/fr\/wp-json\/wp\/v2\/media\/698516"}],"wp:attachment":[{"href":"https:\/\/www.europesays.com\/fr\/wp-json\/wp\/v2\/media?parent=698515"}],"wp:term":[{"taxonomy":"category","embeddable":true,"href":"https:\/\/www.europesays.com\/fr\/wp-json\/wp\/v2\/categories?post=698515"},{"taxonomy":"post_tag","embeddable":true,"href":"https:\/\/www.europesays.com\/fr\/wp-json\/wp\/v2\/tags?post=698515"}],"curies":[{"name":"wp","href":"https:\/\/api.w.org\/{rel}","templated":true}]}}