{"id":698543,"date":"2026-01-30T01:12:24","date_gmt":"2026-01-30T01:12:24","guid":{"rendered":"https:\/\/www.europesays.com\/fr\/698543\/"},"modified":"2026-01-30T01:12:24","modified_gmt":"2026-01-30T01:12:24","slug":"danone-rappelle-des-lots-de-lait-infantile-aptamil-en-allemagne-selon-une-lettre-2","status":"publish","type":"post","link":"https:\/\/www.europesays.com\/fr\/698543\/","title":{"rendered":"Danone rappelle des lots de lait infantile Aptamil en Allemagne, selon une lettre"},"content":{"rendered":"<p>                    Danone a rappel\u00e9 au moins trois lots de son lait infantile Aptamil en Allemagne, selon une lettre adress\u00e9e \u00e0 un grossiste consult\u00e9e jeudi, alors que le groupe agroalimentaire fran\u00e7ais tente de contenir une alerte \u00e0 la contamination par une toxine ayant d\u00e9but\u00e9 avec des produits Nestl\u00e9.<\/p>\n<p>Dans une lettre dat\u00e9e du 26 janvier, Danone Deutschland a demand\u00e9 au grossiste Alliance Healthcare de retirer certains lots d\u2019Aptamil produits entre mai et ao\u00fbt 2025. La lettre, publi\u00e9e par la pharmacie en ligne Shop Apotheke, indique que Danone pense que le grossiste ne dispose plus, ou presque plus, de stocks restants, ayant re\u00e7u depuis de nouvelles livraisons de produits.<\/p>\n<p>Danone avait d\u00e9clar\u00e9 vendredi qu\u2019il rappelait des lots sp\u00e9cifiques de lait infantile sur certains march\u00e9s cibl\u00e9s. Le groupe n\u2019a pas pr\u00e9cis\u00e9 quelles marques ou quels pays \u00e9taient concern\u00e9s, ni le volume de produits, mais a soulign\u00e9 qu\u2019il estime ses produits s\u00fbrs et conformes \u00e0 l\u2019ensemble des r\u00e9glementations de s\u00e9curit\u00e9 applicables.<\/p>\n<p>Danone n\u2019a pas r\u00e9pondu imm\u00e9diatement \u00e0 une demande de commentaire jeudi.\u00a0<\/p>\n<p>Les premi\u00e8res inqui\u00e9tudes concernant les produits sont apparues en d\u00e9cembre, mais se sont intensifi\u00e9es d\u00e8s d\u00e9but janvier lorsque Nestl\u00e9 a annonc\u00e9 le retrait de certains lots de ses produits de nutrition infantile, dont les laits SMA, BEBA et NAN, en raison d\u2019une possible contamination par la toxine c\u00e9r\u00e9ulide, susceptible de provoquer naus\u00e9es et vomissements.<\/p>\n<p>Les rappels ont touch\u00e9 des dizaines de pays et se sont depuis \u00e9tendus \u00e0 d\u2019autres producteurs fran\u00e7ais, Lactalis et Vitagermine, faisant peser des pertes combin\u00e9es sup\u00e9rieures \u00e0 1 milliard de dollars. L\u2019action Danone a perdu pr\u00e8s de 13% au cours des deux derni\u00e8res semaines.<\/p>\n<p>Des enqu\u00eateurs fran\u00e7ais examinent actuellement un possible lien entre le d\u00e9c\u00e8s de deux nourrissons et les laits infantiles rappel\u00e9s.<\/p>\n<p>Jeudi, l\u2019Office f\u00e9d\u00e9ral allemand de protection des consommateurs et de la s\u00e9curit\u00e9 alimentaire a indiqu\u00e9 que certains lots de produits Danone \u00e9taient retir\u00e9s du march\u00e9 et qu\u2019un rappel officiel ne pouvait \u00eatre lanc\u00e9 que lorsque les produits sont av\u00e9r\u00e9s avoir atteint les consommateurs.<\/p>\n<p>Ces rappels illustrent la fa\u00e7on dont un ingr\u00e9dient compromis peut se propager dans le secteur tr\u00e8s r\u00e9glement\u00e9 de la nutrition infantile, entra\u00eenant des r\u00e9actions rapides des autorit\u00e9s et des secousses sur les march\u00e9s.<\/p>\n<p>La c\u00e9r\u00e9ulide, une toxine produite par la bact\u00e9rie Bacillus cereus, a \u00e9t\u00e9 d\u00e9tect\u00e9e dans un ingr\u00e9dient fourni par un sous-traitant. Le minist\u00e8re fran\u00e7ais de l\u2019Agriculture a indiqu\u00e9 que le produit provenait de Chine, tandis que l\u2019Autorit\u00e9 de s\u00e9curit\u00e9 alimentaire irlandaise a pr\u00e9cis\u00e9 que la c\u00e9r\u00e9ulide avait \u00e9t\u00e9 retrouv\u00e9e dans de l\u2019huile d\u2019acide arachidonique fabriqu\u00e9e en Chine.\u00a0<\/p>\n","protected":false},"excerpt":{"rendered":"Danone a rappel\u00e9 au moins trois lots de son lait infantile Aptamil en Allemagne, selon une lettre adress\u00e9e&hellip;\n","protected":false},"author":2,"featured_media":698544,"comment_status":"","ping_status":"","sticky":false,"template":"","format":"standard","meta":{"footnotes":""},"categories":[1587],"tags":[11,672,340,1804,1805,1803,1777,674,1801,12,1802],"class_list":{"0":"post-698543","1":"post","2":"type-post","3":"status-publish","4":"format-standard","5":"has-post-thumbnail","7":"category-allemagne","8":"tag-actualites","9":"tag-allemagne","10":"tag-bourse","11":"tag-bundesrepublik-deutschland","12":"tag-de","13":"tag-deutschland","14":"tag-eu","15":"tag-europe","16":"tag-germany","17":"tag-news","18":"tag-republique-federale-dallemagne"},"share_on_mastodon":{"url":"https:\/\/pubeurope.com\/@fr\/115981395151262687","error":""},"_links":{"self":[{"href":"https:\/\/www.europesays.com\/fr\/wp-json\/wp\/v2\/posts\/698543","targetHints":{"allow":["GET"]}}],"collection":[{"href":"https:\/\/www.europesays.com\/fr\/wp-json\/wp\/v2\/posts"}],"about":[{"href":"https:\/\/www.europesays.com\/fr\/wp-json\/wp\/v2\/types\/post"}],"author":[{"embeddable":true,"href":"https:\/\/www.europesays.com\/fr\/wp-json\/wp\/v2\/users\/2"}],"replies":[{"embeddable":true,"href":"https:\/\/www.europesays.com\/fr\/wp-json\/wp\/v2\/comments?post=698543"}],"version-history":[{"count":0,"href":"https:\/\/www.europesays.com\/fr\/wp-json\/wp\/v2\/posts\/698543\/revisions"}],"wp:featuredmedia":[{"embeddable":true,"href":"https:\/\/www.europesays.com\/fr\/wp-json\/wp\/v2\/media\/698544"}],"wp:attachment":[{"href":"https:\/\/www.europesays.com\/fr\/wp-json\/wp\/v2\/media?parent=698543"}],"wp:term":[{"taxonomy":"category","embeddable":true,"href":"https:\/\/www.europesays.com\/fr\/wp-json\/wp\/v2\/categories?post=698543"},{"taxonomy":"post_tag","embeddable":true,"href":"https:\/\/www.europesays.com\/fr\/wp-json\/wp\/v2\/tags?post=698543"}],"curies":[{"name":"wp","href":"https:\/\/api.w.org\/{rel}","templated":true}]}}