{"id":698775,"date":"2026-01-30T03:41:12","date_gmt":"2026-01-30T03:41:12","guid":{"rendered":"https:\/\/www.europesays.com\/fr\/698775\/"},"modified":"2026-01-30T03:41:12","modified_gmt":"2026-01-30T03:41:12","slug":"djokovic-a-deux-marches-de-son-impensable-quete","status":"publish","type":"post","link":"https:\/\/www.europesays.com\/fr\/698775\/","title":{"rendered":"Djokovic, \u00e0 deux marches de son impensable qu\u00eate"},"content":{"rendered":"<p>Djokovic est encore l\u00e0, mais gr\u00e2ce \u00e0 un coup du destin\u00a0: malgr\u00e9 son jour de r\u00e9cup\u00e9ration suppl\u00e9mentaire apr\u00e8s le forfait de Jakub Mensik en 8es de finale, le Serbe s\u2019est fait marcher dessus par Lorenzo Musetti (5e mondial) en quarts. Plus pr\u00e9cis, plus rapide, l\u2019Italien avait enfin trouv\u00e9 la cl\u00e9 pour battre Djoko, avant que sa jambe ne l\u2019abandonne alors qu\u2019il menait 2 sets \u00e0 z\u00e9ro, 1-3 dans le 3e. Djokovic aurait d\u00fb perdre ce match, et l\u2019a reconnu.<\/p>\n<p>Carr\u00e9 d\u2019as<\/p>\n<p>Un sc\u00e9nario improbable lui a donc permis d\u2019acc\u00e9der \u00e0 un dernier carr\u00e9 d\u2019as r\u00e9unissant les quatre meilleurs joueurs au classement, dans son jardin, l\u00e0 o\u00f9 il a soulev\u00e9 le troph\u00e9e \u00e0 dix reprises. Et le voil\u00e0 maintenant confront\u00e9 au double tenant du titre Jannik Sinner, un joueur qui a pris l\u2019ascendant r\u00e9cemment sur le Serbe m\u00eame si ce dernier m\u00e8ne dans leurs confrontations (6-4). \u00ab\u00a0Je crois que j\u2019ai perdu contre lui quatre ou cinq fois de suite. Donc oui, il joue vraiment \u00e0 un niveau exceptionnel en ce moment, tout comme Carlos. Ce sont les deux meilleurs joueurs du monde\u00a0\u00bb, a soulign\u00e9 Djokovic, dont le r\u00eave de nouveau titre en Grand Chelem est conditionn\u00e9 \u00e0 sa capacit\u00e9 \u00e0 battre l\u2019un des deux, voire les deux.<\/p>\n<p>Les deux l\u2019ont d\u00e9j\u00e0 sorti trois fois sur les quatre demi-finales que Nole\u00a0a atteintes en 2025 en Grand Chelem (US Open, Wimbledon, Roland-Garros), et lors de sa derni\u00e8re finale en Grand Chelem, \u00e0 Wimbledon en 2024, il avait subi la loi d\u2019Alcaraz. Il n\u2019a donc plus gagn\u00e9 en Grand Chelem depuis l\u2019US Open en septembre 2023, une \u00e9ternit\u00e9 dans le tennis.<\/p>\n<p>Preuve d\u2019un orgueil toujours aussi vif, le Serbe a peu go\u00fbt\u00e9 qu\u2019en conf\u00e9rence de presse, la question lui soit pos\u00e9e de savoir s\u2019il chassait ces deux ogres. \u00ab\u00a0Je n\u2019ai pas l\u2019impression d\u2019\u00eatre \u00e0 la poursuite de quelqu\u2019un. Je cr\u00e9e ma propre histoire. Roger et Rafa seront toujours mes plus grands rivaux\u00a0\u00bb, a-t-il rappel\u00e9. \u00ab\u00a0On a de la chance qu\u2019il (Djokovic) soit toujours l\u00e0 \u00e0 jouer un tennis incroyable \u00e0 son \u00e2ge (38\u00a0ans)\u00a0\u00bb, a d\u00e9clar\u00e9 pour sa part Sinner.<\/p>\n<p>Au milieu de ces trois multi-vainqueurs de Majeurs, Alexander Zverev (3e) est, lui, en qu\u00eate d\u2019un tout premier troph\u00e9e en Grand Chelem. Mine de rien, il d\u00e9roule depuis le d\u00e9but du tournoi. Et si l\u2019attention se focalise sur le duo Alcarza-Sinner, cela ne lui fait pas perdre de vue son objectif. \u00ab\u00a0Bien s\u00fbr, je veux toujours y parvenir\u00a0\u00bb, a-t-il assur\u00e9 apr\u00e8s sa victoire contre la p\u00e9pite Learner Tien (29e) en quarts.<\/p>\n<p>Plafond de verre<\/p>\n<p>Zverev affrontera Alcaraz vendredi et se trouve dans l\u2019obligation de briser son plafond de verre \u00e0 l\u2019approche du troph\u00e9e. L\u2019Allemand n\u2019a a priori pas de complexe \u00e0 avoir face au N.1 mondial\u00a0: ils sont \u00e0 \u00e9galit\u00e9 six victoires chacun dans leurs duels et Zverev avait \u00e9limin\u00e9 Alcaraz en quarts \u00e0 Melbourne en 2024. Mais il manque parfois \u00e0 l\u2019Allemand ce suppl\u00e9ment d\u2019\u00e2me pour se transcender dans ces moments cruciaux, lui qui a d\u00e9j\u00e0 \u00e9chou\u00e9 trois fois en finale de Grand Chelem (2020 \u00e0 l\u2019US Open, 2024 \u00e0 Roland Garros et 2025 \u00e0 l\u2019Open d\u2019Australie).<\/p>\n<p>Alcaraz, qui n\u2019a jamais gagn\u00e9 \u00e0 Melbourne, n\u2019a pas perdu un set depuis le d\u00e9but du tournoi. Il a surtout \u00e9c\u0153ur\u00e9 Alex de Minaur en quarts. Impressionn\u00e9 par son niveau de jeu, l\u2019Australien a assur\u00e9 que l\u2019Espagnol ne faisait \u00ab\u00a0presque plus de fautes directes\u00a0\u00bb.<\/p>\n","protected":false},"excerpt":{"rendered":"Djokovic est encore l\u00e0, mais gr\u00e2ce \u00e0 un coup du destin\u00a0: malgr\u00e9 son jour de r\u00e9cup\u00e9ration suppl\u00e9mentaire apr\u00e8s&hellip;\n","protected":false},"author":2,"featured_media":698776,"comment_status":"","ping_status":"","sticky":false,"template":"","format":"standard","meta":{"footnotes":""},"categories":[1415],"tags":[1011,27,60,1467],"class_list":{"0":"post-698775","1":"post","2":"type-post","3":"status-publish","4":"format-standard","5":"has-post-thumbnail","7":"category-tennis","8":"tag-fr","9":"tag-france","10":"tag-sports","11":"tag-tennis"},"share_on_mastodon":{"url":"https:\/\/pubeurope.com\/@fr\/115981980948253206","error":""},"_links":{"self":[{"href":"https:\/\/www.europesays.com\/fr\/wp-json\/wp\/v2\/posts\/698775","targetHints":{"allow":["GET"]}}],"collection":[{"href":"https:\/\/www.europesays.com\/fr\/wp-json\/wp\/v2\/posts"}],"about":[{"href":"https:\/\/www.europesays.com\/fr\/wp-json\/wp\/v2\/types\/post"}],"author":[{"embeddable":true,"href":"https:\/\/www.europesays.com\/fr\/wp-json\/wp\/v2\/users\/2"}],"replies":[{"embeddable":true,"href":"https:\/\/www.europesays.com\/fr\/wp-json\/wp\/v2\/comments?post=698775"}],"version-history":[{"count":0,"href":"https:\/\/www.europesays.com\/fr\/wp-json\/wp\/v2\/posts\/698775\/revisions"}],"wp:featuredmedia":[{"embeddable":true,"href":"https:\/\/www.europesays.com\/fr\/wp-json\/wp\/v2\/media\/698776"}],"wp:attachment":[{"href":"https:\/\/www.europesays.com\/fr\/wp-json\/wp\/v2\/media?parent=698775"}],"wp:term":[{"taxonomy":"category","embeddable":true,"href":"https:\/\/www.europesays.com\/fr\/wp-json\/wp\/v2\/categories?post=698775"},{"taxonomy":"post_tag","embeddable":true,"href":"https:\/\/www.europesays.com\/fr\/wp-json\/wp\/v2\/tags?post=698775"}],"curies":[{"name":"wp","href":"https:\/\/api.w.org\/{rel}","templated":true}]}}