{"id":698782,"date":"2026-01-30T03:48:15","date_gmt":"2026-01-30T03:48:15","guid":{"rendered":"https:\/\/www.europesays.com\/fr\/698782\/"},"modified":"2026-01-30T03:48:15","modified_gmt":"2026-01-30T03:48:15","slug":"semur-en-auxois-decouvertes-dans-un-jardin-deux-sculptures-de-la-fin-du-moyen-age-mises-aux-encheres-chez-daguerre","status":"publish","type":"post","link":"https:\/\/www.europesays.com\/fr\/698782\/","title":{"rendered":"Semur-en-Auxois. D\u00e9couvertes dans un jardin, deux sculptures de la\u00a0fin du Moyen \u00c2ge mises aux ench\u00e8res chez Daguerre"},"content":{"rendered":"<p>La premi\u00e8re vente de l\u2019ann\u00e9e organis\u00e9e par Daguerre Bourgogne, dans son h\u00f4tel particulier, rue Buffon \u00e0 Semur-en-Auxois, se d\u00e9roulera samedi 31\u00a0janvier d\u00e8s 14\u00a0heures. L\u2019h\u00f4tel Jambon accueillera en ce jour une vente sp\u00e9ciale \u201cHaute \u00c9poque\u201d. L\u2019\u00e9tude Daguerre Bourgogne livre un catalogue r\u00e9unissant plus de 240 lots, et couvrant pr\u00e8s de 15 si\u00e8cles de cr\u00e9ation artistique et d\u2019histoire.<\/p>\n<p>Peintures anciennes, sculptures m\u00e9di\u00e9vales et renaissance, objets d\u2019art religieux, arch\u00e9ologie, arts d\u00e9coratifs, mobilier et \u00e9l\u00e9ments d\u2019architecture, souvent rares et parfois in\u00e9dits, composent un ensemble d\u2019\u0153uvres d\u2019une grande qualit\u00e9.<\/p>\n<p>  Des estimations vari\u00e9es<\/p>\n<p>Parmi les lots phares, on retiendra notamment une importante sculpture bourguignonne de la fin du XVe \u00a0si\u00e8cle, repr\u00e9sentant sainte Barbe en fort relief, \u0153uvre embl\u00e9matique de la statuaire flamboyante r\u00e9gionale, ainsi qu\u2019un commanditaire en pri\u00e8re de la m\u00eame p\u00e9riode, t\u00e9moignage rare de la commande artistique des \u00e9lites \u00e0 la fin du Moyen \u00c2ge. Ces deux pi\u00e8ces ont \u00e9t\u00e9 d\u00e9couvertes dans le jardin d\u2019un h\u00f4tel particulier, au c\u0153ur de Semur-en-Auxois, o\u00f9 elles \u00e9taient conserv\u00e9es depuis 1880.<\/p>\n<p>La vente propose \u00e9galement plusieurs sculptures religieuses en pierre et en bois. Les arts d\u00e9coratifs ne sont pas en reste, avec un ensemble d\u2019objets li\u00e9s \u00e0 la vie quotidienne, \u00e0 l\u2019art sacr\u00e9 et \u00e0 l\u2019architecture ancienne, comprenant de rares cabinets et coffrets, des pi\u00e8ces d\u2019outillage, de serrurerie et de ferronnerie remarquables, une s\u00e9lection de bougeoirs et divers autres objets de curiosit\u00e9.<\/p>\n<p>\u00ab\u00a0Accessible aussi bien aux collectionneurs avertis qu\u2019aux amateurs curieux, cette vente propose des estimations vari\u00e9es, permettant \u00e0 chacun d\u2019envisager l\u2019acquisition d\u2019une \u0153uvre singuli\u00e8re, porteuse d\u2019histoire et de sens\u00a0\u00bb, pr\u00e9cise Xavier Sauty de Chalon, responsable de Daguerre Bourgogne.<\/p>\n<p class=\"note\">Exposition publique, vendredi 30\u00a0janvier de 10\u00a0\u00e0 17\u00a0heures, samedi 31\u00a0janvier de 10\u00a0heures \u00e0 midi. Plus d\u2019informations sur <a href=\"https:\/\/www.daguerre.fr\/catalogue\/169365-daguerre-bourgogne-haute-epoque\" target=\"_blank\" rel=\"noopener\">le site Internet de Daguerre<\/a>.<\/p>\n","protected":false},"excerpt":{"rendered":"La premi\u00e8re vente de l\u2019ann\u00e9e organis\u00e9e par Daguerre Bourgogne, dans son h\u00f4tel particulier, rue Buffon \u00e0 Semur-en-Auxois, se&hellip;\n","protected":false},"author":2,"featured_media":698783,"comment_status":"","ping_status":"","sticky":false,"template":"","format":"standard","meta":{"footnotes":""},"categories":[1358],"tags":[1348,1384,1385,4406,1386,58,33,11743,59,107,1011,27,38029,54215],"class_list":{"0":"post-698782","1":"post","2":"type-post","3":"status-publish","4":"format-standard","5":"has-post-thumbnail","7":"category-arts-et-design","8":"tag-arts","9":"tag-arts-and-design","10":"tag-arts-et-design","11":"tag-commerce-et-services","12":"tag-design","13":"tag-divertissement","14":"tag-economie","15":"tag-edition-haute-cote-dor","16":"tag-entertainment","17":"tag-fil-info","18":"tag-fr","19":"tag-france","20":"tag-semur-en-auxois","21":"tag-semur-en-auxois-bassin"},"share_on_mastodon":{"url":"https:\/\/pubeurope.com\/@fr\/115982008466373606","error":""},"_links":{"self":[{"href":"https:\/\/www.europesays.com\/fr\/wp-json\/wp\/v2\/posts\/698782","targetHints":{"allow":["GET"]}}],"collection":[{"href":"https:\/\/www.europesays.com\/fr\/wp-json\/wp\/v2\/posts"}],"about":[{"href":"https:\/\/www.europesays.com\/fr\/wp-json\/wp\/v2\/types\/post"}],"author":[{"embeddable":true,"href":"https:\/\/www.europesays.com\/fr\/wp-json\/wp\/v2\/users\/2"}],"replies":[{"embeddable":true,"href":"https:\/\/www.europesays.com\/fr\/wp-json\/wp\/v2\/comments?post=698782"}],"version-history":[{"count":0,"href":"https:\/\/www.europesays.com\/fr\/wp-json\/wp\/v2\/posts\/698782\/revisions"}],"wp:featuredmedia":[{"embeddable":true,"href":"https:\/\/www.europesays.com\/fr\/wp-json\/wp\/v2\/media\/698783"}],"wp:attachment":[{"href":"https:\/\/www.europesays.com\/fr\/wp-json\/wp\/v2\/media?parent=698782"}],"wp:term":[{"taxonomy":"category","embeddable":true,"href":"https:\/\/www.europesays.com\/fr\/wp-json\/wp\/v2\/categories?post=698782"},{"taxonomy":"post_tag","embeddable":true,"href":"https:\/\/www.europesays.com\/fr\/wp-json\/wp\/v2\/tags?post=698782"}],"curies":[{"name":"wp","href":"https:\/\/api.w.org\/{rel}","templated":true}]}}