{"id":698857,"date":"2026-01-30T04:35:29","date_gmt":"2026-01-30T04:35:29","guid":{"rendered":"https:\/\/www.europesays.com\/fr\/698857\/"},"modified":"2026-01-30T04:35:29","modified_gmt":"2026-01-30T04:35:29","slug":"quand-la-cuisine-dialogue-avec-lart","status":"publish","type":"post","link":"https:\/\/www.europesays.com\/fr\/698857\/","title":{"rendered":"Quand la cuisine dialogue avec l\u2019art"},"content":{"rendered":"<p>La question hante les restaurants depuis &#8211; au moins &#8211; deux si\u00e8cles. Les cuisiniers sont-ils des artistes ou des artisans ? Cuire et assaisonner des mets peut-il se comparer \u00e0 peindre un tableau ou composer un concerto ? Pour alimenter un d\u00e9bat qui ne sera pas tranch\u00e9 de sit\u00f4t, plusieurs initiatives parisiennes montrent que l\u2019art et la cuisine se nourrissent l&rsquo;un, l&rsquo;autre.<\/p>\n<p><strong>L&rsquo;artiste Mathias Kiss au Meurice<\/strong><br \/>\n<img decoding=\"async\" id=\"0fc5234e-4c5f-d2ed-23dd-96a12c8b3625\" class=\"photo lazy inline\" loading=\"lazy\" data-component=\"lazy-embed\" src=\"https:\/\/www.europesays.com\/fr\/wp-content\/uploads\/2026\/01\/1769747727_963_image.webp.webp\" alt=\"Mathias Kiss\" data-caption=\"\" data-credit=\" \u00a9 Jordan Sapally\" data-width-class=\"\" data-image-id=\"106368197\"\/>&#13;<br \/>\n\u00a9 Jordan Sapally&#13;<\/p>\n<p>Ancien compagnon du devoir, Mathias Kiss, passionn\u00e9 d\u2019artisanat, a \u00e9t\u00e9 invit\u00e9 par le Meurice pour investir une suite et entrer en r\u00e9sonance avec les plats du chef Amaury Bouhours lors de deux d\u00eeners, les 29 et 30 janvier. L\u2019artiste a con\u00e7u Liquid Mirror, une installation \u00e9ph\u00e9m\u00e8re en mosa\u00efque de miroirs descendant du plafond, qui r\u00e9pond \u00e0 la table tout argent sign\u00e9e Christofle. Dans les assiettes, Amaury Bouhours d\u00e9ploie sa cuisine contemporaine et \u00e9pur\u00e9e : Saint-Jacques de Saint-Malo, radis ; veau grill\u00e9, chou de Pontoise et houblon\u2026 Le prix de l\u2019exp\u00e9rience : 250 \u20ac.<\/p>\n<p><strong>Le photographe \u00c9ric Outhenin Chalandre<\/strong><strong> chez Rencontre<\/strong><br \/>\n<img decoding=\"async\" id=\"f0f1c773-9143-2411-38f2-ec99bd347b47\" class=\"photo lazy inline\" loading=\"lazy\" data-component=\"lazy-embed\" src=\"https:\/\/www.europesays.com\/fr\/wp-content\/uploads\/2026\/01\/1769747728_406_image.webp.webp\" alt=\"Photographe \u00c9ric Outhenin Chalandre  \" data-caption=\"\" data-credit=\"\u00a9 Jeanne Delage\" data-width-class=\"\" data-image-id=\"106368213\"\/>&#13;<br \/>\n\u00a9 Jeanne Delage&#13;<\/p>\n<p><br data-start=\"1035\" data-end=\"1038\"\/> Imagin\u00e9 par Lucas Zundel, jeune ing\u00e9nieur transport reconverti dans la popote, Rencontre place au c\u0153ur de son concept le dialogue entre artiste invit\u00e9(e) et chef(fe) en r\u00e9sidence. Ainsi, en f\u00e9vrier, Hugo Ouanounou (pass\u00e9 par le Pr\u00e9 Catelan) va de s\u2019inspirer des reflets captur\u00e9s par le photographe \u00c9ric Outhenin Chalandre pour \u00e9laborer un menu en 5 temps (79\u20ac) graphique et voyageur.<\/p>\n<p><strong>Le c\u00e9ramiste Jacques Monneraud \u00e0 la M\u00e8re de Famille<\/strong><br \/>\n<img decoding=\"async\" id=\"67ffe89e-7f9e-fab9-2a58-3bd470f082ef\" class=\"photo lazy inline\" loading=\"lazy\" data-component=\"lazy-embed\" src=\"https:\/\/www.europesays.com\/fr\/wp-content\/uploads\/2026\/01\/1769747729_988_image.webp.webp\" alt=\"Jacques Monneraud\" data-caption=\"\" data-credit=\"\u00a9 Jacques Monneraud\" data-width-class=\"\" data-image-id=\"106368194\"\/>&#13;<br \/>\n\u00a9 Jacques Monneraud&#13;<\/p>\n<p>Ancien directeur artistique dans la pub (et cofondateur de l\u2019agence The Good Company), Jacques Monneraud a fait un carton dans la c\u00e9ramique en trompe-l\u2019\u0153il. Invit\u00e9 par la M\u00e8re de Famille, il a dessin\u00e9 pour P\u00e2ques un sculptural coquetier en chocolat. Une \u0153uvre comestible en \u00e9dition limit\u00e9e, disponible en quatre tailles (50\u201380 \u20ac) dans la boutique de la rue du Faubourg-Montmartre.<\/p>\n<p>\u00a0<\/p>\n","protected":false},"excerpt":{"rendered":"La question hante les restaurants depuis &#8211; au moins &#8211; deux si\u00e8cles. Les cuisiniers sont-ils des artistes ou&hellip;\n","protected":false},"author":2,"featured_media":698858,"comment_status":"","ping_status":"","sticky":false,"template":"","format":"standard","meta":{"footnotes":"","_share_on_mastodon":"0"},"categories":[1888],"tags":[11,2925,2924,1777,674,1011,27,12,626,25,2923],"class_list":["post-698857","post","type-post","status-publish","format-standard","has-post-thumbnail","category-paris","tag-actualites","tag-actualites-dans-nos-assiettes","tag-categories-restaurants","tag-eu","tag-europe","tag-fr","tag-france","tag-news","tag-paris","tag-republique-francaise","tag-restaurants"],"share_on_mastodon":{"url":"https:\/\/pubeurope.com\/@fr\/115982193566955795","error":""},"_links":{"self":[{"href":"https:\/\/www.europesays.com\/fr\/wp-json\/wp\/v2\/posts\/698857","targetHints":{"allow":["GET"]}}],"collection":[{"href":"https:\/\/www.europesays.com\/fr\/wp-json\/wp\/v2\/posts"}],"about":[{"href":"https:\/\/www.europesays.com\/fr\/wp-json\/wp\/v2\/types\/post"}],"author":[{"embeddable":true,"href":"https:\/\/www.europesays.com\/fr\/wp-json\/wp\/v2\/users\/2"}],"replies":[{"embeddable":true,"href":"https:\/\/www.europesays.com\/fr\/wp-json\/wp\/v2\/comments?post=698857"}],"version-history":[{"count":0,"href":"https:\/\/www.europesays.com\/fr\/wp-json\/wp\/v2\/posts\/698857\/revisions"}],"wp:featuredmedia":[{"embeddable":true,"href":"https:\/\/www.europesays.com\/fr\/wp-json\/wp\/v2\/media\/698858"}],"wp:attachment":[{"href":"https:\/\/www.europesays.com\/fr\/wp-json\/wp\/v2\/media?parent=698857"}],"wp:term":[{"taxonomy":"category","embeddable":true,"href":"https:\/\/www.europesays.com\/fr\/wp-json\/wp\/v2\/categories?post=698857"},{"taxonomy":"post_tag","embeddable":true,"href":"https:\/\/www.europesays.com\/fr\/wp-json\/wp\/v2\/tags?post=698857"}],"curies":[{"name":"wp","href":"https:\/\/api.w.org\/{rel}","templated":true}]}}