{"id":698880,"date":"2026-01-30T04:49:22","date_gmt":"2026-01-30T04:49:22","guid":{"rendered":"https:\/\/www.europesays.com\/fr\/698880\/"},"modified":"2026-01-30T04:49:22","modified_gmt":"2026-01-30T04:49:22","slug":"tournoi-des-6-nations-aux-postes-de-4-et-6-il-y-a-debat-les-derniers-doutes-du-xv-de-france-avant-de-defier-lirlande","status":"publish","type":"post","link":"https:\/\/www.europesays.com\/fr\/698880\/","title":{"rendered":"Tournoi des 6 Nations &#8211; \u00ab\u00a0Aux postes de 4 et 6, il y a d\u00e9bat\u00a0\u00bb : les derniers doutes du XV de France avant de d\u00e9fier l&rsquo;Irlande"},"content":{"rendered":"<p>\n                La premi\u00e8re semaine d\u2019entra\u00eenement a pu donner des indications quant \u00e0 la composition d\u2019\u00e9quipe amen\u00e9e \u00e0 affronter l\u2019Irlande. Pour autant, les postes de num\u00e9ro 4 et de num\u00e9ro 6 ne sont pas encore totalement tranch\u00e9s\u2026\n            <\/p>\n<p>Cette semaine, \u00e0 Marcoussis, les deux s\u00e9ances ouvertes \u00e0 la presse ont permis de lever les derniers doutes quant \u00e0 la composition de l\u2019\u00e9quipe de France. \u00c0 quelques jours de l\u2019ouverture du Tournoi des 6 Nations, pr\u00e9vue le 5 f\u00e9vrier face \u00e0 l\u2019Irlande, le staff tricolore a clarifi\u00e9 ses intentions et les grandes lignes du XV de France ont \u00e9merg\u00e9. Sur le terrain d\u2019honneur du CNR, la charni\u00e8re a constitu\u00e9 le premier signal fort. En l\u2019absence de Romain Ntamack, bless\u00e9 au rein et forfait pour ce premier match, Matthieu Jalibert a bien \u00e9t\u00e9 install\u00e9 \u00e0 l\u2019ouverture aux c\u00f4t\u00e9s d\u2019Antoine Dupont, capitaine et m\u00e9tronome des Bleus. Align\u00e9s ensemble lors des deux entra\u00eenements collectifs, les deux hommes ont incarn\u00e9 le passage \u00e0 l\u2019offensive choisi par le staff pour lancer le Tournoi. \u00ab\u00a0J\u2019ai toujours appr\u00e9ci\u00e9 jouer avec Matthieu Jalibert, expliquait en d\u00e9but de semaine le capitaine tricolore. Il a un style tr\u00e8s offensif et depuis le d\u00e9but de saison, il montre qu\u2019il est en tr\u00e8s grande forme.\u00a0\u00bb<\/p>\n<p class=\"std-elt__inline\">\n        <strong>\u00c0 lire aussi :<\/strong><br \/>\n        <a href=\"https:\/\/www.rugbyrama.fr\/2026\/01\/28\/tournoi-des-6-nations-charles-ollivon-dans-la-cage-oscar-jegou-en-troisieme-ligne-la-compo-probable-du-xv-de-france-pour-lirlande-13193179.php\" target=\"_blank\" rel=\"noopener\">Tournoi des 6 Nations &#8211; Charles Ollivon dans la cage, Oscar Jegou en troisi\u00e8me ligne\u00a0: la compo probable du XV de France pour l\u2019Irlande<\/a>\n    <\/p>\n<p>Au centre, la paire girondine compos\u00e9e de Yoram Moefana et Nicolas Depoortere sera charg\u00e9e d\u2019apporter de l\u2019impact au milieu du terrain et s\u00e9curiser les zones de contact, un secteur cl\u00e9 face au d\u00e9fi physique irlandais. Le puncheur Kalvin Gourgues, lui, devrait d\u00e9marrer parmi les finisseurs chers \u00e0 Fabien Galthi\u00e9, pour mieux surprendre les d\u00e9fenseurs irlandais en sortie de banc. La reconduction de Gourgues, 20 ans et d\u00e9j\u00e0 excellent face \u00e0 l\u2019Australie en novembre (48-33), est une illustration parmi d\u2019autres de la nouvelle ambition de Galthi\u00e9 :  \u00ab\u00a0Au d\u00e9but de mon mandat, disait celui-ci \u00e0 l\u2019occasion du lancement de la comp\u00e9tition, j\u2019avais choisi le conservatisme pour cr\u00e9er de l\u2019exp\u00e9rience collective dans l\u2019\u00e9quipe de France. Apr\u00e8s six ans de vie commune, il est temps de trouver une \u00e9volution entre ce conservatisme et l\u2019innovation.\u00a0\u00bb<\/p>\n<p>Un duel Ollivon &#8211; Auradou en deuxi\u00e8me ligne<\/p>\n<p>Devant, le retour de Fran\u00e7ois Cros a marqu\u00e9 un tournant. Absent plusieurs mois d\u2019absence en raison de douleurs r\u00e9calcitrantes au genou, le flanker toulousain a sur le terrain d\u2019entra\u00eenement de Marcoussis retrouv\u00e9 une place de titulaire sur le flanc de la troisi\u00e8me ligne, apportant mobilit\u00e9 et exp\u00e9rience \u00e0 un trio notamment compl\u00e9t\u00e9 par Anthony Jelonch, l\u2019une des vraies satisfactions de la derni\u00e8re tourn\u00e9e automnale. En premi\u00e8re ligne, l\u2019absence de Uini Atonio (lire par ailleurs) a redistribu\u00e9 les cartes et le Clermontois R\u00e9gis Montagne a, lors de la s\u00e9ance de mercredi, tenu la corde \u00e0 droite. Sur l\u2019autre versant de la m\u00eal\u00e9e, le Toulonnais Jean-Baptiste Gros, intouchable depuis un an, garde logiquement la confiance du staff.<\/p>\n<p class=\"std-elt__inline\">\n        <strong>\u00c0 lire aussi :<\/strong><br \/>\n        <a href=\"https:\/\/www.rugbyrama.fr\/2026\/01\/28\/tournoi-des-6-nations-2026-cyril-baille-cameron-woki-tom-staniforth-la-liste-des-14-joueurs-relaches-par-fabien-galthie-xv-de-france-13194207.php\" target=\"_blank\" rel=\"noopener\">Tournoi des 6 Nations 2026 \u2013 Cyril Baille, Cameron Woki, Tom Staniforth\u2026 La liste des 14 joueurs rel\u00e2ch\u00e9s par Fabien Galthi\u00e9 (XV de France)<\/a>\n    <\/p>\n<p>Au jeu des chasubles, on a aussi pu constater mercredi apr\u00e8s-midi que Charles Ollivon s\u2019entra\u00eenait bien dans la cage avec le num\u00e9ro 4 dans le dos, aux c\u00f4t\u00e9s du Lyonnais Micka\u00ebl Guillard. Doit-on en conclure que \u00ab\u00a0le grand Charles\u00a0\u00bb, d\u00e9marrera \u00e0 ce poste contre les Irlandais au Stade de France ? De ce que l\u2019on sait, le staff tricolore est encore h\u00e9sitant \u00e0 ce sujet et se r\u00e9serve le droit d\u2019attendre encore quelques heures, avant de trancher en deuxi\u00e8me ligne entre Charles Ollivon et Hugo Auradou. Ce dernier, d\u00e9j\u00e0 s\u00e9lectionn\u00e9 \u00e0 dix reprises avec le XV de France, a en effet r\u00e9alis\u00e9 un d\u00e9but de saison convaincant avec la Section paloise, poss\u00e8de un super-pouvoir dans l\u2019alignement et pla\u00eet beaucoup aux coachs tricolores. Pour autant, le poste de num\u00e9ro 4 n\u2019est pas le seul dilemme \u00e0 r\u00e9gler pour Fabien Galthi\u00e9 et ses adjoints : \u00e0 Marcoussis, la cote de Lenni Nouchi, impressionnant avec Montpellier depuis plusieurs mois, a grimp\u00e9 en fl\u00e8che et l\u2019ancien capitaine des moins de 20 ans tricolores est aujourd\u2019hui en balance en troisi\u00e8me ligne avec Oscar Jegou, dont les entr\u00e9es en jeu avaient s\u00e9duit le s\u00e9lectionneur national, lors de la derni\u00e8re tourn\u00e9e automnale.<\/p>\n","protected":false},"excerpt":{"rendered":"La premi\u00e8re semaine d\u2019entra\u00eenement a pu donner des indications quant \u00e0 la composition d\u2019\u00e9quipe amen\u00e9e \u00e0 affronter l\u2019Irlande.&hellip;\n","protected":false},"author":2,"featured_media":698881,"comment_status":"","ping_status":"","sticky":false,"template":"","format":"standard","meta":{"footnotes":""},"categories":[1416],"tags":[1011,27,479,1468,68796,60,68804],"class_list":{"0":"post-698880","1":"post","2":"type-post","3":"status-publish","4":"format-standard","5":"has-post-thumbnail","7":"category-rugby","8":"tag-fr","9":"tag-france","10":"tag-rugby","11":"tag-rugby-football","12":"tag-rugby-u00e0-xv","13":"tag-sports","14":"tag-tournoi-des-6-nations-2026"},"share_on_mastodon":{"url":"https:\/\/pubeurope.com\/@fr\/115982248463480360","error":""},"_links":{"self":[{"href":"https:\/\/www.europesays.com\/fr\/wp-json\/wp\/v2\/posts\/698880","targetHints":{"allow":["GET"]}}],"collection":[{"href":"https:\/\/www.europesays.com\/fr\/wp-json\/wp\/v2\/posts"}],"about":[{"href":"https:\/\/www.europesays.com\/fr\/wp-json\/wp\/v2\/types\/post"}],"author":[{"embeddable":true,"href":"https:\/\/www.europesays.com\/fr\/wp-json\/wp\/v2\/users\/2"}],"replies":[{"embeddable":true,"href":"https:\/\/www.europesays.com\/fr\/wp-json\/wp\/v2\/comments?post=698880"}],"version-history":[{"count":0,"href":"https:\/\/www.europesays.com\/fr\/wp-json\/wp\/v2\/posts\/698880\/revisions"}],"wp:featuredmedia":[{"embeddable":true,"href":"https:\/\/www.europesays.com\/fr\/wp-json\/wp\/v2\/media\/698881"}],"wp:attachment":[{"href":"https:\/\/www.europesays.com\/fr\/wp-json\/wp\/v2\/media?parent=698880"}],"wp:term":[{"taxonomy":"category","embeddable":true,"href":"https:\/\/www.europesays.com\/fr\/wp-json\/wp\/v2\/categories?post=698880"},{"taxonomy":"post_tag","embeddable":true,"href":"https:\/\/www.europesays.com\/fr\/wp-json\/wp\/v2\/tags?post=698880"}],"curies":[{"name":"wp","href":"https:\/\/api.w.org\/{rel}","templated":true}]}}