{"id":698882,"date":"2026-01-30T04:50:23","date_gmt":"2026-01-30T04:50:23","guid":{"rendered":"https:\/\/www.europesays.com\/fr\/698882\/"},"modified":"2026-01-30T04:50:23","modified_gmt":"2026-01-30T04:50:23","slug":"impressionnante-rybakina-rejoint-sabalenka-en-finale","status":"publish","type":"post","link":"https:\/\/www.europesays.com\/fr\/698882\/","title":{"rendered":"impressionnante, Rybakina rejoint Sabalenka en finale"},"content":{"rendered":"<p>\n    La t\u00eate de s\u00e9rie n\u00b05 a ais\u00e9ment domin\u00e9 l\u2019Am\u00e9ricaine Jessica Pegula en deux manches et se qualifie pour sa troisi\u00e8me finale en Grand Chelem.<\/p>\n<p class=\"fig-paragraph\">Le r\u00eave se poursuit pour\u00a0<a href=\"http:\/\/www.lefigaro.fr\/sports\/tennis\/masters-wta-rybakina-s-offre-sabalenka-et-un-premier-titre-20251108\" target=\"_blank\" data-fig-type=\"NewsFlash\" rel=\"noopener\" data-gtm-custom-categorie=\"navigation\" data-gtm-custom-action=\"crossclick\" data-gtm-custom-label=\"Contextuel\" data-gtm-event=\"customEventSPE\" data-fig-domain=\"LEFIGARO\">Elena Rybakina<\/a>. La Kazakhe, t\u00eate de s\u00e9rie n\u00b05 \u00e0 l\u2019<a href=\"http:\/\/www.lefigaro.fr\/sports\/tennis\/open-australie\/open-d-australie-une-finale-bleue-a-melbourne-20260128\" target=\"_blank\" data-fig-type=\"NewsFlash\" rel=\"noopener\" data-gtm-custom-categorie=\"navigation\" data-gtm-custom-action=\"crossclick\" data-gtm-custom-label=\"Contextuel\" data-gtm-event=\"customEventSPE\" data-fig-domain=\"LEFIGARO\">Open d\u2019Australie<\/a>, s\u2019est qualifi\u00e9e ce jeudi pour la finale du premier tournoi du Grand Chelem de la saison, en \u00e9liminant l\u2019Am\u00e9ricaine\u00a0<a href=\"http:\/\/www.lefigaro.fr\/sports\/tennis\/open-d-australie-jessica-pegula-bat-amanda-anisimova-et-retrouvera-elena-rybakina-en-demi-finales-20260128\" target=\"_blank\" data-fig-type=\"NewsFlash\" rel=\"noopener\" data-gtm-custom-categorie=\"navigation\" data-gtm-custom-action=\"crossclick\" data-gtm-custom-label=\"Contextuel\" data-gtm-event=\"customEventSPE\" data-fig-domain=\"LEFIGARO\">Jessica Pegula<\/a>\u00a0(t\u00eate de s\u00e9rie n\u00b06) en demi-finale, en deux manches (6-3, 7-6 (9-7)). Elle visera une deuxi\u00e8me victoire en Majeur dans sa carri\u00e8re, apr\u00e8s Wimbledon en 2022.<\/p>\n<p class=\"fig-paragraph\">Impressionnante depuis le d\u00e9but du tournoi, la joueuse de 26 ans n\u2019a toujours pas perdu le moindre set au cours de cette quinzaine, m\u00eame si elle s\u2019est fait peur en fin de deuxi\u00e8me manche. Elle retrouvera en finale la n\u00b01 mondiale,\u00a0<a href=\"http:\/\/www.lefigaro.fr\/sports\/tennis\/open-australie\/open-d-australie-aryna-sabalenka-prive-elina-svitolina-d-une-premiere-finale-en-grand-chelem-20260129\" target=\"_blank\" data-fig-type=\"NewsFlash\" rel=\"noopener\" data-gtm-custom-categorie=\"navigation\" data-gtm-custom-action=\"crossclick\" data-gtm-custom-label=\"Contextuel\" data-gtm-event=\"customEventSPE\" data-fig-domain=\"LEFIGARO\">Aryna Sabalenka<\/a>, dans une affiche de r\u00eave, qui aura lieu samedi matin (9h30, heure fran\u00e7aise). Il s\u2019agira de sa deuxi\u00e8me finale \u00e0 Melbourne, apr\u00e8s celle perdue en 2023&#8230; contre la Bi\u00e9lorusse.<\/p>\n<p>                                            <a class=\"fig-a11y-skip\" href=\"#fig-a11y-skip-main-inarticle\" data-module=\"a11y-skip\" data-context=\"was @visible\"><br \/>\n    Passer la publicit\u00e9<br \/>\n<\/a>            <\/p>\n<p class=\"fig-paragraph\"><strong>Tension au moment de conclure<\/strong><\/p>\n<p class=\"fig-paragraph\">Solide sur l\u2019ensemble de la partie, la Kazakhe a n\u00e9anmoins connu quelques difficult\u00e9s sur son service, arme essentielle et m\u00eame indispensable de son jeu. Elle qui d\u00e9tenait le record d\u2019aces depuis le d\u00e9but du tournoi (35) en a ajout\u00e9 six ce jeudi, mais tous dans le deuxi\u00e8me set. Et elle a termin\u00e9 avec 55% de premi\u00e8res balles pass\u00e9es. \u00abJ\u2019esp\u00e8re que je servirai mieux samedi\u00bb a malgr\u00e9 tout esp\u00e9r\u00e9 la n\u00b05 mondiale.<\/p>\n<p class=\"fig-paragraph\">Tout de suite, Jessica Pegula a essay\u00e9 d\u2019entra\u00eener Rybakina dans de longs \u00e9changes &#8211; et m\u00eame de l\u2019attirer au filet &#8211; mais elle n\u2019a pu emp\u00eacher l\u2019adepte des fili\u00e8res tr\u00e8s, tr\u00e8s courtes du fond du court de faire d\u2019entr\u00e9e le break pour se d\u00e9tacher 3-0 et empocher le set sans trembler. La Kazakhe a ensuite r\u00e9ussi le break dans le troisi\u00e8me jeu du deuxi\u00e8me set pour mener 2-1, mais l\u2019Am\u00e9ricaine a r\u00e9ussi \u00e0 d\u00e9breaker sur sa premi\u00e8re balle de break jusque-l\u00e0. Toutefois, la Kazakhe a repris sa marche en avant pour se d\u00e9tacher 4-2. Sous tr\u00e8s, tr\u00e8s haute pression \u00e0 5-3 sur son service, Jessica Pegula a sauv\u00e9 trois balles de match pour revenir \u00e0 5-4, obligeant son adversaire \u00e0 servir pour le match.<\/p>\n<p class=\"fig-paragraph\">Dos au mur, l\u2019Am\u00e9ricaine a l\u00e2ch\u00e9 toutes ses frappes et Elena Rybakina s\u2019est crisp\u00e9e, offrant le d\u00e9break sur deux grosses fautes de coup droit. Mais elle s\u2019est reprise imm\u00e9diatement, a remport\u00e9 la mise en jeu de la t\u00eate de s\u00e9rie n\u00b06 et servi une seconde fois pour le match \u00e0 6-5. De nouveau, Jessica Pegula a pris tous les risques et r\u00e9ussi \u00e0 reprendre le service de Elena Rybakina pour pousser le set au tie-break. Et apr\u00e8s avoir sauv\u00e9 deux balles d\u2019\u00e9galisation \u00e0 un set partout, la Kazakhe s\u2019est offert une quatri\u00e8me balle de match sur un ace et a conclu sur un retour gagnant.<\/p>\n<p class=\"fig-paragraph\">\u00abQuelle bataille\u00a0! Le deuxi\u00e8me set a \u00e9t\u00e9 \u00e9pique. Jess a si bien jou\u00e9 que je suis tr\u00e8s contente de m\u2019en \u00eatre sortie\u00bb, a comment\u00e9 la vainqueur de 26 ans. \u00abJ\u2019\u00e9tais tr\u00e8s nerveuse \u00e0 la fin et je suis heureuse que \u00e7a ait tourn\u00e9 en ma faveur&#8230; j\u2019ai besoin de repos\u00bb avant la finale de samedi, a-t-elle ajout\u00e9.<\/p>\n<p>                                            <a class=\"fig-a11y-skip\" href=\"#fig-a11y-skip-main-inarticle_mtf\" data-module=\"a11y-skip\" data-context=\"was @visible\"><br \/>\n    Passer la publicit\u00e9<br \/>\n<\/a>            <\/p>\n<p class=\"fig-paragraph\">Pour sa troisi\u00e8me finale Grand Chelem, Elena Rybakina retrouvera donc la n\u00b01 mondiale Aryna Sabalenka, qui l\u2019avait vaincue en finale \u00e0 Melbourne, en 2023. \u00abC\u2019\u00e9tait une belle bataille mais elle avait jou\u00e9 un peu mieux que moi et avait m\u00e9rit\u00e9 la victoire. J\u2019esp\u00e8re que samedi je servirai mieux qu\u2019aujourd\u2019hui\u00bb, a soulign\u00e9 la Kazakhe. L\u2019heure de la revanche\u00a0?<\/p>\n","protected":false},"excerpt":{"rendered":"La t\u00eate de s\u00e9rie n\u00b05 a ais\u00e9ment domin\u00e9 l\u2019Am\u00e9ricaine Jessica Pegula en deux manches et se qualifie pour&hellip;\n","protected":false},"author":2,"featured_media":698883,"comment_status":"","ping_status":"","sticky":false,"template":"","format":"standard","meta":{"footnotes":""},"categories":[1415],"tags":[1011,27,25011,4175,60,1467],"class_list":{"0":"post-698882","1":"post","2":"type-post","3":"status-publish","4":"format-standard","5":"has-post-thumbnail","7":"category-tennis","8":"tag-fr","9":"tag-france","10":"tag-grand-chelem","11":"tag-open-daustralie","12":"tag-sports","13":"tag-tennis"},"share_on_mastodon":{"url":"https:\/\/pubeurope.com\/@fr\/115982252323429951","error":""},"_links":{"self":[{"href":"https:\/\/www.europesays.com\/fr\/wp-json\/wp\/v2\/posts\/698882","targetHints":{"allow":["GET"]}}],"collection":[{"href":"https:\/\/www.europesays.com\/fr\/wp-json\/wp\/v2\/posts"}],"about":[{"href":"https:\/\/www.europesays.com\/fr\/wp-json\/wp\/v2\/types\/post"}],"author":[{"embeddable":true,"href":"https:\/\/www.europesays.com\/fr\/wp-json\/wp\/v2\/users\/2"}],"replies":[{"embeddable":true,"href":"https:\/\/www.europesays.com\/fr\/wp-json\/wp\/v2\/comments?post=698882"}],"version-history":[{"count":0,"href":"https:\/\/www.europesays.com\/fr\/wp-json\/wp\/v2\/posts\/698882\/revisions"}],"wp:featuredmedia":[{"embeddable":true,"href":"https:\/\/www.europesays.com\/fr\/wp-json\/wp\/v2\/media\/698883"}],"wp:attachment":[{"href":"https:\/\/www.europesays.com\/fr\/wp-json\/wp\/v2\/media?parent=698882"}],"wp:term":[{"taxonomy":"category","embeddable":true,"href":"https:\/\/www.europesays.com\/fr\/wp-json\/wp\/v2\/categories?post=698882"},{"taxonomy":"post_tag","embeddable":true,"href":"https:\/\/www.europesays.com\/fr\/wp-json\/wp\/v2\/tags?post=698882"}],"curies":[{"name":"wp","href":"https:\/\/api.w.org\/{rel}","templated":true}]}}