{"id":698915,"date":"2026-01-30T05:11:11","date_gmt":"2026-01-30T05:11:11","guid":{"rendered":"https:\/\/www.europesays.com\/fr\/698915\/"},"modified":"2026-01-30T05:11:11","modified_gmt":"2026-01-30T05:11:11","slug":"saint-etienne-un-magasin-ephemere-ou-tout-sera-gratuit-va-ouvrir-dans-la-galerie-monthieu","status":"publish","type":"post","link":"https:\/\/www.europesays.com\/fr\/698915\/","title":{"rendered":"Saint-\u00c9tienne. Un magasin \u00e9ph\u00e9m\u00e8re o\u00f9 tout sera gratuit va ouvrir dans la Galerie Monthieu"},"content":{"rendered":"<p>Cr\u00e9\u00e9e en 2017, Geev est une application qui propose des dons d\u2019objets entre particuliers. Pr\u00e9sente en France, au Canada et au Royaume-Uni, elle s\u2019impose comme un acteur du r\u00e9emploi pour 6,5\u00a0millions d\u2019utilisateurs. Avec le Geev Shop Tour, chacun peut donner et r\u00e9cup\u00e9rer gratuitement des objets du quotidien dans un magasin \u00e9ph\u00e9m\u00e8re.<\/p>\n<p>Saint-\u00c9tienne va accueillir le Geev Shop Tour dans quelques jours, au sein de la Galerie Monthieu. Premi\u00e8re \u00e9tape, du 4 au 7\u00a0f\u00e9vrier, la collecte des dons\u00a0: les St\u00e9phanois pourront d\u00e9poser leurs objets inutilis\u00e9s dans le magasin \u00e9ph\u00e9m\u00e8re. Sachant que les meubles volumineux, les produits alimentaires, les m\u00e9dicaments, le tabac et les objets dangereux ou \u00e0 caract\u00e8re sexuel ne sont pas accept\u00e9s.<\/p>\n<p>Une op\u00e9ration de r\u00e9compense est mise en place pour les donateurs\u00a0: d\u00e8s cinq objets donn\u00e9s, ils recevront un bon d\u2019achat de 5\u00a0euros valable dans le centre commercial. L\u2019offre est limit\u00e9e \u00e0 deux bons par personne.<\/p>\n<p>  Un QR code \u00e0 r\u00e9cup\u00e9rer sur l\u2019application Geev<\/p>\n<p>Les objets collect\u00e9s seront ensuite mis gratuitement \u00e0 la disposition du public, sur pr\u00e9sentation du QR code obtenu sur l\u2019application Geev, les mercredi\u00a011, samedi\u00a014, vendredi\u00a020 et samedi 21\u00a0f\u00e9vrier de 9\u00a0h\u00a030 \u00e0 19\u00a0h\u00a030. \u00c0 noter\u00a0que les dons d\u2019objets sont accept\u00e9s pendant toute la dur\u00e9e de l\u2019ouverture au public.<\/p>\n<p>Voici une op\u00e9ration qui risque de d\u00e9placer les foules et de faire de nombreux heureux.<\/p>\n","protected":false},"excerpt":{"rendered":"Cr\u00e9\u00e9e en 2017, Geev est une application qui propose des dons d\u2019objets entre particuliers. Pr\u00e9sente en France, au&hellip;\n","protected":false},"author":2,"featured_media":698916,"comment_status":"","ping_status":"","sticky":false,"template":"","format":"standard","meta":{"footnotes":""},"categories":[9653],"tags":[1111,11,2430,4406,33,7539,1777,674,1011,27,12,25,4001,7538],"class_list":{"0":"post-698915","1":"post","2":"type-post","3":"status-publish","4":"format-standard","5":"has-post-thumbnail","7":"category-saint-etienne","8":"tag-actu","9":"tag-actualites","10":"tag-auvergne-rhone-alpes","11":"tag-commerce-et-services","12":"tag-economie","13":"tag-edition-loire-sud","14":"tag-eu","15":"tag-europe","16":"tag-fr","17":"tag-france","18":"tag-news","19":"tag-republique-francaise","20":"tag-saint-etienne","21":"tag-saint-etienne-ville"},"share_on_mastodon":{"url":"https:\/\/pubeurope.com\/@fr\/115982335093409004","error":""},"_links":{"self":[{"href":"https:\/\/www.europesays.com\/fr\/wp-json\/wp\/v2\/posts\/698915","targetHints":{"allow":["GET"]}}],"collection":[{"href":"https:\/\/www.europesays.com\/fr\/wp-json\/wp\/v2\/posts"}],"about":[{"href":"https:\/\/www.europesays.com\/fr\/wp-json\/wp\/v2\/types\/post"}],"author":[{"embeddable":true,"href":"https:\/\/www.europesays.com\/fr\/wp-json\/wp\/v2\/users\/2"}],"replies":[{"embeddable":true,"href":"https:\/\/www.europesays.com\/fr\/wp-json\/wp\/v2\/comments?post=698915"}],"version-history":[{"count":0,"href":"https:\/\/www.europesays.com\/fr\/wp-json\/wp\/v2\/posts\/698915\/revisions"}],"wp:featuredmedia":[{"embeddable":true,"href":"https:\/\/www.europesays.com\/fr\/wp-json\/wp\/v2\/media\/698916"}],"wp:attachment":[{"href":"https:\/\/www.europesays.com\/fr\/wp-json\/wp\/v2\/media?parent=698915"}],"wp:term":[{"taxonomy":"category","embeddable":true,"href":"https:\/\/www.europesays.com\/fr\/wp-json\/wp\/v2\/categories?post=698915"},{"taxonomy":"post_tag","embeddable":true,"href":"https:\/\/www.europesays.com\/fr\/wp-json\/wp\/v2\/tags?post=698915"}],"curies":[{"name":"wp","href":"https:\/\/api.w.org\/{rel}","templated":true}]}}