{"id":698978,"date":"2026-01-30T05:46:31","date_gmt":"2026-01-30T05:46:31","guid":{"rendered":"https:\/\/www.europesays.com\/fr\/698978\/"},"modified":"2026-01-30T05:46:31","modified_gmt":"2026-01-30T05:46:31","slug":"face-a-la-menace-russe-la-pologne-devoile-son-bouclier-antidrones-lexpress","status":"publish","type":"post","link":"https:\/\/www.europesays.com\/fr\/698978\/","title":{"rendered":"face \u00e0 la menace russe, la Pologne d\u00e9voile son bouclier antidrones \u2013 L&rsquo;Express"},"content":{"rendered":"<p class=\"paragraph article-body-paragraph article__item   article-body-paragraph--first \">\u00ab\u00a0Nous voulons que le programme SAN, notre nouvelle couche de d\u00e9fense a\u00e9rienne, serve de mod\u00e8le pour l&rsquo;ensemble de l&rsquo;Otan\u00a0\u00bb, scande le ministre de la D\u00e9fense polonais, Wladyslaw Kosiniak-Kamysz, devant des rang\u00e9es de membres du corps diplomatique militaire. Au pupitre, ce poids lourd du gouvernement a de quoi jubiler : <a href=\"https:\/\/www.lexpress.fr\/monde\/pologne-les-secrets-dun-miracle-qui-ne-doit-rien-au-hasard-SK5K7FW4KNEDFGB7WN2Q2EMLP4\/\" target=\"_self\" rel=\"nofollow noopener\" title=\"https:\/\/www.lexpress.fr\/monde\/pologne-les-secrets-dun-miracle-qui-ne-doit-rien-au-hasard-SK5K7FW4KNEDFGB7WN2Q2EMLP4\/\">la Pologne<\/a> est le premier pays europ\u00e9en de l\u2019Alliance atlantique \u00e0 annoncer le d\u00e9ploiement d&rsquo;un syst\u00e8me aussi fourni pour d\u00e9fendre la protection de ses fronti\u00e8res face \u00e0 l\u2019intrusion de drones russes. <\/p>\n<p class=\"paragraph article-body-paragraph article__item   \">Il \u00e9tait temps, s\u2019accordent les observateurs. La nuit du 9 au 10 septembre dernier a laiss\u00e9 un traumatisme vivace sur les bords de la Vistule. A l\u2019\u00e9poque, les Polonais se r\u00e9veillent au petit matin dans la stupeur, boulevers\u00e9s par l\u2019intrusion d\u2019une vingtaine de drones russes dans leur espace a\u00e9rien. Un pr\u00e9c\u00e9dent in\u00e9dit dans l\u2019histoire de l\u2019Otan, et v\u00e9cu ensuite par plusieurs autres membres de l\u2019Alliance atlantique, France incluse.<\/p>\n<p><strong class=\"article-body-link-list__item text-gray-800 article-body-link-list__item--one-item\">LIRE AUSSI : <a class=\"article-body-link-list__item-link\" href=\"https:\/\/www.lexpress.fr\/monde\/pologne-les-secrets-dun-miracle-qui-ne-doit-rien-au-hasard-SK5K7FW4KNEDFGB7WN2Q2EMLP4\/\" rel=\"nofollow noopener\" target=\"_blank\">Pologne, les secrets d&rsquo;un \u00ab\u00a0miracle\u00a0\u00bb : comment le pays est en passe de d\u00e9passer le Japon<\/a><\/strong><\/p>\n<p class=\"paragraph article-body-paragraph article__item   \">L\u2019incident a aliment\u00e9 les d\u00e9bats pendant plusieurs semaines, \u00e0 mesure que des d\u00e9bris de drones \u00e9taient retrouv\u00e9s sur une large partie du territoire polonais. \u00ab\u00a0Cela a r\u00e9v\u00e9l\u00e9 les failles de notre d\u00e9fense anti-a\u00e9rienne\u00a0\u00bb, conc\u00e8de Tomasz Paw\u0142uszko, professeur \u00e0 l\u2019Universit\u00e9 Opole et sp\u00e9cialiste affili\u00e9 \u00e0 Lukasiewicz-ITECH, un centre de recherche en innovation. <\/p>\n<p>\u00ab\u00a0Vaisseaux connect\u00e9s\u00a0\u00bb<\/p>\n<p class=\"paragraph article-body-paragraph article__item   \">\u00c0 l\u2019automne, des chasseurs polonais et des F-35 n\u00e9erlandais, sous l\u2019\u00e9gide du Commandement a\u00e9rien alli\u00e9 de l\u2019Otan, ont d\u00fb \u00eatre mobilis\u00e9s pendant plusieurs heures. Un dispositif disproportionn\u00e9, ni viable op\u00e9rationnellement ni soutenable financi\u00e8rement face \u00e0 des drones produits \u00e0 bas co\u00fbt par la Russie. \u00ab\u00a0Nous n\u2019avons pas suffisamment tir\u00e9 les enseignements du front ukrainien. L\u2019investissement dans le d\u00e9veloppement de logiciels intelligents, notamment en mati\u00e8re de syst\u00e8mes autonomes ou d\u2019aide \u00e0 la d\u00e9cision a p\u00each\u00e9\u00a0\u00bb, poursuit l\u2019expert.<\/p>\n<p><strong class=\"article-body-link-list__item text-gray-800 article-body-link-list__item--one-item\">LIRE AUSSI : <a class=\"article-body-link-list__item-link\" href=\"https:\/\/www.lexpress.fr\/monde\/europe\/radoslaw-sikorski-ministre-des-affaires-etrangeres-polonais-nous-avons-ete-une-colonie-russe-et-nous-BEWZY2YRZNASZHTOO5WBJZ75VQ\/\" rel=\"nofollow noopener\" target=\"_blank\">\u00ab\u00a0Face \u00e0 Poutine, l&rsquo;Ukraine nous a donn\u00e9 un temps pr\u00e9cieux\u00a0\u00bb : le plaidoyer du ministre des Affaires \u00e9trang\u00e8res polonais<\/a><\/strong><\/p>\n<p class=\"paragraph article-body-paragraph article__item   \">Conscient de la gravit\u00e9 de la situation, le ministre de la D\u00e9fense polonais pr\u00e9vient : \u00ab\u00a0Ce projet s\u2019inscrit dans une proc\u00e9dure d&rsquo;urgence op\u00e9rationnelle et doit \u00eatre mis en \u0153uvre dans un d\u00e9lai de deux ans\u00a0\u00bb. C\u2019est le mastodonte national PGZ, l\u2019entreprise de technologie polonaise Advanced Protection Systems et la soci\u00e9t\u00e9 norv\u00e9gienne Kongsberg qui ont \u00e9t\u00e9 choisis pour mener conjointement ce projet d\u2019ampleur. \u00ab\u00a0Une bonne nouvelle pour notre tissu industriel, note l\u2019analyste Tomasz Paw\u0142uszko. Il y a cinq ans, nous aurions sans doute d\u00fb acheter du mat\u00e9riel fini et enti\u00e8rement fabriqu\u00e9 \u00e0 l\u2019\u00e9tranger\u00a0\u00bb.<\/p>\n<p class=\"paragraph article-body-paragraph article__item   \">\u00ab\u00a0Il s\u2019agit de mettre en \u0153uvre un v\u00e9ritable syst\u00e8me de &lsquo;vaisseaux connect\u00e9s'\u00a0\u00bb, explique le ministre de la D\u00e9fense. Car d\u2019une part, il faut d\u00e9tecter et suivre la menace, \u00e0 l\u2019aide d\u2019une multitude de senseurs &#8211; comprenant radars, cam\u00e9ras et capteurs. Et, en parall\u00e8le, il faut pouvoir agir vite. Pour cela, des effecteurs d\u2019artillerie, des missiles \u00e0 bas co\u00fbt, des engins de brouillage et des drones kamikazes seront \u00e0 disposition. \u00ab\u00a0Le c\u00e9l\u00e8bre &lsquo;Monstre de Tarnow&rsquo;, une arme multi-canons capable de tirer jusqu\u2019\u00e0 3 000 fois par minute, fera par exemple partie du syst\u00e8me\u00a0\u00bb, r\u00e9v\u00e8le le vice-ministre de la D\u00e9fense, Cezary Tomczyk, dans une interview accord\u00e9e au m\u00e9dia Wirtualna Polska. <\/p>\n<p><strong class=\"article-body-link-list__item text-gray-800 article-body-link-list__item--one-item\">LIRE AUSSI : <a class=\"article-body-link-list__item-link\" href=\"https:\/\/www.lexpress.fr\/monde\/europe\/bydgoszcz-la-capitale-polonaise-de-lotan-qui-se-prepare-a-faire-face-a-la-russie-PO5HW3TXAFE3JBWD7BNULCZLQY\/\" rel=\"nofollow noopener\" target=\"_blank\">Bydgoszcz, la capitale polonaise de l\u2019Otan qui se pr\u00e9pare \u00e0 faire face \u00e0 la Russie<\/a><\/strong><\/p>\n<p class=\"paragraph article-body-paragraph article__item   \">Le tout sera financ\u00e9 par le m\u00e9canisme europ\u00e9en Safe, qui assure des pr\u00eats avantageux aux Etats membres, et dont la Pologne est le plus large b\u00e9n\u00e9ficiaire, forte de plus de 43 milliards d\u2019euros \u00e0 utiliser d\u2019ici 2030. Un v\u00e9ritable tour de force diplomatique qui appelle d\u00e9sormais des r\u00e9sultats op\u00e9rationnels. \u00ab\u00a0L\u2019irruption de drones sur le champ de bataille n\u00e9cessite une int\u00e9gration pouss\u00e9e entre les arm\u00e9es de terre et de l\u2019air\u00a0\u00bb, souligne l\u2019expert Tomasz Paw\u0142uszko, qui juge cruciale la formation rapide des soldats au nouveau syst\u00e8me. Sur le papier, ce nouveau rideau d\u00e9fensif, qui vient s&rsquo;ajouter aux programmes d\u00e9j\u00e0 engag\u00e9s jusqu&rsquo;ici (\u00e0 l&rsquo;image de l&rsquo;acquisition des syst\u00e8mes am\u00e9ricains Patriot), pourrait faire de la Pologne un des pays les mieux dot\u00e9s au monde en mati\u00e8re de d\u00e9fense antia\u00e9rienne d&rsquo;ici quelques ann\u00e9es.<\/p>\n<p class=\"paragraph article-body-paragraph article__item    article__text__endpicto\">Une aubaine, dans un contexte d\u00e9grad\u00e9 par actions malveillantes du Kremlin, entre sabotages r\u00e9p\u00e9t\u00e9s, attaques cyber et pression migratoire constante \u00e0 la fronti\u00e8re orientale. \u00ab\u00a0Nous construisons un syst\u00e8me antidrones polonais pour pouvoir faire face au risque de guerre\u00a0\u00bb, l\u00e2che le vice-ministre de la D\u00e9fense, Cezary Tomczyk. En Pologne, la menace est particuli\u00e8rement r\u00e9elle. <\/p>\n","protected":false},"excerpt":{"rendered":"\u00ab\u00a0Nous voulons que le programme SAN, notre nouvelle couche de d\u00e9fense a\u00e9rienne, serve de mod\u00e8le pour l&rsquo;ensemble de&hellip;\n","protected":false},"author":2,"featured_media":698979,"comment_status":"","ping_status":"","sticky":false,"template":"","format":"standard","meta":{"footnotes":"","_share_on_mastodon":"0"},"categories":[1591],"tags":[11,674,1887,74,12,1885,1886,132],"class_list":["post-698978","post","type-post","status-publish","format-standard","has-post-thumbnail","category-russie","tag-actualites","tag-europe","tag-federation-de-russie","tag-monde","tag-news","tag-russia","tag-russian-federation","tag-russie"],"share_on_mastodon":{"url":"https:\/\/pubeurope.com\/@fr\/115982472580403194","error":""},"_links":{"self":[{"href":"https:\/\/www.europesays.com\/fr\/wp-json\/wp\/v2\/posts\/698978","targetHints":{"allow":["GET"]}}],"collection":[{"href":"https:\/\/www.europesays.com\/fr\/wp-json\/wp\/v2\/posts"}],"about":[{"href":"https:\/\/www.europesays.com\/fr\/wp-json\/wp\/v2\/types\/post"}],"author":[{"embeddable":true,"href":"https:\/\/www.europesays.com\/fr\/wp-json\/wp\/v2\/users\/2"}],"replies":[{"embeddable":true,"href":"https:\/\/www.europesays.com\/fr\/wp-json\/wp\/v2\/comments?post=698978"}],"version-history":[{"count":0,"href":"https:\/\/www.europesays.com\/fr\/wp-json\/wp\/v2\/posts\/698978\/revisions"}],"wp:featuredmedia":[{"embeddable":true,"href":"https:\/\/www.europesays.com\/fr\/wp-json\/wp\/v2\/media\/698979"}],"wp:attachment":[{"href":"https:\/\/www.europesays.com\/fr\/wp-json\/wp\/v2\/media?parent=698978"}],"wp:term":[{"taxonomy":"category","embeddable":true,"href":"https:\/\/www.europesays.com\/fr\/wp-json\/wp\/v2\/categories?post=698978"},{"taxonomy":"post_tag","embeddable":true,"href":"https:\/\/www.europesays.com\/fr\/wp-json\/wp\/v2\/tags?post=698978"}],"curies":[{"name":"wp","href":"https:\/\/api.w.org\/{rel}","templated":true}]}}