{"id":698984,"date":"2026-01-30T05:49:12","date_gmt":"2026-01-30T05:49:12","guid":{"rendered":"https:\/\/www.europesays.com\/fr\/698984\/"},"modified":"2026-01-30T05:49:12","modified_gmt":"2026-01-30T05:49:12","slug":"le-grand-questionnement-europeen-des-britanniques","status":"publish","type":"post","link":"https:\/\/www.europesays.com\/fr\/698984\/","title":{"rendered":"Le grand questionnement europ\u00e9en des Britanniques"},"content":{"rendered":"<p>Une \u00e9tude men\u00e9e par l\u2019Universit\u00e9 Stanford sur l\u2019impact \u00e9conomique de la sortie du Royaume-Uni de l\u2019Union europ\u00e9enne est sans appel. Le Brexit a co\u00fbt\u00e9 \u00e0 l\u2019\u00e9conomie britannique entre 6 et 8% de PIB entre le r\u00e9f\u00e9rendum de juin 2016 et 2025. L\u2019\u00e9conomie britannique s\u2019en sort beaucoup moins bien que celle de pays similaires.<\/p>\n<p>Lire aussi: <a href=\"https:\/\/www.letemps.ch\/articles\/six-ans-apres-le-brexit-n-a-pas-tenu-sa-promesse-et-provoque-un-impact-majeur-sur-l-economie-britannique\" rel=\"nofollow noopener\" target=\"_blank\">Six ans apr\u00e8s, le Brexit n\u2019a pas tenu sa promesse et provoqu\u00e9 un impact majeur sur l\u2019\u00e9conomie britannique<\/a>  <\/p>\n<p>Alors que le Brexit passe officiellement le cap des six ans le 31\u00a0janvier \u2013 et, en juin, celui des dix\u00a0ans post-r\u00e9f\u00e9rendum \u2013, ces chiffres illustrent les d\u00e9g\u00e2ts provoqu\u00e9s par la volont\u00e9 t\u00e9m\u00e9raire de l\u2019ex-premier ministre tory David Cameron de satisfaire sa base eurosceptique. Aujourd\u2019hui, la situation \u00e9conomique du pays est si mauvaise qu\u2019elle suscite une vague de panique au sein m\u00eame de l\u2019\u00e9quipe au pouvoir.<\/p>\n<p>Certains parlementaires travaillistes n\u2019ont pas peur des mots: ils parlent de \u00abguerre civile\u00bb. Si le premier ministre, Keir Starmer, s\u2019applique \u00e0 rapprocher le Royaume-Uni de l\u2019Union europ\u00e9enne, il est d\u00e9pass\u00e9 par des euroturbos comme le secr\u00e9taire d\u2019Etat \u00e0 la Sant\u00e9, Wes\u00a0Streeting, qui ne voit pas comment l\u2019\u00e9conomie du pays pourrait se remettre des cons\u00e9quences du vote de 2016 sans r\u00e9int\u00e9grer pleinement l\u2019UE. Il fait face aussi \u00e0 ceux, plus \u00e2g\u00e9s, qui consid\u00e8rent comme une \u00abtrahison\u00bb toute remise en question du Brexit.<\/p>\n<p>Lire aussi: <a href=\"https:\/\/www.letemps.ch\/articles\/face-a-donald-trump-l-angleterre-ligotee-par-le-brexit\" rel=\"nofollow noopener\" target=\"_blank\">Face \u00e0 Donald Trump, l\u2019Angleterre ligot\u00e9e par le Brexit<\/a>  <\/p>\n<p>Exploration de la \u00abvoie suisse\u00bb<\/p>\n<p>L\u2019id\u00e9e du Brexit \u00e9tait de reprendre le contr\u00f4le du pays et de s\u2019appuyer sur une souverainet\u00e9 nouvelle pour permettre au Royaume-Uni de retrouver le lustre d\u2019un \u00abGlobal Britain\u00bb. Dix ans apr\u00e8s le verdict des urnes, Londres ne semble plus contr\u00f4ler grand-chose. L\u2019\u00e9conomie est en chute libre et l\u2019immigration a explos\u00e9. Le 10 Downing Street explore d\u00e9sormais la \u00abvoie suisse\u00bb, ax\u00e9e sur des accords bilat\u00e9raux, pour r\u00e9int\u00e9grer le march\u00e9 unique de l\u2019UE. Avec un b\u00e9mol: la libre circulation des personnes, appliqu\u00e9e par la Conf\u00e9d\u00e9ration, demeure extr\u00eamement impopulaire outre-Manche.<\/p>\n<p>Dernier impact majeur du Brexit: la d\u00e9vastation de la sc\u00e8ne politique britannique. Cinq premiers ministres conservateurs se sont succ\u00e9d\u00e9 en l\u2019espace de huit\u00a0ans. Les lib\u00e9raux-d\u00e9mocrates, les plus europhiles, ont \u00e9t\u00e9 lamin\u00e9s. Quant au Labour, il est tr\u00e8s affaibli un an et demi seulement apr\u00e8s son retour au pouvoir.<\/p>\n<p>Preuve que l\u2019omerta et le tabou post-Brexit qui ont caract\u00e9ris\u00e9 ces derni\u00e8res ann\u00e9es ont \u00e9t\u00e9 lev\u00e9s: l\u2019Europe, aussi \u00e9tonnant que cela puisse para\u00eetre, s\u2019est plac\u00e9e au c\u0153ur de la politique britannique \u00e0 un moment o\u00f9 la relation sp\u00e9ciale entre Londres et Washington bat de l\u2019aile et o\u00f9 Keir Starmer tente de conclure des accords avec P\u00e9kin. Mais, grand paradoxe, avec une immigration mal ma\u00eetris\u00e9e, c\u2019est un europhobe ayant pouss\u00e9 au Brexit qui profite du douloureux questionnement europ\u00e9en des Britanniques: Nigel Farage, un homme politique qui b\u00e9n\u00e9ficie des transfuges du Parti conservateur et qui affole les sondages.<\/p>\n","protected":false},"excerpt":{"rendered":"Une \u00e9tude men\u00e9e par l\u2019Universit\u00e9 Stanford sur l\u2019impact \u00e9conomique de la sortie du Royaume-Uni de l\u2019Union europ\u00e9enne est&hellip;\n","protected":false},"author":2,"featured_media":698985,"comment_status":"","ping_status":"","sticky":false,"template":"","format":"standard","meta":{"footnotes":"","_share_on_mastodon":"0"},"categories":[1588],"tags":[11,73,1777,674,4438,3535,74,12,1427,473,1853,1851,364,1850,1852],"class_list":["post-698984","post","type-post","status-publish","format-standard","has-post-thumbnail","category-royaume-uni","tag-actualites","tag-etats-unis","tag-eu","tag-europe","tag-free","tag-geopolitique","tag-monde","tag-news","tag-opinions","tag-royaume-uni","tag-royaume-uni-de-grande-bretagne-et-dirlande-du-nord","tag-uk","tag-union-europeenne","tag-united-kingdom","tag-united-kingdom-of-great-britain-and-northern-ireland"],"share_on_mastodon":{"url":"https:\/\/pubeurope.com\/@fr\/115982485629593349","error":""},"_links":{"self":[{"href":"https:\/\/www.europesays.com\/fr\/wp-json\/wp\/v2\/posts\/698984","targetHints":{"allow":["GET"]}}],"collection":[{"href":"https:\/\/www.europesays.com\/fr\/wp-json\/wp\/v2\/posts"}],"about":[{"href":"https:\/\/www.europesays.com\/fr\/wp-json\/wp\/v2\/types\/post"}],"author":[{"embeddable":true,"href":"https:\/\/www.europesays.com\/fr\/wp-json\/wp\/v2\/users\/2"}],"replies":[{"embeddable":true,"href":"https:\/\/www.europesays.com\/fr\/wp-json\/wp\/v2\/comments?post=698984"}],"version-history":[{"count":0,"href":"https:\/\/www.europesays.com\/fr\/wp-json\/wp\/v2\/posts\/698984\/revisions"}],"wp:featuredmedia":[{"embeddable":true,"href":"https:\/\/www.europesays.com\/fr\/wp-json\/wp\/v2\/media\/698985"}],"wp:attachment":[{"href":"https:\/\/www.europesays.com\/fr\/wp-json\/wp\/v2\/media?parent=698984"}],"wp:term":[{"taxonomy":"category","embeddable":true,"href":"https:\/\/www.europesays.com\/fr\/wp-json\/wp\/v2\/categories?post=698984"},{"taxonomy":"post_tag","embeddable":true,"href":"https:\/\/www.europesays.com\/fr\/wp-json\/wp\/v2\/tags?post=698984"}],"curies":[{"name":"wp","href":"https:\/\/api.w.org\/{rel}","templated":true}]}}