{"id":699075,"date":"2026-01-30T06:51:11","date_gmt":"2026-01-30T06:51:11","guid":{"rendered":"https:\/\/www.europesays.com\/fr\/699075\/"},"modified":"2026-01-30T06:51:11","modified_gmt":"2026-01-30T06:51:11","slug":"place-bargemon-encore-un-platane-a-abattre","status":"publish","type":"post","link":"https:\/\/www.europesays.com\/fr\/699075\/","title":{"rendered":"Place Bargemon, encore un platane \u00e0 abattre"},"content":{"rendered":"\n<p>La M\u00e9tropole doit proc\u00e9der \u00e0 l\u2019abattage d\u2019un nouveau platane atteint de la maladie du chancre color\u00e9 sur le haut de la place Villeneuve Bargemon. Apr\u00e8s l\u2019\u00e9limination ces derni\u00e8res ann\u00e9es de quatre sujets malades, l\u2019esplanade de l\u2019h\u00f4tel Daviel (MH) fait triste mine en d\u00e9pit de jardini\u00e8res pos\u00e9es. L\u2019organisme sanitaire Fredon avait pr\u00e9conis\u00e9 d\u2019abattre pr\u00e9ventivement les deux derniers sujets, consid\u00e9rant les soudures racinaires entre eux, mais l\u2019Architecte des b\u00e2timents de France s\u2019y est refus\u00e9 sur cette place \u00e0 valeur historique et architecturale. \u00ab\u00a0Le platane encore vivant sera conserv\u00e9 et soign\u00e9 aussi longtemps que possible. Les arbres \u00e0 planter seront des sujets devenant de haute tige, le choix est laiss\u00e9 \u00e0 l\u2019appr\u00e9ciation des services de la M\u00e9tropole en accord avec les services arboricoles de la Ville\u00a0\u00bb, a-t-il exig\u00e9.<\/p>\n<p>Quelles esp\u00e8ces choisir pour cette dalle en b\u00e9ton arm\u00e9\u00a0? R\u00e9guli\u00e8rement interpell\u00e9 par des collectifs citoyens et l\u2019association Sites &amp; Monuments, la Ville a exig\u00e9 de la M\u00e9tropole d\u2019\u00eatre associ\u00e9e. \u00ab\u00a0Dans le cadre des \u00e9changes avec la M\u00e9tropole et afin de r\u00e9pondre aux enjeux de diversification v\u00e9g\u00e9tale et de pr\u00e9servation des infrastructures, nous avons pr\u00e9conis\u00e9 deux micocouliers de Provence et deux ch\u00eanes lombards\u00a0\u00bb explique Nassera Benmarnia, l\u2019adjointe au maire en charge des espaces verts, des parcs et jardins, du retour de la nature en ville. Ces choix viennent d\u2019\u00eatre valid\u00e9s dans une d\u00e9claration pr\u00e9alable modificative, formalit\u00e9 \u00e0 laquelle s\u2019est soumise la M\u00e9tropole suite \u00e0 un rappel \u00e0 la loi de l\u2019ABF.<\/p>\n<p>Pour la direction de la nature en ville, \u00ab\u00a0la plantation de deux esp\u00e8ces distinctes permet de limiter les risques sanitaires li\u00e9s \u00e0 une attaque de pathog\u00e8nes et de ravageurs en \u00e9vitant la monoculture et la perte potentielle de l\u2019ensemble des arbres. Les essences ont \u00e9t\u00e9 s\u00e9lectionn\u00e9es pour leur syst\u00e8me racinaire non invasif r\u00e9duisant les risques de d\u00e9gradation des structures souterraines pr\u00e9sentes sous la place\u00a0\u00bb.<\/p>\n<p>Car le choix en arbre de haute tige est restreint du fait des probl\u00e8mes d\u2019infiltration d\u2019eau sous la dalle, le pavillon Daviel \u00e9tant reli\u00e9 sous terre \u00e0 l\u2019h\u00e9micycle du conseil municipal. De grands travaux d\u2019\u00e9tanch\u00e9it\u00e9 de la dalle sont pr\u00e9vus. Le c\u00e8dre du Liban, le tilleul argent\u00e9 ou le Sophora du Japon ont \u00e9t\u00e9 jug\u00e9s inadapt\u00e9s au site.<\/p>\n","protected":false},"excerpt":{"rendered":"La M\u00e9tropole doit proc\u00e9der \u00e0 l\u2019abattage d\u2019un nouveau platane atteint de la maladie du chancre color\u00e9 sur le&hellip;\n","protected":false},"author":2,"featured_media":699076,"comment_status":"","ping_status":"","sticky":false,"template":"","format":"standard","meta":{"footnotes":""},"categories":[2814],"tags":[1111,11,13635,1777,674,1011,27,884,12,882,25],"class_list":{"0":"post-699075","1":"post","2":"type-post","3":"status-publish","4":"format-standard","5":"has-post-thumbnail","7":"category-marseille","8":"tag-actu","9":"tag-actualites","10":"tag-direction","11":"tag-eu","12":"tag-europe","13":"tag-fr","14":"tag-france","15":"tag-marseille","16":"tag-news","17":"tag-provence-alpes-cote-dazur","18":"tag-republique-francaise"},"share_on_mastodon":{"url":"https:\/\/pubeurope.com\/@fr\/115982728076681029","error":""},"_links":{"self":[{"href":"https:\/\/www.europesays.com\/fr\/wp-json\/wp\/v2\/posts\/699075","targetHints":{"allow":["GET"]}}],"collection":[{"href":"https:\/\/www.europesays.com\/fr\/wp-json\/wp\/v2\/posts"}],"about":[{"href":"https:\/\/www.europesays.com\/fr\/wp-json\/wp\/v2\/types\/post"}],"author":[{"embeddable":true,"href":"https:\/\/www.europesays.com\/fr\/wp-json\/wp\/v2\/users\/2"}],"replies":[{"embeddable":true,"href":"https:\/\/www.europesays.com\/fr\/wp-json\/wp\/v2\/comments?post=699075"}],"version-history":[{"count":0,"href":"https:\/\/www.europesays.com\/fr\/wp-json\/wp\/v2\/posts\/699075\/revisions"}],"wp:featuredmedia":[{"embeddable":true,"href":"https:\/\/www.europesays.com\/fr\/wp-json\/wp\/v2\/media\/699076"}],"wp:attachment":[{"href":"https:\/\/www.europesays.com\/fr\/wp-json\/wp\/v2\/media?parent=699075"}],"wp:term":[{"taxonomy":"category","embeddable":true,"href":"https:\/\/www.europesays.com\/fr\/wp-json\/wp\/v2\/categories?post=699075"},{"taxonomy":"post_tag","embeddable":true,"href":"https:\/\/www.europesays.com\/fr\/wp-json\/wp\/v2\/tags?post=699075"}],"curies":[{"name":"wp","href":"https:\/\/api.w.org\/{rel}","templated":true}]}}