{"id":699103,"date":"2026-01-30T07:06:32","date_gmt":"2026-01-30T07:06:32","guid":{"rendered":"https:\/\/www.europesays.com\/fr\/699103\/"},"modified":"2026-01-30T07:06:32","modified_gmt":"2026-01-30T07:06:32","slug":"ibm-prepare-une-vague-de-suppressions-de-postes-en-europe-jusqua-10-des-effectifs-impactes","status":"publish","type":"post","link":"https:\/\/www.europesays.com\/fr\/699103\/","title":{"rendered":"IBM pr\u00e9pare une vague de suppressions de postes en Europe, jusqu\u2019\u00e0 10% des effectifs impact\u00e9s"},"content":{"rendered":"<p>L\u2019intelligence artificielle va-t-elle faire des ravages dans le monde du travail ? Alors que le <a href=\"https:\/\/www.capital.fr\/entreprises-marches\/16-000-postes-dans-le-monde-amazon-annonce-une-nouvelle-grande-vague-de-licenciements-1523218\" target=\"_blank\" rel=\"noopener\">g\u00e9ant du e-commerce Amazon<\/a> a annonc\u00e9 une nouvelle salve de suppressions d\u2019emplois dans l\u2019administratif il y a quelques jours, c\u2019est une autre entreprise am\u00e9ricaine, bien implant\u00e9e en France, qui pourrait faire de m\u00eame. Comme l\u2019a appris <a href=\"https:\/\/www.liberation.fr\/economie\/economie-numerique\/intelligence-artificielle-300-emplois-menaces-par-un-plan-social-chez-ibm-france-20260128_PLRTLAK4LZHEBJGRX4HUFXVNRE\/\" rel=\"nofollow noopener\" target=\"_blank\">Lib\u00e9ration<\/a>, IBM aurait d\u00e9cid\u00e9 de sabrer dans ses effectifs en Europe et la France ne serait pas \u00e9pargn\u00e9e. Selon des sources syndicales de nos confr\u00e8res, <a href=\"https:\/\/www.capital.fr\/entreprises-marches\/intelligence-artificielle-comment-watson-le-cyber-cerveau-dibm-est-devenu-ramollo-1502536\" target=\"_blank\" rel=\"noopener\">le g\u00e9ant de l\u2019informatique<\/a> pourrait lancer un plan social touchant <strong>10% des effectifs fran\u00e7ais<\/strong>.<\/p>\n<p>Ce chiffre repr\u00e9sente environ <strong>300 emplois<\/strong> et dans \u00abtoutes les divisions\u00bb, constate un repr\u00e9sentant du personnel interrog\u00e9, qui parle de plan \u00abin\u00e9dit\u00bb. Que ce soit IBM Technology ou IBM Consulting ou encore les fonctions supports, tous seraient touch\u00e9s \u00e0 cause notamment du <strong>d\u00e9veloppement de l\u2019IA<\/strong>. Dans l\u2019Hexagone, ces suppressions de postes devraient se traduire par des fins de carri\u00e8re anticip\u00e9es ou des d\u00e9parts volontaires, peut-on apprendre. Mais la France n\u2019est pas la seule touch\u00e9e. L\u2019Allemagne aussi, tout comme la Belgique.<\/p>\n<p>Un chiffre d\u2019affaires tr\u00e8s solide<\/p>\n<p>Plus globalement, IBM souhaiterait <strong>r\u00e9duire ses co\u00fbts<\/strong> et augmenter sa productivit\u00e9. Cela passe par une automatisation li\u00e9e \u00e0 <a href=\"https:\/\/www.capital.fr\/conso\/intelligence-artificielle-definition-but-et-application-1507808\" target=\"_blank\" rel=\"noopener\">l\u2019intelligence artificielle<\/a>, mais \u00e9galement une d\u00e9localisation de ses activit\u00e9s dans des pays o\u00f9 la main-d\u2019\u0153uvre est moins \u00e9lev\u00e9e. Mais cette strat\u00e9gie serait loin de fonctionner \u00e0 en croire l\u2019\u00e9lu CSE de la filiale fran\u00e7aise, Nicolas Nadal, interrog\u00e9 par Lib\u00e9ration, \u00e9voquant des \u00abretours terrain\u00bb non concluants. Selon lui, la maison-m\u00e8re \u00abvend la peau de l\u2019ours avant de l\u2019avoir tu\u00e9\u00bb. Et cette restructuration est d\u2019autant plus incompr\u00e9hensible qu\u2019IBM affiche des r\u00e9sultats tr\u00e8s solides.<\/p>\n<p>En 2024, le groupe a vu son <strong>chiffre d\u2019affaires bondir de 9%<\/strong> \u00e0 16,3 milliards de dollars tandis que la filiale fran\u00e7aise enregistrait un <strong>b\u00e9n\u00e9fice de 87 millions d\u2019euros<\/strong>. Pour Nicolas Nadal, l\u2019entreprise est loin \u00abd\u2019\u00eatre en danger\u00bb, au contraire, ce genre de <a href=\"https:\/\/www.capital.fr\/votre-carriere\/licenciement-motifs-preavis-et-procedure-1518155\" target=\"_blank\" rel=\"noopener\">suppressions de postes<\/a> sert \u00ab\u00e0 faire monter les cours de la Bourse\u00bb. Ces 300 postes supprim\u00e9s interviennent apr\u00e8s le d\u00e9part de 200 autres collaborateurs en France en 2024. Depuis les ann\u00e9es 1990, les effectifs (alors de 30 000) dans le pays ont \u00e9t\u00e9 divis\u00e9s par dix. \u00abNous souhaitons profiter des gains de productivit\u00e9 offerts par l\u2019IA afin de nous concentrer sur nos activit\u00e9s \u00e0 forte valeur ajout\u00e9e\u00bb, justifiait la firme l\u2019ann\u00e9e derni\u00e8re.<\/p>\n<p>Ce nouveau plan est-il un signe n\u00e9gatif pour l\u2019emploi dans la soci\u00e9t\u00e9 ? Une autre source syndicale temp\u00e8re, d\u2019autant que le PDG du groupe, Arvind Krishna, avait laiss\u00e9 entendre que l\u2019intelligence aurait permis de \u00abd\u00e9gager davantage d\u2019investissement\u00bb afin de se <strong>concentrer sur le recrutement d\u2019autres profils<\/strong> comme les commerciaux ou les programmeurs. Si l\u2019IA pourrait permettre aux entreprises \u00e0 terme de cr\u00e9er des emplois, en attendant, elle en supprime.<\/p>\n","protected":false},"excerpt":{"rendered":"L\u2019intelligence artificielle va-t-elle faire des ravages dans le monde du travail ? Alors que le g\u00e9ant du e-commerce&hellip;\n","protected":false},"author":2,"featured_media":699104,"comment_status":"","ping_status":"","sticky":false,"template":"","format":"standard","meta":{"footnotes":""},"categories":[1586],"tags":[11,341,1777,674,1011,27,311,223,414,12,25],"class_list":{"0":"post-699103","1":"post","2":"type-post","3":"status-publish","4":"format-standard","5":"has-post-thumbnail","7":"category-europe","8":"tag-actualites","9":"tag-emploi","10":"tag-eu","11":"tag-europe","12":"tag-fr","13":"tag-france","14":"tag-informatique","15":"tag-intelligence-artificielle","16":"tag-licenciement","17":"tag-news","18":"tag-republique-francaise"},"share_on_mastodon":{"url":"https:\/\/pubeurope.com\/@fr\/115982787598452982","error":""},"_links":{"self":[{"href":"https:\/\/www.europesays.com\/fr\/wp-json\/wp\/v2\/posts\/699103","targetHints":{"allow":["GET"]}}],"collection":[{"href":"https:\/\/www.europesays.com\/fr\/wp-json\/wp\/v2\/posts"}],"about":[{"href":"https:\/\/www.europesays.com\/fr\/wp-json\/wp\/v2\/types\/post"}],"author":[{"embeddable":true,"href":"https:\/\/www.europesays.com\/fr\/wp-json\/wp\/v2\/users\/2"}],"replies":[{"embeddable":true,"href":"https:\/\/www.europesays.com\/fr\/wp-json\/wp\/v2\/comments?post=699103"}],"version-history":[{"count":0,"href":"https:\/\/www.europesays.com\/fr\/wp-json\/wp\/v2\/posts\/699103\/revisions"}],"wp:featuredmedia":[{"embeddable":true,"href":"https:\/\/www.europesays.com\/fr\/wp-json\/wp\/v2\/media\/699104"}],"wp:attachment":[{"href":"https:\/\/www.europesays.com\/fr\/wp-json\/wp\/v2\/media?parent=699103"}],"wp:term":[{"taxonomy":"category","embeddable":true,"href":"https:\/\/www.europesays.com\/fr\/wp-json\/wp\/v2\/categories?post=699103"},{"taxonomy":"post_tag","embeddable":true,"href":"https:\/\/www.europesays.com\/fr\/wp-json\/wp\/v2\/tags?post=699103"}],"curies":[{"name":"wp","href":"https:\/\/api.w.org\/{rel}","templated":true}]}}