{"id":699167,"date":"2026-01-30T07:47:11","date_gmt":"2026-01-30T07:47:11","guid":{"rendered":"https:\/\/www.europesays.com\/fr\/699167\/"},"modified":"2026-01-30T07:47:11","modified_gmt":"2026-01-30T07:47:11","slug":"les-agressions-de-jeunes-se-poursuivent-pres-du-metro-jacques-cartier","status":"publish","type":"post","link":"https:\/\/www.europesays.com\/fr\/699167\/","title":{"rendered":"les agressions de jeunes se poursuivent pr\u00e8s du m\u00e9tro Jacques Cartier"},"content":{"rendered":"<p style=\"text-align: justify;\" data-start=\"147\" data-end=\"444\">Les agressions se poursuivent, autour du m\u00e9tro Jacques Cartier et dans le quartier Sud-Gare, depuis la parution de <a href=\"https:\/\/www.rennes-infos-autrement.fr\/des-enfants-depouilles-au-metro-jacques-cartier-la-police-quadrille-le-secteur\/\" rel=\"nofollow noopener\" target=\"_blank\">notre pr\u00e9c\u00e9dent article<\/a>. \u00ab Un peu moins de cinq faits \u00bb, assure un proche du dossier. \u00a0Dernier exemple en date : un coll\u00e9gien des Ormeaux s\u2019est fait voler son t\u00e9l\u00e9phone portable en rentrant de cours, ce mardi, vers 17 h 30, par au moins trois agresseurs.<\/p>\n<p style=\"text-align: justify;\" data-start=\"147\" data-end=\"444\">Comme dans les autres affaires r\u00e9centes, le sc\u00e9nario est rod\u00e9. Les racketteurs ciblent de jeunes gar\u00e7ons, souvent seuls, et les attirent dans des rues isol\u00e9es pour les d\u00e9pouiller de leurs biens. Certaines victimes sont m\u00eame rentr\u00e9es chez elles sans leurs baskets ni leurs pantalons de marque, comme l\u2019avait r\u00e9v\u00e9l\u00e9 Rennes Infos Autrement le 15 janvier. Contact\u00e9e, la police a d\u00e9ploy\u00e9 des patrouilles dans le secteur. De son c\u00f4t\u00e9, la ville de Rennes annonce \u00ab une vigilance accrue \u00bb et mobilise sa police municipale pour quadriller la zone.<\/p>\n<p style=\"text-align: justify;\" data-start=\"147\" data-end=\"444\">Cette s\u00e9rie d\u2019agressions a suscit\u00e9 beaucoup de r\u00e9actions <a href=\"https:\/\/www.rennes-infos-autrement.fr\/des-enfants-depouilles-au-metro-jacques-cartier-la-police-quadrille-le-secteur\/\" rel=\"nofollow noopener\" target=\"_blank\">dans nos colonnes.<\/a> \u00a0\u00ab On pensait habiter dans un quartier r\u00e9sidentiel calme. Aujourd\u2019hui, on craint pour la s\u00e9curit\u00e9 de nos enfants \u00bb, confiait Adrien*, habitant rue Corentin Carr\u00e9, derri\u00e8re la station de m\u00e9tro. M\u00eame inqui\u00e9tude rue Jean-Baptiste Barr\u00e9. \u00ab Nos jeunes ne peuvent plus rentrer sereinement \u00e0 la maison en fin de journ\u00e9e. Ils ont la peur au ventre. \u00bb Les forces de l\u2019ordre rappellent l\u2019importance de composer syst\u00e9matiquement le 17 et de d\u00e9poser plainte. \u00ab Il n\u2019y a pas de petite agression. Chaque signalement compte et aide \u00e0 identifier les auteurs \u00bb, insiste une source polici\u00e8re.<\/p>\n<p data-start=\"2831\" data-end=\"2930\">* Les pr\u00e9noms et identit\u00e9s ont \u00e9t\u00e9 modifi\u00e9s \u00e0 la demande des t\u00e9moins, par crainte de repr\u00e9sailles.<\/p>\n","protected":false},"excerpt":{"rendered":"Les agressions se poursuivent, autour du m\u00e9tro Jacques Cartier et dans le quartier Sud-Gare, depuis la parution de&hellip;\n","protected":false},"author":2,"featured_media":97878,"comment_status":"","ping_status":"","sticky":false,"template":"","format":"standard","meta":{"footnotes":"","_share_on_mastodon":"0"},"categories":[2821],"tags":[1111,11,829,1777,674,1011,27,12,584,25],"class_list":["post-699167","post","type-post","status-publish","format-standard","has-post-thumbnail","category-rennes","tag-actu","tag-actualites","tag-bretagne","tag-eu","tag-europe","tag-fr","tag-france","tag-news","tag-rennes","tag-republique-francaise"],"share_on_mastodon":{"url":"https:\/\/pubeurope.com\/@fr\/115982948309298966","error":""},"_links":{"self":[{"href":"https:\/\/www.europesays.com\/fr\/wp-json\/wp\/v2\/posts\/699167","targetHints":{"allow":["GET"]}}],"collection":[{"href":"https:\/\/www.europesays.com\/fr\/wp-json\/wp\/v2\/posts"}],"about":[{"href":"https:\/\/www.europesays.com\/fr\/wp-json\/wp\/v2\/types\/post"}],"author":[{"embeddable":true,"href":"https:\/\/www.europesays.com\/fr\/wp-json\/wp\/v2\/users\/2"}],"replies":[{"embeddable":true,"href":"https:\/\/www.europesays.com\/fr\/wp-json\/wp\/v2\/comments?post=699167"}],"version-history":[{"count":0,"href":"https:\/\/www.europesays.com\/fr\/wp-json\/wp\/v2\/posts\/699167\/revisions"}],"wp:featuredmedia":[{"embeddable":true,"href":"https:\/\/www.europesays.com\/fr\/wp-json\/wp\/v2\/media\/97878"}],"wp:attachment":[{"href":"https:\/\/www.europesays.com\/fr\/wp-json\/wp\/v2\/media?parent=699167"}],"wp:term":[{"taxonomy":"category","embeddable":true,"href":"https:\/\/www.europesays.com\/fr\/wp-json\/wp\/v2\/categories?post=699167"},{"taxonomy":"post_tag","embeddable":true,"href":"https:\/\/www.europesays.com\/fr\/wp-json\/wp\/v2\/tags?post=699167"}],"curies":[{"name":"wp","href":"https:\/\/api.w.org\/{rel}","templated":true}]}}