{"id":699168,"date":"2026-01-30T07:48:09","date_gmt":"2026-01-30T07:48:09","guid":{"rendered":"https:\/\/www.europesays.com\/fr\/699168\/"},"modified":"2026-01-30T07:48:09","modified_gmt":"2026-01-30T07:48:09","slug":"un-homme-retrouve-mort-apres-setre-defenestre-depuis-la-fenetre-dune-maison","status":"publish","type":"post","link":"https:\/\/www.europesays.com\/fr\/699168\/","title":{"rendered":"un homme retrouv\u00e9 mort apr\u00e8s s&rsquo;\u00eatre \u00ab\u00a0d\u00e9fenestr\u00e9\u00a0\u00bb depuis la fen\u00eatre d&rsquo;une maison"},"content":{"rendered":"<p>                    Par<br \/>\n        <strong><br \/>\n            <a href=\"https:\/\/actu.fr\/auteur\/clemence-pays02-actu-fr\" title=\"Consulter tous les articles de Cl\u00e9mence Pays\" rel=\"nofollow noopener\" target=\"_blank\">Cl\u00e9mence Pays<\/a><br \/>\n                    <\/strong><\/p>\n<p>        Publi\u00e9 le<\/p>\n<p>            30 janv. 2026 \u00e0 8h12        <\/p>\n<p>Un drame s\u2019est produit jeudi 29\u00a0janvier 2026. \u00c0 17h33, les sapeurs-pompiers de Rennes ont \u00e9t\u00e9 contact\u00e9s pour secourir une victime, <strong>rue de Foug\u00e8res.<\/strong><\/p>\n<p class=\" wall-content\">Sur place, les secours d\u00e9couvrent <strong>un homme \u00ab\u2009d\u2019environ 30\u00a0ans\u2009\u00bb,<\/strong> en arr\u00eat cardio-respiratoire. Malgr\u00e9 les tentatives de r\u00e9animation, il a \u00e9t\u00e9 d\u00e9clar\u00e9 <strong>d\u00e9c\u00e9d\u00e9 sur place.<\/strong><\/p>\n<p>Une chute<\/p>\n<p class=\" wall-content\">Selon le Centre op\u00e9rationnel d\u00e9partemental d\u2019incendie et de secours (Codis) <strong>l\u2019homme se serait \u00ab\u2009d\u00e9fenestr\u00e9\u2009\u00bb<\/strong> depuis le premier \u00e9tage d\u2019une maison.<\/p>\n<p class=\" wall-content\">Huit sapeurs-pompiers ont \u00e9t\u00e9 mobilis\u00e9s sur place.<\/p>\n<p class=\" wall-content\">Personnalisez votre actualit\u00e9 en ajoutant vos villes et m\u00e9dias en favori avec <a href=\"https:\/\/moncompte.actu.fr\" title=\"D\u00e9couvez Mon Actu\" rel=\"nofollow noopener\" data-trk=\"{&quot;cta&quot;:{&quot;action&quot;:&quot;https:\\\/\\\/moncompte.actu.fr&quot;,&quot;category&quot;:&quot;mon compte&quot;,&quot;from&quot;:&quot;article footer&quot;,&quot;name&quot;:&quot;Mon actu&quot;,&quot;type&quot;:&quot;cta&quot;}}\" target=\"_blank\">Mon Actu<\/a>.<\/p>\n","protected":false},"excerpt":{"rendered":"Par Cl\u00e9mence Pays Publi\u00e9 le 30 janv. 2026 \u00e0 8h12 Un drame s\u2019est produit jeudi 29\u00a0janvier 2026. \u00c0&hellip;\n","protected":false},"author":2,"featured_media":699169,"comment_status":"","ping_status":"","sticky":false,"template":"","format":"standard","meta":{"footnotes":"","_share_on_mastodon":"0"},"categories":[2821],"tags":[1111,11,829,1777,674,118,1011,27,12,1311,584,25],"class_list":["post-699168","post","type-post","status-publish","format-standard","has-post-thumbnail","category-rennes","tag-actu","tag-actualites","tag-bretagne","tag-eu","tag-europe","tag-faits-divers","tag-fr","tag-france","tag-news","tag-pompiers","tag-rennes","tag-republique-francaise"],"share_on_mastodon":{"url":"https:\/\/pubeurope.com\/@fr\/115982952349734871","error":""},"_links":{"self":[{"href":"https:\/\/www.europesays.com\/fr\/wp-json\/wp\/v2\/posts\/699168","targetHints":{"allow":["GET"]}}],"collection":[{"href":"https:\/\/www.europesays.com\/fr\/wp-json\/wp\/v2\/posts"}],"about":[{"href":"https:\/\/www.europesays.com\/fr\/wp-json\/wp\/v2\/types\/post"}],"author":[{"embeddable":true,"href":"https:\/\/www.europesays.com\/fr\/wp-json\/wp\/v2\/users\/2"}],"replies":[{"embeddable":true,"href":"https:\/\/www.europesays.com\/fr\/wp-json\/wp\/v2\/comments?post=699168"}],"version-history":[{"count":0,"href":"https:\/\/www.europesays.com\/fr\/wp-json\/wp\/v2\/posts\/699168\/revisions"}],"wp:featuredmedia":[{"embeddable":true,"href":"https:\/\/www.europesays.com\/fr\/wp-json\/wp\/v2\/media\/699169"}],"wp:attachment":[{"href":"https:\/\/www.europesays.com\/fr\/wp-json\/wp\/v2\/media?parent=699168"}],"wp:term":[{"taxonomy":"category","embeddable":true,"href":"https:\/\/www.europesays.com\/fr\/wp-json\/wp\/v2\/categories?post=699168"},{"taxonomy":"post_tag","embeddable":true,"href":"https:\/\/www.europesays.com\/fr\/wp-json\/wp\/v2\/tags?post=699168"}],"curies":[{"name":"wp","href":"https:\/\/api.w.org\/{rel}","templated":true}]}}