{"id":699213,"date":"2026-01-30T08:12:13","date_gmt":"2026-01-30T08:12:13","guid":{"rendered":"https:\/\/www.europesays.com\/fr\/699213\/"},"modified":"2026-01-30T08:12:13","modified_gmt":"2026-01-30T08:12:13","slug":"lun-des-avions-les-plus-efficaces-du-monde-vient-de-secraser-une-perte-de-31-millions-deuros-pour-les-russes","status":"publish","type":"post","link":"https:\/\/www.europesays.com\/fr\/699213\/","title":{"rendered":"L&rsquo;un des avions les plus efficaces du monde vient de s&rsquo;\u00e9craser\u00a0: une perte de 31\u00a0millions d&rsquo;euros pour les Russes"},"content":{"rendered":"<p class=\"ap-StoryElement ap-StoryElement--mb ap-StoryText\">Une arme tr\u00e8s pr\u00e9cieuse, utilis\u00e9e pour des frappes guid\u00e9es \u00e0 travers l&rsquo;Ukraine vient d&rsquo;\u00eatre perdue pour Moscou. Une v\u00e9ritable perte de 31 millions d&rsquo;euros.<\/p>\n<p class=\"ap-StoryElement ap-StoryElement--mb ap-StoryText\">Les circonstances autour de la perte du SU-34 sont relativement floues m\u00eame si les forces arm\u00e9es ukrainiennes seraient responsables de l&rsquo;attaque. Ils auraient en effet abattu l&rsquo;avion via un missile sol-air &lsquo;Patriot&rsquo; selon Le Parisien. Cependant, l&rsquo;hypoth\u00e8se selon laquelle il s&rsquo;agira <a href=\"https:\/\/www.lalibre.be\/international\/europe\/guerre-ukraine-russie\/2025\/12\/09\/un-avion-de-transport-de-troupes-russes-secrase-pres-de-moscou-et-fait-7-morts-SNKNA67P2FHKTK2AJEEYO7OSSI\/\" target=\"_self\" rel=\"noopener\">d&rsquo;un crash<\/a> n&rsquo;est pas \u00e0 exclure compl\u00e8tement. Pour l&rsquo;instant, le pilote et l&rsquo;appareil n&rsquo;ont pas encore \u00e9t\u00e9 retrouv\u00e9s.<\/p>\n<p class=\"ap-StoryElement ap-StoryElement--mb ap-StoryText\">Plusieurs sources ont confirm\u00e9 la nouvelle, d&rsquo;abord des sources russes pros kremlin et ensuite par Andryiv Kovalenko, chef du Centre de lutte contre la d\u00e9sinformation en Ukraine ainsi que l&rsquo;\u00e9tat-major g\u00e9n\u00e9ral des forces arm\u00e9es ukrainiennes sur les r\u00e9seaux sociaux.<\/p>\n<p><a href=\"https:\/\/www.lalibre.be\/international\/europe\/guerre-ukraine-russie\/2026\/01\/26\/zelensky-annonce-que-le-document-americain-de-garanties-de-securite-est-pret-a-100-EHDRHSWBOVFPLN7MHF2WY33X6U\/\" target=\"_self\" class=\"ap-StoryInterstitialLink ap-StoryElement ap-StoryElement--mb\" rel=\"noopener\">Zelensky annonce que le document am\u00e9ricain de garanties de s\u00e9curit\u00e9 est \u00ab\u00a0pr\u00eat \u00e0 100 %\u00a0\u00bb<\/a>Une perte importante<\/p>\n<p class=\"ap-StoryElement ap-StoryElement--mb ap-StoryText\">Pour les Russes, il s&rsquo;agit tout de m\u00eame d&rsquo;une perte importante. Le Su-34 est, en effet, consid\u00e9r\u00e9 comme l&rsquo;un des avions d&rsquo;attaque les plus efficaces du monde, voire le meilleur chasseur-<a href=\"https:\/\/www.lalibre.be\/international\/europe\/2025\/12\/25\/larctique-sous-tension-des-bombardiers-strategiques-russes-interceptes-par-des-avions-etrangers-PJTXHWMJONEAXOQOCACJCKOHUU\/\" target=\"_self\" rel=\"noopener\">bombardier russe<\/a>. De plus l&rsquo;appareil est estim\u00e9 \u00e0 31 millions d&rsquo;euros, une belle somme.<\/p>\n<p class=\"ap-StoryElement ap-StoryElement--mb ap-StoryText\">L&rsquo;avion, tr\u00e8s rapide \u00e9tant donn\u00e9 qu&rsquo;il peut se d\u00e9placer \u00e0 du 1900 kilom\u00e8tres par heure, a aussi une lourde cargaison. Le Su-34 peut en effet, porter jusqu&rsquo;\u00e0 8000 kilogrammes d&rsquo;armement. Une v\u00e9ritable perte donc, surtout qu&rsquo;il ne s&rsquo;agit pas du premier. Plus de 30 chasseurs du m\u00eame mod\u00e8le auraient d\u00e9j\u00e0 d\u00e9truit depuis le d\u00e9but du conflit selon un d\u00e9compte en juillet.<\/p>\n<p><a href=\"https:\/\/www.lalibre.be\/international\/2026\/01\/26\/leurope-ne-peut-subvenir-sans-les-etats-unis-aux-besoins-militaires-de-lukraine-affirme-mark-rutte-il-ny-a-pas-de-solution-de-rechange-SPW7HYGLWZEQVNZT65MNJRQGDY\/\" target=\"_self\" class=\"ap-StoryInterstitialLink ap-StoryElement ap-StoryElement--mb\" rel=\"noopener\">L&rsquo;Europe ne peut subvenir sans les \u00c9tats-Unis aux besoins militaires de l&rsquo;Ukraine, affirme Mark Rutte: \u00ab\u00a0Il n&rsquo;y a pas de solution de rechange\u00a0\u00bb<\/a><\/p>\n","protected":false},"excerpt":{"rendered":"Une arme tr\u00e8s pr\u00e9cieuse, utilis\u00e9e pour des frappes guid\u00e9es \u00e0 travers l&rsquo;Ukraine vient d&rsquo;\u00eatre perdue pour Moscou. Une&hellip;\n","protected":false},"author":2,"featured_media":699214,"comment_status":"","ping_status":"","sticky":false,"template":"","format":"standard","meta":{"footnotes":""},"categories":[1590],"tags":[11,9499,79370,35457,53625,53626,26388,10350,1777,674,57482,26394,57484,15256,64309,8798,64311,12,79371,79043,64313,60,220,4932,57499],"class_list":{"0":"post-699213","1":"post","2":"type-post","3":"status-publish","4":"format-standard","5":"has-post-thumbnail","7":"category-ukraine","8":"tag-actualites","9":"tag-adult","10":"tag-aiming","11":"tag-and","12":"tag-child","13":"tag-childhood","14":"tag-clothing","15":"tag-conflict","16":"tag-eu","17":"tag-europe","18":"tag-firearm","19":"tag-group-of-people","20":"tag-gun","21":"tag-headwear","22":"tag-looking","23":"tag-men","24":"tag-military","25":"tag-news","26":"tag-rifle","27":"tag-russo-ukrainian","28":"tag-soldier","29":"tag-sports","30":"tag-ukraine","31":"tag-war","32":"tag-weapon"},"share_on_mastodon":{"url":"https:\/\/pubeurope.com\/@fr\/115983046629359908","error":""},"_links":{"self":[{"href":"https:\/\/www.europesays.com\/fr\/wp-json\/wp\/v2\/posts\/699213","targetHints":{"allow":["GET"]}}],"collection":[{"href":"https:\/\/www.europesays.com\/fr\/wp-json\/wp\/v2\/posts"}],"about":[{"href":"https:\/\/www.europesays.com\/fr\/wp-json\/wp\/v2\/types\/post"}],"author":[{"embeddable":true,"href":"https:\/\/www.europesays.com\/fr\/wp-json\/wp\/v2\/users\/2"}],"replies":[{"embeddable":true,"href":"https:\/\/www.europesays.com\/fr\/wp-json\/wp\/v2\/comments?post=699213"}],"version-history":[{"count":0,"href":"https:\/\/www.europesays.com\/fr\/wp-json\/wp\/v2\/posts\/699213\/revisions"}],"wp:featuredmedia":[{"embeddable":true,"href":"https:\/\/www.europesays.com\/fr\/wp-json\/wp\/v2\/media\/699214"}],"wp:attachment":[{"href":"https:\/\/www.europesays.com\/fr\/wp-json\/wp\/v2\/media?parent=699213"}],"wp:term":[{"taxonomy":"category","embeddable":true,"href":"https:\/\/www.europesays.com\/fr\/wp-json\/wp\/v2\/categories?post=699213"},{"taxonomy":"post_tag","embeddable":true,"href":"https:\/\/www.europesays.com\/fr\/wp-json\/wp\/v2\/tags?post=699213"}],"curies":[{"name":"wp","href":"https:\/\/api.w.org\/{rel}","templated":true}]}}