{"id":69931,"date":"2025-05-02T18:25:13","date_gmt":"2025-05-02T18:25:13","guid":{"rendered":"https:\/\/www.europesays.com\/fr\/69931\/"},"modified":"2025-05-02T18:25:13","modified_gmt":"2025-05-02T18:25:13","slug":"un-eboueur-victime-dune-attaque-au-couteau-pendant-sa-tournee-matinale","status":"publish","type":"post","link":"https:\/\/www.europesays.com\/fr\/69931\/","title":{"rendered":"Un \u00e9boueur victime d\u2019une attaque au couteau pendant sa tourn\u00e9e matinale"},"content":{"rendered":"<p><strong>INS\u00c9CURIT\u00c9 &#8211; Un \u00e9boueur a \u00e9t\u00e9 poignard\u00e9 ce vendredi matin, vers 7 heures, dans le 14e\u00a0arrondissement de Marseille. Ses coll\u00e8gues ont \u00e9galement \u00e9t\u00e9 pris \u00e0 partie<\/strong><\/p>\n<p>Nouvelle <a href=\"https:\/\/www.20minutes.fr\/dossier\/agression?at_medium=RSS+feed&amp;at_campaign=ynews&amp;utm_source=yahoo&amp;utm_medium=rss&amp;utm_campaign=news_feed&amp;utm_content=in_article_link\" rel=\"nofollow noopener\" target=\"_blank\" data-ylk=\"slk:agression;elm:context_link;itc:0;sec:content-canvas\" class=\"link \">agression<\/a> contre les agents charg\u00e9s de la propret\u00e9 urbaine. Un \u00e9boueur de 30 ans a \u00e9t\u00e9 poignard\u00e9 ce vendredi au petit matin, lors de sa tourn\u00e9e dans le 14e\u00a0arrondissement de <a href=\"https:\/\/www.20minutes.fr\/marseille\/?at_medium=RSS+feed&amp;at_campaign=ynews&amp;utm_source=yahoo&amp;utm_medium=rss&amp;utm_campaign=news_feed&amp;utm_content=in_article_link\" rel=\"nofollow noopener\" target=\"_blank\" data-ylk=\"slk:Marseille;elm:context_link;itc:0;sec:content-canvas\" class=\"link \">Marseille<\/a> dans les <a href=\"https:\/\/www.20minutes.fr\/dossier\/bouches-rhone?at_medium=RSS+feed&amp;at_campaign=ynews&amp;utm_source=yahoo&amp;utm_medium=rss&amp;utm_campaign=news_feed&amp;utm_content=in_article_link\" rel=\"nofollow noopener\" target=\"_blank\" data-ylk=\"slk:Bouches-du-Rh\u00f4ne;elm:context_link;itc:0;sec:content-canvas\" class=\"link \">Bouches-du-Rh\u00f4ne<\/a>. L\u2019attaque, survenue vers 7 heures rue Am\u00e9lie, a vis\u00e9 une \u00e9quipe d\u2019une soci\u00e9t\u00e9 priv\u00e9e en charge de la collecte des <a href=\"https:\/\/www.20minutes.fr\/planete\/dechets\/?at_medium=RSS+feed&amp;at_campaign=ynews&amp;utm_source=yahoo&amp;utm_medium=rss&amp;utm_campaign=news_feed&amp;utm_content=in_article_link\" rel=\"nofollow noopener\" target=\"_blank\" data-ylk=\"slk:d\u00e9chets;elm:context_link;itc:0;sec:content-canvas\" class=\"link \">d\u00e9chets<\/a>. Au moins deux individus ont pris \u00e0 partie les trois agents, selon les informations de <a href=\"https:\/\/www.francebleu.fr\/infos\/faits-divers-justice\/un-eboueur-agresse-au-couteau-pendant-sa-tournee-matinale-a-marseille-7688995?at_medium=RSS+feed&amp;at_campaign=ynews&amp;utm_source=yahoo&amp;utm_medium=rss&amp;utm_campaign=news_feed&amp;utm_content=in_article_link\" rel=\"nofollow noopener\" target=\"_blank\" data-ylk=\"slk:France Bleu Provence;elm:context_link;itc:0;sec:content-canvas\" class=\"link \">France Bleu Provence<\/a>.<\/p>\n<p>La victime, bless\u00e9e \u00e0 l\u2019avant-bras, a \u00e9t\u00e9 rapidement prise en charge par les marins-pompiers de Marseille puis transport\u00e9e \u00e0 l\u2019h\u00f4pital. Son pronostic vital n\u2019est pas engag\u00e9, pr\u00e9cisent les secours. Un membre de l\u2019entreprise a confirm\u00e9 qu\u2019une plainte serait d\u00e9pos\u00e9e. L\u2019origine de l\u2019agression reste pour l\u2019heure ind\u00e9termin\u00e9e.<\/p>\n<p>Quelle s\u00e9curit\u00e9 pour les agents\u00a0?<\/p>\n<p>Sur le r\u00e9seau social X, Marion Bareille, <a href=\"https:\/\/www.20minutes.fr\/dossier\/maire?at_medium=RSS+feed&amp;at_campaign=ynews&amp;utm_source=yahoo&amp;utm_medium=rss&amp;utm_campaign=news_feed&amp;utm_content=in_article_link\" rel=\"nofollow noopener\" target=\"_blank\" data-ylk=\"slk:maire;elm:context_link;itc:0;sec:content-canvas\" class=\"link \">maire<\/a> des 13e et 14e arrondissements, a exprim\u00e9 sa solidarit\u00e9\u00a0: \u00ab\u00a0Rien ne justifie qu\u2019on s\u2019en prenne \u00e0 ceux qui accomplissent, chaque jour, une mission aussi essentielle que difficile\u00a0\u00bb, a-t-elle d\u00e9clar\u00e9, apportant son \u00ab\u00a0soutien total \u00e0 la victime et \u00e0 ses coll\u00e8gues\u00a0\u00bb.<\/p>\n<p><a href=\"https:\/\/www.20minutes.fr\/marseille\/\" rel=\"nofollow noopener\" target=\"_blank\" data-ylk=\"slk:Toute l&#039;actualit\u00e9 de Marseille;elm:context_link;itc:0;sec:content-canvas\" class=\"link \">Toute l&rsquo;actualit\u00e9 de Marseille<\/a><\/p>\n<p>L\u2019enqu\u00eate devra d\u00e9terminer les circonstances pr\u00e9cises de cette attaque qui a raviv\u00e9 les inqui\u00e9tudes sur la s\u00e9curit\u00e9 des agents de terrain dans les quartiers sensibles de la ville.<\/p>\n<p><a href=\"https:\/\/www.20minutes.fr\/faits_divers\/4151544-20250502-marseille-eboueur-victime-attaque-couteau-pendant-tournee-matinale?at_medium=RSS+feed&amp;at_campaign=ynews&amp;utm_source=yahoo&amp;utm_medium=rss&amp;utm_campaign=news_feed&amp;utm_content=read_more_link&quot;\" rel=\"nofollow noopener\" target=\"_blank\" data-ylk=\"slk:Lire la suite sur 20minutes;elm:context_link;itc:0;sec:content-canvas\" class=\"link \">Lire la suite sur 20minutes<\/a><\/p>\n<p>\u00c0 lire aussi :<br \/><a href=\"https:\/\/www.20minutes.fr\/faits_divers\/4140787-20250226-marseille-deux-chercheurs-cnrs-reconnu-etre-auteurs-juges-jeudi?at_medium=RSS+feed&amp;at_campaign=ynews&amp;utm_source=yahoo&amp;utm_medium=rss&amp;utm_campaign=news_feed&amp;utm_content=related_content_link\" rel=\"nofollow noopener\" target=\"_blank\" data-ylk=\"slk:Marseille\u00a0: Les deux chercheurs du CNRS qui ont reconnu \u00eatre les auteurs des jets d&#039;explosifs jug\u00e9s jeudi;elm:context_link;itc:0;sec:content-canvas\" class=\"link \">Marseille\u00a0: Les deux chercheurs du CNRS qui ont reconnu \u00eatre les auteurs des jets d&rsquo;explosifs jug\u00e9s jeudi<\/a><br \/><a href=\"https:\/\/www.20minutes.fr\/faits_divers\/faits-divers-marseille\/4140220-20250223-homme-tue-balles-voiture-pres-marseille?at_medium=RSS+feed&amp;at_campaign=ynews&amp;utm_source=yahoo&amp;utm_medium=rss&amp;utm_campaign=news_feed&amp;utm_content=related_content_link\" rel=\"nofollow noopener\" target=\"_blank\" data-ylk=\"slk:Un homme tu\u00e9 par balles dans sa voiture pr\u00e8s de Marseille;elm:context_link;itc:0;sec:content-canvas\" class=\"link \">Un homme tu\u00e9 par balles dans sa voiture pr\u00e8s de Marseille<\/a><\/p>\n","protected":false},"excerpt":{"rendered":"INS\u00c9CURIT\u00c9 &#8211; Un \u00e9boueur a \u00e9t\u00e9 poignard\u00e9 ce vendredi matin, vers 7 heures, dans le 14e\u00a0arrondissement de Marseille.&hellip;\n","protected":false},"author":2,"featured_media":69932,"comment_status":"","ping_status":"","sticky":false,"template":"","format":"standard","meta":{"footnotes":""},"categories":[2814],"tags":[17210,1111,11,17182,1777,674,1011,27,17211,884,12,882,25],"class_list":{"0":"post-69931","1":"post","2":"type-post","3":"status-publish","4":"format-standard","5":"has-post-thumbnail","7":"category-marseille","8":"tag-14e-arrondissement-de-marseille","9":"tag-actu","10":"tag-actualites","11":"tag-eboueur","12":"tag-eu","13":"tag-europe","14":"tag-fr","15":"tag-france","16":"tag-france-bleu-provence","17":"tag-marseille","18":"tag-news","19":"tag-provence-alpes-cote-dazur","20":"tag-republique-francaise"},"share_on_mastodon":{"url":"https:\/\/pubeurope.com\/@fr\/114439646355934147","error":""},"_links":{"self":[{"href":"https:\/\/www.europesays.com\/fr\/wp-json\/wp\/v2\/posts\/69931","targetHints":{"allow":["GET"]}}],"collection":[{"href":"https:\/\/www.europesays.com\/fr\/wp-json\/wp\/v2\/posts"}],"about":[{"href":"https:\/\/www.europesays.com\/fr\/wp-json\/wp\/v2\/types\/post"}],"author":[{"embeddable":true,"href":"https:\/\/www.europesays.com\/fr\/wp-json\/wp\/v2\/users\/2"}],"replies":[{"embeddable":true,"href":"https:\/\/www.europesays.com\/fr\/wp-json\/wp\/v2\/comments?post=69931"}],"version-history":[{"count":0,"href":"https:\/\/www.europesays.com\/fr\/wp-json\/wp\/v2\/posts\/69931\/revisions"}],"wp:featuredmedia":[{"embeddable":true,"href":"https:\/\/www.europesays.com\/fr\/wp-json\/wp\/v2\/media\/69932"}],"wp:attachment":[{"href":"https:\/\/www.europesays.com\/fr\/wp-json\/wp\/v2\/media?parent=69931"}],"wp:term":[{"taxonomy":"category","embeddable":true,"href":"https:\/\/www.europesays.com\/fr\/wp-json\/wp\/v2\/categories?post=69931"},{"taxonomy":"post_tag","embeddable":true,"href":"https:\/\/www.europesays.com\/fr\/wp-json\/wp\/v2\/tags?post=69931"}],"curies":[{"name":"wp","href":"https:\/\/api.w.org\/{rel}","templated":true}]}}