{"id":699325,"date":"2026-01-30T09:21:20","date_gmt":"2026-01-30T09:21:20","guid":{"rendered":"https:\/\/www.europesays.com\/fr\/699325\/"},"modified":"2026-01-30T09:21:20","modified_gmt":"2026-01-30T09:21:20","slug":"lenquete-de-cash-investigation-sur-le-periscolaire-secoue-les-candidats-a-la-mairie-de-paris","status":"publish","type":"post","link":"https:\/\/www.europesays.com\/fr\/699325\/","title":{"rendered":"L\u2019enqu\u00eate de \u00ab\u00a0Cash Investigation\u00a0\u00bb sur le p\u00e9riscolaire secoue les candidats \u00e0 la mairie de Paris"},"content":{"rendered":"<p>        <img decoding=\"async\" loading=\"lazy\" src=\"https:\/\/www.europesays.com\/fr\/wp-content\/uploads\/2026\/01\/980aa15_upload-1-ioenmd5nppv1-capture-d-ecran-2026-01-30-095732.png\"  width=\"728\" height=\"410\" alt=\"L\u2019enqu\u00eate de Cash Investigation sur le p\u00e9riscolaire secoue les candidats \u00e0 la mairie de Paris\"\/>  <\/p>\n<p>France T\u00e9l\u00e9vision \/ Capture d\u2019\u00e9cran<\/p>\n<p>L\u2019enqu\u00eate de Cash Investigation sur le p\u00e9riscolaire secoue les candidats \u00e0 la mairie de Paris<\/p>\n<p class=\"asset asset-text\">Une enqu\u00eate qui tord le ventre. Le dernier \u00e9pisode de <a href=\"https:\/\/www.huffingtonpost.fr\/medias\/article\/cash-investigation-etrille-frontieres-pour-son-enquete-sur-elise-lucet-ou-dirhams-et-euros-sont-confondus_251821.html\" rel=\"nofollow noopener\" target=\"_blank\">Cash Investigation<\/a>, diffus\u00e9 ce jeudi 29\u00a0janvier sur France 2, a mis en lumi\u00e8re de graves d\u00e9faillances dans le p\u00e9riscolaire en France, et notamment \u00e0 Paris. Ces r\u00e9v\u00e9lations et t\u00e9moignages ont provoqu\u00e9 des r\u00e9actions de stupeur chez plusieurs candidats <a href=\"https:\/\/www.huffingtonpost.fr\/politique\/article\/apres-le-tolle-de-sa-photo-prise-dans-un-avion-pour-auschwitz-jean-luc-romero-michel-s-excuse_259670.html\" rel=\"nofollow noopener\" target=\"_blank\">\u00e0 la mairie de Paris.<\/a><\/p>\n<p class=\"asset asset-text\">Plus de cinq millions d\u2019enfants sont accueillis chaque jour dans le p\u00e9riscolaire en France. \u00ab\u00a0Saviez-vous qu\u2019\u00e0 l\u2019\u00e9cole, les enfants passent parfois autant de temps avec les animateurs du p\u00e9riscolaire qu\u2019avec leur enseignant\u00a0?\u00a0\u00bb, interroge Cash Investigation en guise d\u2019introduction, avant de d\u00e9rouler son enqu\u00eate sur ce qu\u2019il se passe \u00ab\u00a0derri\u00e8re le portail des \u00e9coles\u00a0\u00bb.<\/p>\n<p class=\"asset asset-text\">L\u2019\u00e9mission diffus\u00e9e ce jeudi s\u2019int\u00e9resse aux conditions de travail des animateurs, pointe les faibles r\u00e9mun\u00e9rations, les temps partiels subis et les emplois du temps hach\u00e9s. Surtout, elle pr\u00e9sente des t\u00e9moignages de parents dont les signalements de comportements suspects d\u2019animateurs ne sont pas pris en compte, mais aussi l\u2019absence de cadre de recrutement ou encore des <a href=\"https:\/\/www.huffingtonpost.fr\/france\/article\/un-collectif-en-appelle-a-macron-apres-une-serie-d-agressions-sexuelles-dans-le-periscolaire-a-paris_257948.html\" rel=\"nofollow noopener\" target=\"_blank\">comportements inappropri\u00e9<\/a><a href=\"https:\/\/www.huffingtonpost.fr\/france\/article\/un-collectif-en-appelle-a-macron-apres-une-serie-d-agressions-sexuelles-dans-le-periscolaire-a-paris_257948.html\" rel=\"nofollow noopener\" target=\"_blank\">s d\u2019animateurs.<\/a><\/p>\n<p>    Des comportements \u00ab\u00a0inacceptables\u00a0\u00bb    <\/p>\n<p class=\"asset asset-text\">L\u2019\u00e9pisode de Cash Investigation \u00e9voque notamment le cas d\u2019une animatrice qui embrasse un enfant sur la bouche dans une \u00e9cole maternelle du 7e arrondissement de Paris. \u00ab\u00a0Les images, film\u00e9es en cam\u00e9ra cach\u00e9e, montrent des comportements inacceptables \u00e0 l\u2019encontre des enfants\u00a0\u00bb, a r\u00e9agi dans un communiqu\u00e9 la maire LR de cet arrondissement <a href=\"https:\/\/www.huffingtonpost.fr\/politique\/article\/municipales-a-paris-rachida-dati-face-a-une-nouvelle-difficulte-avec-la-candidature-dissidente-de-jeanne-d-hauteserre_259521.html\" rel=\"nofollow noopener\" target=\"_blank\">Rachida Dati, <\/a>\u00e9galement candidate \u00e0 la mairie de Paris.<\/p>\n<p class=\"asset asset-text\">Elle d\u00e9nonce \u00ab\u00a0l\u2019omerta\u00a0\u00bb ainsi que des \u00ab\u00a0dysfonctionnements syst\u00e9miques\u00a0\u00bb qui perdurent \u00e0 la Ville de Paris et r\u00e9clame une enqu\u00eate globale sur l\u2019ensemble du p\u00e9riscolaire parisien, un plan d\u2019urgence pour faire face \u00e0 la multiplication d\u2019agressions sur les enfants et une refonte globale du p\u00e9riscolaire.<\/p>\n<p class=\"asset asset-text\">De son c\u00f4t\u00e9, la candidate Insoumise<a href=\"https:\/\/www.huffingtonpost.fr\/politique\/article\/sophia-chikirou-sera-jugee-pour-escroquerie-juste-apres-les-municipales_258854.html\" rel=\"nofollow noopener\" target=\"_blank\"> Sophia Chikirou<\/a> dit avoir d\u00e9pos\u00e9 une proposition de r\u00e9solution pour une enqu\u00eate parlementaire \u00e0 la demande des parents d\u2019\u00e9l\u00e8ves, afin de \u00ab\u00a0faire la lumi\u00e8re sur le syst\u00e8me p\u00e9riscolaire \u00e0 Paris et partout en France\u00a0\u00bb. \u00ab\u00a0Qui sont les responsables\u00a0? Pourquoi les alertes n\u2019ont-elles jamais \u00e9t\u00e9 suivies d\u2019effet\u00a0?\u00a0\u00bb, interroge-t-elle.<\/p>\n<p>    \u00ab\u00a0Choc et col\u00e8re\u00a0\u00bb    <\/p>\n<p class=\"asset asset-text\">\u00ab\u00a0Choc et col\u00e8re devant l\u2019enqu\u00eate de Cash investigation\u00a0\u00bb, a r\u00e9agi pour sa part <a href=\"https:\/\/www.huffingtonpost.fr\/politique\/article\/a-paris-emmanuel-gregoire-s-attaque-a-rachida-dati-et-se-fait-reprendre-par-lfi_259241.html\" rel=\"nofollow noopener\" target=\"_blank\">Emmanuel Gr\u00e9goire<\/a>, candidat de l\u2019union de la gauche hors LFI. \u00ab\u00a0Les situations de violence mentionn\u00e9es sont insupportables. Les manquements dans l\u2019encadrement des enfants et dans le traitement des affaires signal\u00e9es sont inadmissibles\u00a0\u00bb, a reconnu le d\u00e9put\u00e9 de Paris qui avait lui-m\u00eame r\u00e9v\u00e9l\u00e9 avoir \u00e9t\u00e9 <a href=\"https:\/\/www.huffingtonpost.fr\/politique\/article\/emmanuel-gregoire-temoigne-avoir-ete-victime-de-violences-sexuelles-en-cm1_257463.html\" rel=\"nofollow noopener\" target=\"_blank\">victime de violences sexuelles<\/a> dans le cadre p\u00e9riscolaire durant son enfance.<\/p>\n<p class=\"asset asset-text\">\u00ab\u00a0Il faut tout revoir\u00a0: les proc\u00e9dures, les contr\u00f4les, l\u2019encadrement, la culture m\u00eame d\u2019une institution qui peut g\u00e9n\u00e9rer une forme de maltraitance quand des alertes ne sont pas trait\u00e9es assez vite\u00a0\u00bb, a-t-il ajout\u00e9.<\/p>\n<p class=\"asset asset-text\">Le ministre de l\u2019\u00c9ducation \u00c9douard Geffray a annonc\u00e9 ce vendredi \u00ab\u00a0proc\u00e9der ce jour \u00e0 plusieurs signalements\u00a0\u00bb \u00e0 la justice apr\u00e8s la diffusion de cette enqu\u00eate, qui portait \u00e9galement sur des violences dans des \u00e9tablissements priv\u00e9s. \u00ab\u00a0Une seule ligne\u00a0: ne rien laisser passer\u00a0\u00bb, a-t-il ajout\u00e9, sans pr\u00e9ciser quels \u00e9tablissements ou personnels seraient vis\u00e9s.<\/p>\n","protected":false},"excerpt":{"rendered":"France T\u00e9l\u00e9vision \/ Capture d\u2019\u00e9cran L\u2019enqu\u00eate de Cash Investigation sur le p\u00e9riscolaire secoue les candidats \u00e0 la mairie&hellip;\n","protected":false},"author":2,"featured_media":699326,"comment_status":"","ping_status":"","sticky":false,"template":"","format":"standard","meta":{"footnotes":"","_share_on_mastodon":"0"},"categories":[1888],"tags":[11,79318,6688,23612,1777,674,1011,27,12,626,316,25],"class_list":["post-699325","post","type-post","status-publish","format-standard","has-post-thumbnail","category-paris","tag-actualites","tag-cash-investigation","tag-ecole-maternelle","tag-ecole-primaire","tag-eu","tag-europe","tag-fr","tag-france","tag-news","tag-paris","tag-politique","tag-republique-francaise"],"share_on_mastodon":{"url":"https:\/\/pubeurope.com\/@fr\/115983318109038981","error":""},"_links":{"self":[{"href":"https:\/\/www.europesays.com\/fr\/wp-json\/wp\/v2\/posts\/699325","targetHints":{"allow":["GET"]}}],"collection":[{"href":"https:\/\/www.europesays.com\/fr\/wp-json\/wp\/v2\/posts"}],"about":[{"href":"https:\/\/www.europesays.com\/fr\/wp-json\/wp\/v2\/types\/post"}],"author":[{"embeddable":true,"href":"https:\/\/www.europesays.com\/fr\/wp-json\/wp\/v2\/users\/2"}],"replies":[{"embeddable":true,"href":"https:\/\/www.europesays.com\/fr\/wp-json\/wp\/v2\/comments?post=699325"}],"version-history":[{"count":0,"href":"https:\/\/www.europesays.com\/fr\/wp-json\/wp\/v2\/posts\/699325\/revisions"}],"wp:featuredmedia":[{"embeddable":true,"href":"https:\/\/www.europesays.com\/fr\/wp-json\/wp\/v2\/media\/699326"}],"wp:attachment":[{"href":"https:\/\/www.europesays.com\/fr\/wp-json\/wp\/v2\/media?parent=699325"}],"wp:term":[{"taxonomy":"category","embeddable":true,"href":"https:\/\/www.europesays.com\/fr\/wp-json\/wp\/v2\/categories?post=699325"},{"taxonomy":"post_tag","embeddable":true,"href":"https:\/\/www.europesays.com\/fr\/wp-json\/wp\/v2\/tags?post=699325"}],"curies":[{"name":"wp","href":"https:\/\/api.w.org\/{rel}","templated":true}]}}