{"id":699400,"date":"2026-01-30T10:05:15","date_gmt":"2026-01-30T10:05:15","guid":{"rendered":"https:\/\/www.europesays.com\/fr\/699400\/"},"modified":"2026-01-30T10:05:15","modified_gmt":"2026-01-30T10:05:15","slug":"innovation-locale-le-nouveau-plan-strategique-de-grenoble-angels","status":"publish","type":"post","link":"https:\/\/www.europesays.com\/fr\/699400\/","title":{"rendered":"Innovation locale : le nouveau plan strat\u00e9gique de Grenoble Angels"},"content":{"rendered":"<p>Nouvelle \u00e9tape pour Grenoble Angels, qui vient de f\u00eater ses 20 ans. L\u2019association, qui regroupe une <a href=\"https:\/\/www.placegrenet.fr\/2020\/11\/19\/une-semaine-de-business-angels-via-des-conferences-en-ligne-du-23-au-27-novembre\/533400\" target=\"_blank\" rel=\"noopener\">com\u00admu\u00adnaut\u00e9 d\u2019in\u00adves\u00adtis\u00adseurs<\/a> ins\u00adtal\u00adl\u00e9s en Is\u00e8re s\u2019employant \u00e0 favo\u00adri\u00adser l\u2019\u00e9\u00adman\u00adci\u00adpa\u00adtion de jeunes entre\u00adprises (les fameuses start-up) en les sou\u00adte\u00adnant finan\u00adci\u00e8\u00adre\u00adment, lance son nou\u00adveau plan strat\u00e9gique.<\/p>\n<p><a style=\"cursor: pointer !important; user-select: none !important;\" href=\"https:\/\/www.placegrenet.fr\/2022\/12\/20\/philippe-rase-nouveau-president-de-grenoble-angels-succede-a-jean-louis-brunet-fondateur-de-lassociation\/587862\" target=\"_blank\" rel=\"noopener\">Philippe Rase, r\u00e9\u00e9lu \u00e0 la pr\u00e9\u00adsi\u00addence de Grenoble Angels<\/a> le 10 d\u00e9cembre 2025, en a d\u00e9voil\u00e9 les grandes lignes\u00a0: \u00ab\u00a0Ensemble, nous conti\u00adnue\u00adrons \u00e0 faire gran\u00addir un \u00e9co\u00adsys\u00adt\u00e8me d\u2019innovation ambi\u00adtieux, soli\u00addaire et engag\u00e9 sur notre ter\u00adri\u00adtoire\u00a0\u00bb, a\u2011t-il d\u00e9clar\u00e9. Ce plan, qui sera offi\u00adciel\u00adle\u00adment lanc\u00e9 lors du salon <a href=\"https:\/\/www.placegrenet.fr\/2024\/01\/31\/premiere-edition-du-festival-tech-fest-a-grenoble-pour-celebrer-une-approche-collective-de-la-technologie-francaise\/622820\" target=\"_blank\" rel=\"noopener\">Tech&amp;Fest<\/a> les 4 et 5 f\u00e9vrier 2026, marque une volont\u00e9 claire\u00a0: conso\u00adli\u00adder et ampli\u00adfier l\u2019action des busi\u00adness angels is\u00e9\u00adrois en faveur des jeunes entre\u00adprises innovantes.<\/p>\n<p><a href=\"https:\/\/www.europesays.com\/fr\/wp-content\/uploads\/2026\/01\/20-ans-grenoble-angels-kilian-lahais-unreal-media1-scaled.jpg\"><img fetchpriority=\"high\" decoding=\"async\" aria-describedby=\"caption-attachment-670411\" class=\"size-full wp-image-670411\" src=\"data:image\/svg+xml,%3Csvg%20xmlns=\" http:=\"\" alt=\"20 ans Grenoble Angels 2025. \u00a9 Kilian Lahaie - Unreal Media\" width=\"2048\" height=\"1365\" data-lazy- data-lazy- data-lazy-src=\"https:\/\/www.europesays.com\/fr\/wp-content\/uploads\/2026\/01\/20-ans-grenoble-angels-kilian-lahais-unreal-media1-scaled.jpg\"\/><\/a><\/p>\n<p id=\"caption-attachment-670411\" class=\"wp-caption-text\">20 ans Grenoble Angels 2025. \u00a9 Kilian Lahaie \u2013 Unreal Media<\/p>\n<p>Ce nou\u00adveau man\u00addat de trois ans s\u2019articule autour de trois prio\u00adri\u00adt\u00e9s majeures. D\u2019abord, ren\u00adfor\u00adcer les par\u00adte\u00adna\u00adriats avec les acteurs cl\u00e9s de l\u2019\u00e9cosyst\u00e8me local, tels que les banques, les cabi\u00adnets d\u2019avocats et les experts-comp\u00adtables, afin de cr\u00e9er un r\u00e9seau plus solide et plus dynamique.<\/p>\n<p>Ensuite, am\u00e9\u00adlio\u00adrer l\u2019offre de ser\u00advices pro\u00adpo\u00ads\u00e9e aux membres de l\u2019association, en d\u00e9ve\u00adlop\u00adpant des for\u00adma\u00adtions et des outils adap\u00adt\u00e9s \u00e0 leurs besoins. Enfin, opti\u00admi\u00adser les op\u00e9\u00adra\u00adtions finan\u00adci\u00e8res et le volume d\u2019affaires, notam\u00adment avec le pas\u00adsage acc\u00e9\u00adl\u00e9r\u00e9 au num\u00e9\u00adrique, l\u2019int\u00e9gration de l\u2019intelligence arti\u00adfi\u00adcielle et une col\u00adla\u00adbo\u00adra\u00adtion ren\u00adfor\u00adc\u00e9e avec la F\u00e9d\u00e9ration natio\u00adnale France Angels.<\/p>\n","protected":false},"excerpt":{"rendered":"Nouvelle \u00e9tape pour Grenoble Angels, qui vient de f\u00eater ses 20 ans. L\u2019association, qui regroupe une com\u00admu\u00adnaut\u00e9 d\u2019in\u00adves\u00adtis\u00adseurs&hellip;\n","protected":false},"author":2,"featured_media":699401,"comment_status":"","ping_status":"","sticky":false,"template":"","format":"standard","meta":{"footnotes":""},"categories":[9566],"tags":[1111,11,2430,32310,1777,674,1011,27,79378,2731,79379,5701,12,79380,25,66993,77860],"class_list":{"0":"post-699400","1":"post","2":"type-post","3":"status-publish","4":"format-standard","5":"has-post-thumbnail","7":"category-grenoble","8":"tag-actu","9":"tag-actualites","10":"tag-auvergne-rhone-alpes","11":"tag-business-angels","12":"tag-eu","13":"tag-europe","14":"tag-fr","15":"tag-france","16":"tag-france-angels","17":"tag-grenoble","18":"tag-grenoble-angels","19":"tag-innovation","20":"tag-news","21":"tag-philippe-rase","22":"tag-republique-francaise","23":"tag-start-ups","24":"tag-techfest"},"share_on_mastodon":{"url":"https:\/\/pubeurope.com\/@fr\/115983490947708179","error":""},"_links":{"self":[{"href":"https:\/\/www.europesays.com\/fr\/wp-json\/wp\/v2\/posts\/699400","targetHints":{"allow":["GET"]}}],"collection":[{"href":"https:\/\/www.europesays.com\/fr\/wp-json\/wp\/v2\/posts"}],"about":[{"href":"https:\/\/www.europesays.com\/fr\/wp-json\/wp\/v2\/types\/post"}],"author":[{"embeddable":true,"href":"https:\/\/www.europesays.com\/fr\/wp-json\/wp\/v2\/users\/2"}],"replies":[{"embeddable":true,"href":"https:\/\/www.europesays.com\/fr\/wp-json\/wp\/v2\/comments?post=699400"}],"version-history":[{"count":0,"href":"https:\/\/www.europesays.com\/fr\/wp-json\/wp\/v2\/posts\/699400\/revisions"}],"wp:featuredmedia":[{"embeddable":true,"href":"https:\/\/www.europesays.com\/fr\/wp-json\/wp\/v2\/media\/699401"}],"wp:attachment":[{"href":"https:\/\/www.europesays.com\/fr\/wp-json\/wp\/v2\/media?parent=699400"}],"wp:term":[{"taxonomy":"category","embeddable":true,"href":"https:\/\/www.europesays.com\/fr\/wp-json\/wp\/v2\/categories?post=699400"},{"taxonomy":"post_tag","embeddable":true,"href":"https:\/\/www.europesays.com\/fr\/wp-json\/wp\/v2\/tags?post=699400"}],"curies":[{"name":"wp","href":"https:\/\/api.w.org\/{rel}","templated":true}]}}