{"id":699450,"date":"2026-01-30T10:35:19","date_gmt":"2026-01-30T10:35:19","guid":{"rendered":"https:\/\/www.europesays.com\/fr\/699450\/"},"modified":"2026-01-30T10:35:19","modified_gmt":"2026-01-30T10:35:19","slug":"la-russie-a-lance-un-missile-et-une-centaine-de-drones-dans-la-nuit-malgre-les-annonces-de-trump","status":"publish","type":"post","link":"https:\/\/www.europesays.com\/fr\/699450\/","title":{"rendered":"la Russie a lanc\u00e9 un missile et une centaine de drones dans la nuit, malgr\u00e9 les annonces de Trump"},"content":{"rendered":"<p class=\"article-p mdl\">La Russie a lanc\u00e9, dans la nuit du jeudi 29 au vendredi 30 janvier, contre l&rsquo;Ukraine un missile et une centaine de drones, a indiqu\u00e9 l&rsquo;arm\u00e9e de l&rsquo;air ukrainienne, au lendemain de l&rsquo;annonce par\u00a0<a class=\"link\" href=\"https:\/\/www.rtl.fr\/actu\/international\/guerre-en-ukraine-les-etats-unis-apporteront-un-soutien-a-la-force-multinationale-europeenne-en-cas-d-attaque-de-la-russie-7900585550\" target=\"_blank\" rel=\"noopener\">le pr\u00e9sident am\u00e9ricain<\/a>\u00a0d&rsquo;un arr\u00eat des frappes russes accept\u00e9 par Moscou \u00ab\u00a0pendant une semaine\u00a0\u00bb.<\/p>\n<p class=\"article-p mdl\">\u00ab\u00a0Dans la nuit du 30 janvier (\u00e0 partir de 18h le 29 janvier), l&rsquo;ennemi a lanc\u00e9 un missile balistique Iskander-M (&#8230;) ainsi que 111 drones d&rsquo;attaque\u00a0\u00bb, a d\u00e9clar\u00e9 l&rsquo;arm\u00e9e dans son rapport quotidien. Ces attaques nocturnes ont concern\u00e9 15 lieux diff\u00e9rents, a-t-elle pr\u00e9cis\u00e9, ajoutant que l&rsquo;arm\u00e9e de l&rsquo;air avait abattu 80 drones.<\/p>\n<p class=\"article-p mdl\">Cette annonce intervient apr\u00e8s que\u00a0<a class=\"link\" href=\"https:\/\/www.rtl.fr\/actu\/international\/guerre-en-ukraine-zelensky-affirme-que-les-documents-pour-la-paix-sont-presque-prets-et-pointe-une-europe-fragmentee-et-perdue-face-a-trump-7900591949\" target=\"_blank\" rel=\"noopener\">Donald Trump<\/a>\u00a0a indiqu\u00e9, jeudi, avoir demand\u00e9 \u00ab\u00a0personnellement\u00a0\u00bb \u00e0 Vladimir Poutine de cesser les frappes sur Kiev et d\u2019autres villes ukrainiennes \u00ab\u00a0pendant une semaine\u00a0\u00bb, affirmant que le pr\u00e9sident russe \u00ab\u00a0avait accept\u00e9 de le faire\u00a0\u00bb, alors que l\u2019Ukraine subit une importante vague de froid.<\/p>\n<p>            Les n\u00e9gociations au point mort<\/p>\n<p class=\"article-p mdl\">Le pr\u00e9sident am\u00e9ricain a dit avoir fait cette demande en raison du froid \u00ab\u00a0exceptionnel\u00a0\u00bb en Ukraine, alors que le pays est confront\u00e9 \u00e0 des coupures d&rsquo;\u00e9lectricit\u00e9 et de chauffage d&rsquo;ampleur \u00e0 cause des frappes russes pilonnant depuis des semaines les infrastructures \u00e9nerg\u00e9tiques du pays voisin.<br \/>Ce vendredi 30 janvier, le pr\u00e9sident ukrainien\u00a0<a class=\"link\" href=\"https:\/\/www.rtl.fr\/actu\/international\/guerre-en-ukraine-zelensky-plaide-en-faveur-d-une-paix-digne-7900569092\" target=\"_blank\" rel=\"noopener\">Volodymyr Zelensky<\/a>\u00a0a assur\u00e9 que Kiev ne visera pas de cibles \u00e9nerg\u00e9tiques en Russie si Moscou fait de m\u00eame en Ukraine.<\/p>\n<blockquote class=\"article-quote\">\n<p class=\"article-quote-text icon icon-quote-v2\">Jusqu&rsquo;ici, nous n&rsquo;avons pas r\u00e9ussi \u00e0 trouver un compromis sur la question territoriale<\/p>\n<p>Volodymyr Zelensky<\/p>\n<\/blockquote>\n<p class=\"article-p mdl\">\u00ab\u00a0Si la Russie ne frappe pas nos infrastructures \u00e9nerg\u00e9tiques &#8211; installations de production ou tout autre infrastructure \u00e9nerg\u00e9tique -, nous ne frapperons pas les leurs\u00a0\u00bb, a-t-il d\u00e9clar\u00e9 \u00e0 des journalistes, dont ceux de l&rsquo;AFP, dans des d\u00e9clarations rendues publiques vendredi.<\/p>\n<p class=\"article-p mdl\">Par ailleurs, les n\u00e9gociateurs \u00e0 l&rsquo;\u0153uvre pour\u00a0<a class=\"link\" href=\"https:\/\/www.rtl.fr\/actu\/international\/sinon-il-y-aura-une-nouvelle-guerre-sur-rtl-alice-rufo-juge-impossible-que-l-europe-soit-ecartee-des-negociations-pour-la-paix-en-ukraine-7900593265\" target=\"_blank\" rel=\"noopener\">mettre un terme \u00e0 pr\u00e8s de quatre ans de guerre<\/a>\u00a0en Ukraine ne sont \u00e0 ce stade pas parvenus \u00e0 trouver un compromis sur la question du contr\u00f4le de la r\u00e9gion orientale de Donetsk, a d\u00e9clar\u00e9 Volodymyr Zelensky.<\/p>\n<p class=\"article-p mdl\">\u00ab\u00a0Jusqu&rsquo;ici, nous n&rsquo;avons pas r\u00e9ussi \u00e0 trouver un compromis sur la question territoriale, en particulier concernant une partie de l&rsquo;est de l&rsquo;Ukraine\u00a0\u00bb, a pr\u00e9cis\u00e9 le pr\u00e9sident ukrainien.\u00a0<\/p>\n<p>    La r\u00e9daction vous recommande<\/p>\n<p class=\"s-newsletter__title\">\n                L\u2019actualit\u00e9 par la r\u00e9daction de RTL dans votre bo\u00eete mail.\n            <\/p>\n<p class=\"s-newsletter__subtitle\">\n                Gr\u00e2ce \u00e0 votre compte RTL abonnez-vous \u00e0 la newsletter RTL info pour suivre toute l&rsquo;actualit\u00e9 au quotidien\n            <\/p>\n<p>\n                                    Lire la suite\n                                <\/p>\n","protected":false},"excerpt":{"rendered":"La Russie a lanc\u00e9, dans la nuit du jeudi 29 au vendredi 30 janvier, contre l&rsquo;Ukraine un missile&hellip;\n","protected":false},"author":2,"featured_media":699451,"comment_status":"","ping_status":"","sticky":false,"template":"","format":"standard","meta":{"footnotes":""},"categories":[1590],"tags":[11,75,2024,1777,674,107,1146,131,12,132,220,135,134],"class_list":{"0":"post-699450","1":"post","2":"type-post","3":"status-publish","4":"format-standard","5":"has-post-thumbnail","7":"category-ukraine","8":"tag-actualites","9":"tag-donald-trump","10":"tag-drones","11":"tag-eu","12":"tag-europe","13":"tag-fil-info","14":"tag-guerre","15":"tag-guerre-en-ukraine","16":"tag-news","17":"tag-russie","18":"tag-ukraine","19":"tag-vladimir-poutine","20":"tag-volodymyr-zelensky"},"share_on_mastodon":{"url":"https:\/\/pubeurope.com\/@fr\/115983608983105482","error":""},"_links":{"self":[{"href":"https:\/\/www.europesays.com\/fr\/wp-json\/wp\/v2\/posts\/699450","targetHints":{"allow":["GET"]}}],"collection":[{"href":"https:\/\/www.europesays.com\/fr\/wp-json\/wp\/v2\/posts"}],"about":[{"href":"https:\/\/www.europesays.com\/fr\/wp-json\/wp\/v2\/types\/post"}],"author":[{"embeddable":true,"href":"https:\/\/www.europesays.com\/fr\/wp-json\/wp\/v2\/users\/2"}],"replies":[{"embeddable":true,"href":"https:\/\/www.europesays.com\/fr\/wp-json\/wp\/v2\/comments?post=699450"}],"version-history":[{"count":0,"href":"https:\/\/www.europesays.com\/fr\/wp-json\/wp\/v2\/posts\/699450\/revisions"}],"wp:featuredmedia":[{"embeddable":true,"href":"https:\/\/www.europesays.com\/fr\/wp-json\/wp\/v2\/media\/699451"}],"wp:attachment":[{"href":"https:\/\/www.europesays.com\/fr\/wp-json\/wp\/v2\/media?parent=699450"}],"wp:term":[{"taxonomy":"category","embeddable":true,"href":"https:\/\/www.europesays.com\/fr\/wp-json\/wp\/v2\/categories?post=699450"},{"taxonomy":"post_tag","embeddable":true,"href":"https:\/\/www.europesays.com\/fr\/wp-json\/wp\/v2\/tags?post=699450"}],"curies":[{"name":"wp","href":"https:\/\/api.w.org\/{rel}","templated":true}]}}