{"id":699456,"date":"2026-01-30T10:38:15","date_gmt":"2026-01-30T10:38:15","guid":{"rendered":"https:\/\/www.europesays.com\/fr\/699456\/"},"modified":"2026-01-30T10:38:15","modified_gmt":"2026-01-30T10:38:15","slug":"allemagne-le-pib-a-progresse-plus-que-prevu-au-dernier-trimestre-2025","status":"publish","type":"post","link":"https:\/\/www.europesays.com\/fr\/699456\/","title":{"rendered":"Allemagne: le PIB a progress\u00e9 plus que pr\u00e9vu au dernier trimestre 2025"},"content":{"rendered":"<p style=\"margin-top:5px\">Berlin (awp\/afp) &#8211; L&rsquo;Allemagne a enregistr\u00e9 une croissance de son produit int\u00e9rieur brut de 0,3% au dernier trimestre 2025, l\u00e9g\u00e8rement plus que pr\u00e9vu, selon une estimation provisoire vendredi, ponctuant une ann\u00e9e de morne reprise pour la premi\u00e8re \u00e9conomie europ\u00e9enne.<\/p>\n<p>Entre octobre et d\u00e9cembre, \u00ab\u00a0ce sont surtout les d\u00e9penses de consommation priv\u00e9es et publiques qui ont augment\u00e9\u00a0\u00bb, note l&rsquo;institut Destatis. A la mi-janvier, celui-ci tablait, dans une estimation pr\u00e9coce, sur une croissance de 0,2% au quatri\u00e8me trimestre.<\/p>\n<p>afp\/ib<\/p>\n","protected":false},"excerpt":{"rendered":"Berlin (awp\/afp) &#8211; L&rsquo;Allemagne a enregistr\u00e9 une croissance de son produit int\u00e9rieur brut de 0,3% au dernier trimestre&hellip;\n","protected":false},"author":2,"featured_media":48534,"comment_status":"","ping_status":"","sticky":false,"template":"","format":"standard","meta":{"footnotes":""},"categories":[1587],"tags":[11,672,340,1804,1805,1803,1777,674,1801,12,1802],"class_list":{"0":"post-699456","1":"post","2":"type-post","3":"status-publish","4":"format-standard","5":"has-post-thumbnail","7":"category-allemagne","8":"tag-actualites","9":"tag-allemagne","10":"tag-bourse","11":"tag-bundesrepublik-deutschland","12":"tag-de","13":"tag-deutschland","14":"tag-eu","15":"tag-europe","16":"tag-germany","17":"tag-news","18":"tag-republique-federale-dallemagne"},"share_on_mastodon":{"url":"https:\/\/pubeurope.com\/@fr\/115983620819421845","error":""},"_links":{"self":[{"href":"https:\/\/www.europesays.com\/fr\/wp-json\/wp\/v2\/posts\/699456","targetHints":{"allow":["GET"]}}],"collection":[{"href":"https:\/\/www.europesays.com\/fr\/wp-json\/wp\/v2\/posts"}],"about":[{"href":"https:\/\/www.europesays.com\/fr\/wp-json\/wp\/v2\/types\/post"}],"author":[{"embeddable":true,"href":"https:\/\/www.europesays.com\/fr\/wp-json\/wp\/v2\/users\/2"}],"replies":[{"embeddable":true,"href":"https:\/\/www.europesays.com\/fr\/wp-json\/wp\/v2\/comments?post=699456"}],"version-history":[{"count":0,"href":"https:\/\/www.europesays.com\/fr\/wp-json\/wp\/v2\/posts\/699456\/revisions"}],"wp:featuredmedia":[{"embeddable":true,"href":"https:\/\/www.europesays.com\/fr\/wp-json\/wp\/v2\/media\/48534"}],"wp:attachment":[{"href":"https:\/\/www.europesays.com\/fr\/wp-json\/wp\/v2\/media?parent=699456"}],"wp:term":[{"taxonomy":"category","embeddable":true,"href":"https:\/\/www.europesays.com\/fr\/wp-json\/wp\/v2\/categories?post=699456"},{"taxonomy":"post_tag","embeddable":true,"href":"https:\/\/www.europesays.com\/fr\/wp-json\/wp\/v2\/tags?post=699456"}],"curies":[{"name":"wp","href":"https:\/\/api.w.org\/{rel}","templated":true}]}}