{"id":699559,"date":"2026-01-30T11:38:14","date_gmt":"2026-01-30T11:38:14","guid":{"rendered":"https:\/\/www.europesays.com\/fr\/699559\/"},"modified":"2026-01-30T11:38:14","modified_gmt":"2026-01-30T11:38:14","slug":"quand-le-passe-navigo-annuel-arrivera-t-il-sur-smartphone-frandroid","status":"publish","type":"post","link":"https:\/\/www.europesays.com\/fr\/699559\/","title":{"rendered":"Quand le Passe Navigo annuel arrivera-t-il sur smartphone ? \u2014 Frandroid"},"content":{"rendered":"<p>Finalement, le passe Navigo annuel n\u2019arrivera pas sur smartphone ce printemps, comme l\u2019annon\u00e7ait encore \u00cele-de-France Mobilit\u00e9s ces derni\u00e8res semaines.<\/p>\n<p><a target=\"_blank\" href=\"https:\/\/images.frandroid.com\/wp-content\/uploads\/2026\/01\/image-119-7.jpg\" class=\"article-content__figure\" rel=\"noopener\"><img fetchpriority=\"high\" decoding=\"async\" loading=\"eager\" width=\"1200\" height=\"800\" src=\"https:\/\/www.europesays.com\/fr\/wp-content\/uploads\/2026\/01\/image-119-7.jpg\" alt=\"\" class=\"wp-image-2961425 wp-image wp-image\"  \/><\/a><\/p>\n<p>On pensait l\u2019attente enfin arriv\u00e9e \u00e0 son terme. Il y a quelques semaines, le 30 d\u00e9cembre, \u00cele-de-France Mobilit\u00e9s promettait une <a href=\"https:\/\/www.frandroid.com\/produits-android\/smartphone\/2922947_navigo-ces-deux-changements-arrivent-enfin-en-2026-sur-smartphone\" target=\"_blank\" rel=\"noopener\">arriv\u00e9e du Navigo annuel au printemps 2026<\/a>.<\/p>\n<p>Et comme un joli chantier, la date de sortie vient d\u2019\u00eatre discr\u00e8tement repouss\u00e9e. Il va falloir prendre son mal en patience.<\/p>\n<p>Le nouveau calendrier<\/p>\n<p>Dans un nouvel article sur les \u00ab cinq nouveaut\u00e9s dans les transports en commun en 2026 \u00bb, \u00cele-de-France Mobilit\u00e9s indique : \u00ab <strong>l\u2019arriv\u00e9e du forfait Navigo annuel sur smartphone \u00e0 l\u2019\u00e9t\u00e9 2026 marque une nouvelle \u00e9tape de la simplification des d\u00e9placements en \u00cele-de-France.<\/strong> \u00bb.<\/p>\n<p>Le retard n\u2019est jamais \u00e9voqu\u00e9 dans l\u2019article, mais il s\u2019agit bien d\u2019un changement de calendrier en comparaison de la pr\u00e9c\u00e9dente annonce. <\/p>\n<p>Esp\u00e9rons que le d\u00e9calage de quelques semaines ou mois dans cette derni\u00e8re ligne droite sera le dernier.<\/p>\n<p>Un processus tr\u00e8s simple<\/p>\n<p>\u00cele-de-France Mobilit\u00e9s en profite pour clarifier le processus qui attend les anciens et nouveaux abonn\u00e9s aux transports de la r\u00e9gion parisienne.<\/p>\n<blockquote class=\"wp-block-quote is-layout-flow wp-block-quote-is-layout-flow\">\n<p>Une fois votre passe annuel re\u00e7u (si vous n\u2019\u00eates pas d\u00e9j\u00e0 abonn\u00e9), vous pourrez le d\u00e9mat\u00e9rialiser en un clic sur l\u2019application \u00cele-de-France Mobilit\u00e9s pour valider avec votre smartphone !<\/p>\n<\/blockquote>\n<p>Il devrait donc \u00eatre bel et bien possible de transf\u00e9rer un abonnement actif d\u2019un passe Navigo physique vers son smartphone.<\/p>\n<p>L\u2019application ne proposait pas cette fonction jusqu\u2019\u00e0 pr\u00e9sent. Ce qui \u00e9tait tol\u00e9rable pour des abonnements au jour, \u00e0 la semaine ou au mois, ou plus flexible avec Libert\u00e9+, mais tr\u00e8s p\u00e9nible pour un abonnement annualis\u00e9.<\/p>\n","protected":false},"excerpt":{"rendered":"Finalement, le passe Navigo annuel n\u2019arrivera pas sur smartphone ce printemps, comme l\u2019annon\u00e7ait encore \u00cele-de-France Mobilit\u00e9s ces derni\u00e8res&hellip;\n","protected":false},"author":2,"featured_media":699560,"comment_status":"","ping_status":"","sticky":false,"template":"","format":"standard","meta":{"footnotes":""},"categories":[1592],"tags":[1111,11,270,1777,674,1011,27,662,18010,12,626,25],"class_list":{"0":"post-699559","1":"post","2":"type-post","3":"status-publish","4":"format-standard","5":"has-post-thumbnail","7":"category-ile-de-france","8":"tag-actu","9":"tag-actualites","10":"tag-breaking","11":"tag-eu","12":"tag-europe","13":"tag-fr","14":"tag-france","15":"tag-ile-de-france","16":"tag-navigo","17":"tag-news","18":"tag-paris","19":"tag-republique-francaise"},"share_on_mastodon":{"url":"https:\/\/pubeurope.com\/@fr\/115983857004943736","error":""},"_links":{"self":[{"href":"https:\/\/www.europesays.com\/fr\/wp-json\/wp\/v2\/posts\/699559","targetHints":{"allow":["GET"]}}],"collection":[{"href":"https:\/\/www.europesays.com\/fr\/wp-json\/wp\/v2\/posts"}],"about":[{"href":"https:\/\/www.europesays.com\/fr\/wp-json\/wp\/v2\/types\/post"}],"author":[{"embeddable":true,"href":"https:\/\/www.europesays.com\/fr\/wp-json\/wp\/v2\/users\/2"}],"replies":[{"embeddable":true,"href":"https:\/\/www.europesays.com\/fr\/wp-json\/wp\/v2\/comments?post=699559"}],"version-history":[{"count":0,"href":"https:\/\/www.europesays.com\/fr\/wp-json\/wp\/v2\/posts\/699559\/revisions"}],"wp:featuredmedia":[{"embeddable":true,"href":"https:\/\/www.europesays.com\/fr\/wp-json\/wp\/v2\/media\/699560"}],"wp:attachment":[{"href":"https:\/\/www.europesays.com\/fr\/wp-json\/wp\/v2\/media?parent=699559"}],"wp:term":[{"taxonomy":"category","embeddable":true,"href":"https:\/\/www.europesays.com\/fr\/wp-json\/wp\/v2\/categories?post=699559"},{"taxonomy":"post_tag","embeddable":true,"href":"https:\/\/www.europesays.com\/fr\/wp-json\/wp\/v2\/tags?post=699559"}],"curies":[{"name":"wp","href":"https:\/\/api.w.org\/{rel}","templated":true}]}}