{"id":699575,"date":"2026-01-30T11:47:11","date_gmt":"2026-01-30T11:47:11","guid":{"rendered":"https:\/\/www.europesays.com\/fr\/699575\/"},"modified":"2026-01-30T11:47:11","modified_gmt":"2026-01-30T11:47:11","slug":"lallemagne-discute-dun-partage-de-la-defense-nucleaire-avec-ses-allies-europeens-declare-friedrich-merz","status":"publish","type":"post","link":"https:\/\/www.europesays.com\/fr\/699575\/","title":{"rendered":"L\u2019Allemagne discute d\u2019un partage de la d\u00e9fense nucl\u00e9aire avec ses alli\u00e9s europ\u00e9ens, d\u00e9clare Friedrich Merz"},"content":{"rendered":"<p>\n    Favorable \u00e0 cette proposition, Emmanuel Macron avait annonc\u00e9 en octobre travailler \u00e0 \u00abl\u2019actualisation\u00bb de la doctrine nucl\u00e9aire fran\u00e7aise.<\/p>\n<p class=\"fig-paragraph\">Un parapluie nucl\u00e9aire partag\u00e9 entre alli\u00e9s europ\u00e9ens\u00a0? Berlin a entam\u00e9 des discussions sur le sujet, a r\u00e9p\u00e9t\u00e9 le chancelier allemand\u00a0<a href=\"http:\/\/www.lefigaro.fr\/international\/groenland-droits-de-douane-friedrich-merz-sauve-par-la-reculade-de-donald-trump-20260123\" data-fig-type=\"Article\" data-gtm-custom-categorie=\"navigation\" data-gtm-custom-action=\"crossclick\" data-gtm-custom-label=\"Contextuel\" data-gtm-event=\"customEventSPE\" data-fig-domain=\"LEFIGARO\" rel=\"nofollow noopener\" target=\"_blank\">Friedrich Merz<\/a>\u00a0jeudi 29 janvier en conf\u00e9rence de presse.\u00a0<a href=\"http:\/\/www.lefigaro.fr\/international\/ukraine-defense-donald-trump-met-les-europeens-au-pied-du-mur-20250520\" data-fig-type=\"Article\" data-gtm-custom-categorie=\"navigation\" data-gtm-custom-action=\"crossclick\" data-gtm-custom-label=\"Contextuel\" data-gtm-event=\"customEventSPE\" data-fig-domain=\"LEFIGARO\" rel=\"nofollow noopener\" target=\"_blank\">L\u2019administration Trump<\/a>\u00a0a exhort\u00e9 \u00e0 plusieurs reprises les Europ\u00e9ens \u00e0 \u00eatre plus\u00a0<a href=\"http:\/\/www.lefigaro.fr\/conjoncture\/energie-numerique-defense-ces-secteurs-dans-lesquels-les-etats-unis-tiennent-les-europeens-a-la-gorge-20260121\" data-fig-type=\"Article\" data-gtm-custom-categorie=\"navigation\" data-gtm-custom-action=\"crossclick\" data-gtm-custom-label=\"Contextuel\" data-gtm-event=\"customEventSPE\" data-fig-domain=\"LEFIGARO\" rel=\"nofollow noopener\" target=\"_blank\">autonomes dans leur s\u00e9curit\u00e9<\/a>, avant de bousculer<a href=\"http:\/\/www.lefigaro.fr\/international\/le-danger-se-rapproche-de-nous-a-grande-vitesse-l-otan-presse-les-europeens-de-depenser-beaucoup-plus-pour-leur-defense-20241212\" data-fig-type=\"Article\" data-gtm-custom-categorie=\"navigation\" data-gtm-custom-action=\"crossclick\" data-gtm-custom-label=\"Contextuel\" data-gtm-event=\"customEventSPE\" data-fig-domain=\"LEFIGARO\" rel=\"nofollow noopener\" target=\"_blank\">\u00a0l\u2019alliance Atlantique<\/a>, notamment par sa politique de\u00a0<a href=\"http:\/\/www.lefigaro.fr\/international\/face-aux-appetits-de-donald-trump-le-danemark-veut-une-presence-permanente-de-l-otan-au-groenland-20260128\" data-fig-type=\"Article\" data-gtm-custom-categorie=\"navigation\" data-gtm-custom-action=\"crossclick\" data-gtm-custom-label=\"Contextuel\" data-gtm-event=\"customEventSPE\" data-fig-domain=\"LEFIGARO\" rel=\"nofollow noopener\" target=\"_blank\">pr\u00e9dation du Groenland<\/a>. Sans renoncer au bouclier nucl\u00e9aire am\u00e9ricain, Berlin souhaite le renforcer par le partage des armes avec les deux pays europ\u00e9ens qui en poss\u00e8dent.<\/p>\n<p class=\"fig-paragraph\">Ces pourparlers n\u2019en sont qu\u2019\u00e0 leur d\u00e9but et aucune d\u00e9cision n\u2019est attendue dans l\u2019imm\u00e9diat, a pr\u00e9cis\u00e9 le chef du gouvernement allemand. \u00abNous savons que nous devons prendre un certain nombre de d\u00e9cisions strat\u00e9giques et militaires, mais pour l\u2019instant, le moment n\u2019est pas venu\u00bb, a-t-il d\u00e9clar\u00e9 aux journalistes. Le chancelier allemand avait\u00a0<a href=\"http:\/\/www.lefigaro.fr\/international\/nous-devons-devenir-plus-forts-ensemble-friedrich-merz-ouvert-a-l-elargissement-par-la-france-de-son-bouclier-nucleaire-20250310\" data-fig-type=\"NewsFlash\" data-gtm-custom-categorie=\"navigation\" data-gtm-custom-action=\"crossclick\" data-gtm-custom-label=\"Contextuel\" data-gtm-event=\"customEventSPE\" data-fig-domain=\"LEFIGARO\" rel=\"nofollow noopener\" target=\"_blank\">d\u00e9j\u00e0 \u00e9voqu\u00e9 cette possibilit\u00e9 en mars dernier<\/a>. Dans la foul\u00e9e, Emmanuel Macron avait d\u00e9clar\u00e9 souhaiter l\u2019ouverture d\u2019un \u00abd\u00e9bat strat\u00e9gique\u00bb sur le sujet. En octobre dernier, le chef d\u2019\u00c9tat fran\u00e7ais avait encore d\u00e9clar\u00e9 \u00e0 la presse allemande qu\u2019il travaillait \u00e0\u00a0<a href=\"http:\/\/www.lefigaro.fr\/politique\/emmanuel-macron-annonce-travailler-a-l-actualisation-de-la-doctrine-nucleaire-francaise-et-s-exprimera-debut-2026-20251001\" data-fig-type=\"NewsFlash\" data-gtm-custom-categorie=\"navigation\" data-gtm-custom-action=\"crossclick\" data-gtm-custom-label=\"Contextuel\" data-gtm-event=\"customEventSPE\" data-fig-domain=\"LEFIGARO\" rel=\"nofollow noopener\" target=\"_blank\">\u00abl\u2019actualisation\u00bb de la doctrine nucl\u00e9aire fran\u00e7aise<\/a>\u00a0et s\u2019exprimerait sur le sujet d\u00e9but 2026.<\/p>\n<p>                                            <a class=\"fig-a11y-skip\" href=\"#fig-a11y-skip-main-inarticle\" data-module=\"a11y-skip\" data-context=\"was @visible\"><br \/>\n    Passer la publicit\u00e9<br \/>\n<\/a>            <\/p>\n<p class=\"fig-paragraph\">Dans le cadre de l\u2019Otan, l\u2019Allemagne est d\u00e9j\u00e0 signataire d\u2019accords sur le partage de certaines armes nucl\u00e9aires. En clair, le pays h\u00e9berge sur son territoire des armes nucl\u00e9aires am\u00e9ricaines qui restent la propri\u00e9t\u00e9 de Washington et demeurent sous son contr\u00f4le. Toutefois, l\u2019Allemagne n\u2019est pas autoris\u00e9 \u00e0 poss\u00e9der l\u2019arme\u00a0: deux trait\u00e9s internationaux le lui interdisent. Le trait\u00e9 historique de non-prolif\u00e9ration nucl\u00e9aire de 1969 (TNP) d\u2019une part, qui interdit aux pays non-d\u00e9tenteurs de d\u00e9velopper l\u2019arme. Mais aussi le trait\u00e9 de Moscou (aussi appel\u00e9 trait\u00e9 \u00abdeux plus quatre\u00bb), qui a ouvert la voie \u00e0 la r\u00e9unification du pays en 1990 et engage explicitement l\u2019Allemagne \u00e0 respecter une politique de d\u00e9fense non-nucl\u00e9aire.<\/p>\n<p>                                            \u00abNi missiles ni ogives\u00bb<\/p>\n<p class=\"fig-paragraph\">Dans ce cadre juridique, tout transfert ou mise \u00e0 disposition d\u2019une arme est rigoureusement impossible. En revanche, la France ou le Royaume-Uni, qui sont les seuls \u00e0 poss\u00e9der l\u2019arme nucl\u00e9aire en Europe, pourraient tout \u00e0 fait, de fa\u00e7on souveraine, se d\u00e9clarer protectrice d\u2019un \u00c9tat voisin. L\u2019interdiction faite \u00e0 l\u2019Allemagne de poss\u00e9der l\u2019arme \u00abne signifie toutefois pas que nous ne pouvons pas discuter avec d\u2019autres pays europ\u00e9ens d\u2019une dissuasion nucl\u00e9aire commune\u00bb, a assur\u00e9 Friedrich Merz. \u00abCes discussions sont en cours. Elles ne sont pas non plus incompatibles avec le partage d\u2019armes nucl\u00e9aires avec les \u00c9tats-Unis\u00bb, a-t-il pr\u00e9cis\u00e9.<\/p>\n<p class=\"fig-paragraph\">Des d\u00e9clarations reprises dans la foul\u00e9e par le pr\u00e9sident de la commission parlementaire de la d\u00e9fense, Thomas Roewekamp, qui appartient comme Merz \u00e0 la CDU, le parti de centre-droit. Faute de pouvoir d\u00e9tenir l\u2019arme en propre, l\u2019Allemagne dispose des capacit\u00e9s techniques n\u00e9cessaires au d\u00e9veloppement d\u2019une arme europ\u00e9enne, a-t-il soulign\u00e9. \u00abNous ne poss\u00e9dons ni missiles ni ogives, mais nous b\u00e9n\u00e9ficions d\u2019un avantage technologique significatif que nous pourrions mettre au service d\u2019une initiative europ\u00e9enne commune\u00bb, a d\u00e9clar\u00e9 Thomas Roewekamp (CDU) \u00e0 la cha\u00eene de t\u00e9l\u00e9vision allemande Welt TV.<\/p>\n<p class=\"fig-paragraph\">En dehors de la France et du Royaume-Uni, les nations europ\u00e9ennes sont tr\u00e8s d\u00e9pendantes des \u00c9tats-Unis en mati\u00e8re de d\u00e9fense nucl\u00e9aire. Plusieurs d\u2019entre elles ont toutefois augment\u00e9 leurs d\u00e9penses militaires depuis l\u2019invasion russe en Ukraine de f\u00e9vrier 2022 et le retour de Donald Trump \u00e0 la Maison-Blanche en janvier 2025. \u00c0 plusieurs reprises, Donald Trump a pr\u00e9venu les Europ\u00e9ens qu\u2019il n\u2019aiderait pas ceux qui n\u2019investiraient pas suffisamment dans leur s\u00e9curit\u00e9.<\/p>\n","protected":false},"excerpt":{"rendered":"Favorable \u00e0 cette proposition, Emmanuel Macron avait annonc\u00e9 en octobre travailler \u00e0 \u00abl\u2019actualisation\u00bb de la doctrine nucl\u00e9aire fran\u00e7aise.&hellip;\n","protected":false},"author":2,"featured_media":699576,"comment_status":"","ping_status":"","sticky":false,"template":"","format":"standard","meta":{"footnotes":""},"categories":[1587],"tags":[20188,11,672,1804,1805,1803,1777,674,27,1801,12,1802,473],"class_list":{"0":"post-699575","1":"post","2":"type-post","3":"status-publish","4":"format-standard","5":"has-post-thumbnail","7":"category-allemagne","8":"tag-accord-nucleaire","9":"tag-actualites","10":"tag-allemagne","11":"tag-bundesrepublik-deutschland","12":"tag-de","13":"tag-deutschland","14":"tag-eu","15":"tag-europe","16":"tag-france","17":"tag-germany","18":"tag-news","19":"tag-republique-federale-dallemagne","20":"tag-royaume-uni"},"share_on_mastodon":{"url":"","error":""},"_links":{"self":[{"href":"https:\/\/www.europesays.com\/fr\/wp-json\/wp\/v2\/posts\/699575","targetHints":{"allow":["GET"]}}],"collection":[{"href":"https:\/\/www.europesays.com\/fr\/wp-json\/wp\/v2\/posts"}],"about":[{"href":"https:\/\/www.europesays.com\/fr\/wp-json\/wp\/v2\/types\/post"}],"author":[{"embeddable":true,"href":"https:\/\/www.europesays.com\/fr\/wp-json\/wp\/v2\/users\/2"}],"replies":[{"embeddable":true,"href":"https:\/\/www.europesays.com\/fr\/wp-json\/wp\/v2\/comments?post=699575"}],"version-history":[{"count":0,"href":"https:\/\/www.europesays.com\/fr\/wp-json\/wp\/v2\/posts\/699575\/revisions"}],"wp:featuredmedia":[{"embeddable":true,"href":"https:\/\/www.europesays.com\/fr\/wp-json\/wp\/v2\/media\/699576"}],"wp:attachment":[{"href":"https:\/\/www.europesays.com\/fr\/wp-json\/wp\/v2\/media?parent=699575"}],"wp:term":[{"taxonomy":"category","embeddable":true,"href":"https:\/\/www.europesays.com\/fr\/wp-json\/wp\/v2\/categories?post=699575"},{"taxonomy":"post_tag","embeddable":true,"href":"https:\/\/www.europesays.com\/fr\/wp-json\/wp\/v2\/tags?post=699575"}],"curies":[{"name":"wp","href":"https:\/\/api.w.org\/{rel}","templated":true}]}}