{"id":699675,"date":"2026-01-30T12:47:11","date_gmt":"2026-01-30T12:47:11","guid":{"rendered":"https:\/\/www.europesays.com\/fr\/699675\/"},"modified":"2026-01-30T12:47:11","modified_gmt":"2026-01-30T12:47:11","slug":"selection-de-projets-a-surveiller-dans-votre-region-ile-de-france-2","status":"publish","type":"post","link":"https:\/\/www.europesays.com\/fr\/699675\/","title":{"rendered":"S\u00e9lection de projets \u00e0 surveiller dans votre r\u00e9gion : Ile-de-France"},"content":{"rendered":"<p>Grand Paris.  Chaque semaine, gr\u00e2ce \u00e0 la veille r\u00e9alis\u00e9e par son partenaire \u00ab Vecteur Plus \u00bb, \u00ab Le Moniteur \u00bb s\u00e9lectionne des projets \u00ab \u00e0 surveiller \u00bb (intentions de ma\u00eetres d&rsquo;ouvrage, actes administratifs, d\u00e9cisions d&rsquo;urbanisme, logements autoris\u00e9s, etc.).<\/p>\n<p>LOGEMENTS<\/p>\n<p class=\"c-paragraph\"><b>A Paris (75),<\/b> GA Immobilier R\u00e9sidentiel va construire une r\u00e9sidence pour \u00e9tudiants de 244 chambres en R + 7 sur quatre niveaux de sous-sol, 57, rue Albert (XIIIe ), apr\u00e8s la d\u00e9molition de la superstructure \u00e0 destination de bureaux.<\/p>\n<p class=\"c-paragraph\"><b>A Igny (91),<\/b> Eiffage Immobilier Ile-de-France projette la r\u00e9alisation de 34 logements sur 2 382 m2 au 10-20, avenue Ir\u00e8ne-et-Fr\u00e9d\u00e9ric-Joliot-Curie (parcelle AH2).<\/p>\n<p class=\"c-paragraph\"><b>A Orsay (91),<\/b> Paris Habitat porte un projet immobilier mixte de 3 500 m2 destin\u00e9 \u00e0 r\u00e9pondre aux besoins de l\u2019universit\u00e9 Paris-Saclay.<\/p>\n<p class=\"c-paragraph\">L\u2019op\u00e9ration pr\u00e9voit la construction de 153 logements pour \u00e9tudiants et chercheurs, un logement de fonction, ainsi qu\u2019un parking souterrain de 37 places, compl\u00e9t\u00e9s par un restaurant universitaire de 1 200 m2 d\u2019une capacit\u00e9 de 750 couverts. L\u2019ensemble est con\u00e7u par l\u2019agence Ateliers O-S Architectes.<\/p>\n<p class=\"c-paragraph\">Sa livraison est envisag\u00e9e en 2027.<\/p>\n<p class=\"c-paragraph\"><b>A Issy-les-Moulineaux (92), <\/b>Seine Ouest Habitat programme la construction de 23 logements sociaux, sur 1 085 m2 , au 24, rue du Docteur-Vuilli\u00e8me.<\/p>\n<p class=\"c-paragraph\">Les entreprises seront consult\u00e9es en juillet.<\/p>\n<p class=\"c-paragraph\">Le co\u00fbt est estim\u00e9 \u00e0 2,9 millions d\u2019euros. L\u2019agence Parages est ma\u00eetre d\u2019\u0153uvre mandataire.<\/p>\n<p class=\"c-paragraph\"><b>A L\u2019Ha\u00ff-les-Roses (94), <\/b>Atland envisage de construire le programme Ha\u00fflios de 146 logements sur 10 474 m2 dans la ZAC Lallier (\u00eelot 2).<\/p>\n<p>EQUIPEMENTS PUBLICS<\/p>\n<p class=\"c-paragraph\"><b>A Versailles (78),<\/b> le centre hospitalier projette la restructuration et l\u2019extension du service des urgences p\u00e9diatriques.<\/p>\n<p class=\"c-paragraph\">Sextant Architecture est ma\u00eetre d\u2019\u0153uvre mandataire.<\/p>\n<p class=\"c-paragraph\"><b>A Bois-d\u2019Arcy (78), <\/b>la commune pr\u00e9voit la r\u00e9novation \u00e9nerg\u00e9tique et l\u2019am\u00e9nagement d\u2019un espace interg\u00e9n\u00e9rationnel.<\/p>\n<p class=\"c-paragraph\">Le montant estimatif des travaux est de 1,2 million d\u2019euros HT. L\u2019agence d\u2019architecture Besson Carrier est ma\u00eetre d\u2019\u0153uvre.<\/p>\n","protected":false},"excerpt":{"rendered":"Grand Paris. Chaque semaine, gr\u00e2ce \u00e0 la veille r\u00e9alis\u00e9e par son partenaire \u00ab Vecteur Plus \u00bb, \u00ab Le&hellip;\n","protected":false},"author":2,"featured_media":667388,"comment_status":"","ping_status":"","sticky":false,"template":"","format":"standard","meta":{"footnotes":"","_share_on_mastodon":"0"},"categories":[1592],"tags":[1111,11,1936,1777,674,1011,27,3314,662,12,626,64967,25,1125,7333,1938],"class_list":["post-699675","post","type-post","status-publish","format-standard","has-post-thumbnail","category-ile-de-france","tag-actu","tag-actualites","tag-essonne","tag-eu","tag-europe","tag-fr","tag-france","tag-hauts-de-seine","tag-ile-de-france","tag-news","tag-paris","tag-projets-a-surveiller","tag-republique-francaise","tag-val-de-marne","tag-vie-du-btp","tag-yvelines"],"share_on_mastodon":{"url":"https:\/\/pubeurope.com\/@fr\/115984128133307586","error":""},"_links":{"self":[{"href":"https:\/\/www.europesays.com\/fr\/wp-json\/wp\/v2\/posts\/699675","targetHints":{"allow":["GET"]}}],"collection":[{"href":"https:\/\/www.europesays.com\/fr\/wp-json\/wp\/v2\/posts"}],"about":[{"href":"https:\/\/www.europesays.com\/fr\/wp-json\/wp\/v2\/types\/post"}],"author":[{"embeddable":true,"href":"https:\/\/www.europesays.com\/fr\/wp-json\/wp\/v2\/users\/2"}],"replies":[{"embeddable":true,"href":"https:\/\/www.europesays.com\/fr\/wp-json\/wp\/v2\/comments?post=699675"}],"version-history":[{"count":0,"href":"https:\/\/www.europesays.com\/fr\/wp-json\/wp\/v2\/posts\/699675\/revisions"}],"wp:featuredmedia":[{"embeddable":true,"href":"https:\/\/www.europesays.com\/fr\/wp-json\/wp\/v2\/media\/667388"}],"wp:attachment":[{"href":"https:\/\/www.europesays.com\/fr\/wp-json\/wp\/v2\/media?parent=699675"}],"wp:term":[{"taxonomy":"category","embeddable":true,"href":"https:\/\/www.europesays.com\/fr\/wp-json\/wp\/v2\/categories?post=699675"},{"taxonomy":"post_tag","embeddable":true,"href":"https:\/\/www.europesays.com\/fr\/wp-json\/wp\/v2\/tags?post=699675"}],"curies":[{"name":"wp","href":"https:\/\/api.w.org\/{rel}","templated":true}]}}