{"id":699819,"date":"2026-01-30T14:14:11","date_gmt":"2026-01-30T14:14:11","guid":{"rendered":"https:\/\/www.europesays.com\/fr\/699819\/"},"modified":"2026-01-30T14:14:11","modified_gmt":"2026-01-30T14:14:11","slug":"le-clin-doeil-de-djokovic-a-alcaraz","status":"publish","type":"post","link":"https:\/\/www.europesays.com\/fr\/699819\/","title":{"rendered":"le clin d\u2019\u0153il de Djokovic \u00e0 Alcaraz"},"content":{"rendered":"<p>\n    Novak Djokovic a appr\u00e9ci\u00e9 le bras de fer entre le n\u00b01 mondial et Alexander Zverev, ce vendredi \u00e0 Melbourne.<\/p>\n<p class=\"fig-paragraph\">Des matchs \u00e9piques, travers\u00e9s de la d\u00e9tresse \u00e0 l\u2019ivresse, bouscul\u00e9s par les renversements de situation, les \u00e9pilogues suffocants, Novak Djokovic en a v\u00e9cu des tas. \u00c0 Melbourne et ailleurs. C\u2019est la raison pour laquelle les f\u00e9licitations du l\u00e9gendaire Serbe, avant d\u2019entrer sur le court pour d\u00e9fier Jannik Sinner pour une place en finale de l\u2019Open d\u2019Australie, avaient, ce vendredi dans les entrailles du court Rod Laver, une tonalit\u00e9 particuli\u00e8re.<\/p>\n<p class=\"fig-paragraph\">Teint\u00e9e du profond respect d\u2019un l\u00e9gendaire marathonien aux nerfs d\u2019acier connaissant la port\u00e9e de l\u2019exploit du num\u00e9ro 1 mondial vainqueur 6-4, 7-6 (7\/5), 6-7 (3\/7), 6-7 (4\/7), 7-5 d\u2019Alexander Zverev en 5h27 et d\u00e9j\u00e0 tourn\u00e9 vers une premi\u00e8re finale \u00e0 Melbourne.<\/p>\n","protected":false},"excerpt":{"rendered":"Novak Djokovic a appr\u00e9ci\u00e9 le bras de fer entre le n\u00b01 mondial et Alexander Zverev, ce vendredi \u00e0&hellip;\n","protected":false},"author":2,"featured_media":699820,"comment_status":"","ping_status":"","sticky":false,"template":"","format":"standard","meta":{"footnotes":"","_share_on_mastodon":"0"},"categories":[1415],"tags":[47,4169,105,2199,1011,27,1114,35225,1960,4175,1980,60,1467,4170],"class_list":["post-699819","post","type-post","status-publish","format-standard","has-post-thumbnail","category-tennis","tag-actualite","tag-atp","tag-djokovic","tag-federer","tag-fr","tag-france","tag-infos","tag-murray","tag-nadal","tag-open-daustralie","tag-resultats","tag-sports","tag-tennis","tag-wta"],"share_on_mastodon":{"url":"https:\/\/pubeurope.com\/@fr\/115984470198986486","error":""},"_links":{"self":[{"href":"https:\/\/www.europesays.com\/fr\/wp-json\/wp\/v2\/posts\/699819","targetHints":{"allow":["GET"]}}],"collection":[{"href":"https:\/\/www.europesays.com\/fr\/wp-json\/wp\/v2\/posts"}],"about":[{"href":"https:\/\/www.europesays.com\/fr\/wp-json\/wp\/v2\/types\/post"}],"author":[{"embeddable":true,"href":"https:\/\/www.europesays.com\/fr\/wp-json\/wp\/v2\/users\/2"}],"replies":[{"embeddable":true,"href":"https:\/\/www.europesays.com\/fr\/wp-json\/wp\/v2\/comments?post=699819"}],"version-history":[{"count":0,"href":"https:\/\/www.europesays.com\/fr\/wp-json\/wp\/v2\/posts\/699819\/revisions"}],"wp:featuredmedia":[{"embeddable":true,"href":"https:\/\/www.europesays.com\/fr\/wp-json\/wp\/v2\/media\/699820"}],"wp:attachment":[{"href":"https:\/\/www.europesays.com\/fr\/wp-json\/wp\/v2\/media?parent=699819"}],"wp:term":[{"taxonomy":"category","embeddable":true,"href":"https:\/\/www.europesays.com\/fr\/wp-json\/wp\/v2\/categories?post=699819"},{"taxonomy":"post_tag","embeddable":true,"href":"https:\/\/www.europesays.com\/fr\/wp-json\/wp\/v2\/tags?post=699819"}],"curies":[{"name":"wp","href":"https:\/\/api.w.org\/{rel}","templated":true}]}}